{"id":59938,"date":"2025-08-19T09:30:42","date_gmt":"2025-08-19T12:30:42","guid":{"rendered":"https:\/\/www.pbagora.com.br\/?p=913083"},"modified":"2025-08-19T11:30:42","modified_gmt":"2025-08-19T14:30:42","slug":"pb-homem-de-21-anos-e-alvo-de-operacao-por-armazenar-arquivos-de-estupro-de-criancas","status":"publish","type":"post","link":"https:\/\/sindaopcpb.org.br\/index.php\/2025\/08\/19\/pb-homem-de-21-anos-e-alvo-de-operacao-por-armazenar-arquivos-de-estupro-de-criancas\/","title":{"rendered":"PB: homem de 21 anos \u00e9 alvo de opera\u00e7\u00e3o por armazenar arquivos de estupro de crian\u00e7as"},"content":{"rendered":"<p><img width=\"800\" height=\"533\" src=\"https:\/\/www.pbagora.com.br\/storage\/2025\/08\/image-51.png\" class=\"attachment-large size-large wp-post-image\" alt=\"\" style=\"margin-bottom: 20px;\" decoding=\"async\" loading=\"lazy\" srcset=\"https:\/\/www.pbagora.com.br\/storage\/2025\/08\/image-51.png 800w, https:\/\/www.pbagora.com.br\/storage\/2025\/08\/image-51-300x200.png 300w, https:\/\/www.pbagora.com.br\/storage\/2025\/08\/image-51-150x100.png 150w, https:\/\/www.pbagora.com.br\/storage\/2025\/08\/image-51-768x512.png 768w, https:\/\/www.pbagora.com.br\/storage\/2025\/08\/image-51-380x253.png 380w, https:\/\/www.pbagora.com.br\/storage\/2025\/08\/image-51-80x53.png 80w, https:\/\/www.pbagora.com.br\/storage\/2025\/08\/image-51-760x506.png 760w, https:\/\/www.pbagora.com.br\/storage\/2025\/08\/image-51-600x400.png 600w\" sizes=\"auto, (max-width: 800px) 100vw, 800px\" \/><\/p>\n<p>A Pol\u00edcia Civil da Para\u00edba cumpriu, na manh\u00e3 desta ter\u00e7a-feira (19), um mandado de busca e apreens\u00e3o contra um jovem de 21 anos suspeito de armazenar e compartilhar arquivos digitais de estupro de crian\u00e7as. A a\u00e7\u00e3o foi realizada na cidade de Caapor\u00e3, no Litoral Sul do estado.<\/p>\n\n\n\n<p>De acordo com as investiga\u00e7\u00f5es, o suspeito participava de grupos em redes sociais que difundiam esse tipo de conte\u00fado criminoso. Na resid\u00eancia dele, os agentes apreenderam dois aparelhos celulares, que passar\u00e3o por per\u00edcia.<\/p>\n\n\n\n<p>O delegado Jo\u00e3o Ricardo, da Delegacia Especializada em Crimes Cibern\u00e9ticos, afirmou que as investiga\u00e7\u00f5es v\u00e3o continuar para identificar poss\u00edveis outros delitos.<\/p>\n\n\n\n<p>O caso segue sob apura\u00e7\u00e3o da Pol\u00edcia Civil.<\/p>\n\n\n\n<p><strong><em>PB Agora<\/em><\/strong><\/p>\n","protected":false},"excerpt":{"rendered":"<p><img loading=\"lazy\" decoding=\"async\" width=\"800\" height=\"533\" src=\"https:\/\/www.pbagora.com.br\/storage\/2025\/08\/image-51.png\" class=\"attachment-large size-large wp-post-image\" alt=\"\" srcset=\"https:\/\/www.pbagora.com.br\/storage\/2025\/08\/image-51.png 800w, https:\/\/www.pbagora.com.br\/storage\/2025\/08\/image-51-300x200.png 300w, https:\/\/www.pbagora.com.br\/storage\/2025\/08\/image-51-150x100.png 150w, https:\/\/www.pbagora.com.br\/storage\/2025\/08\/image-51-768x512.png 768w, https:\/\/www.pbagora.com.br\/storage\/2025\/08\/image-51-380x253.png 380w, https:\/\/www.pbagora.com.br\/storage\/2025\/08\/image-51-80x53.png 80w, https:\/\/www.pbagora.com.br\/storage\/2025\/08\/image-51-760x506.png 760w, https:\/\/www.pbagora.com.br\/storage\/2025\/08\/image-51-600x400.png 600w\" sizes=\"auto, (max-width: 800px) 100vw, 800px\"><\/p>\n<p>A Pol\u00edcia Civil da Para\u00edba cumpriu, na manh\u00e3 desta ter\u00e7a-feira (19), um mandado de busca e apreens\u00e3o contra\u2026<\/p>\n","protected":false},"author":123457,"featured_media":0,"comment_status":"closed","ping_status":"closed","sticky":false,"template":"","format":"standard","meta":{"advgb_blocks_editor_width":"","advgb_blocks_columns_visual_guide":"","footnotes":""},"categories":[34],"tags":[35,10839,10846],"class_list":["post-59938","post","type-post","status-publish","format-standard","hentry","category-g1","tag-g1","tag-policial","tag-rodape-02"],"author_meta":{"display_name":"Reda\u00e7\u00e3o","author_link":"https:\/\/sindaopcpb.org.br\/author\/redacao\/"},"featured_img":null,"coauthors":[],"tax_additional":{"categories":{"linked":["<a href=\"https:\/\/sindaopcpb.org.br\/g1\/\" class=\"advgb-post-tax-term\">G1<\/a>"],"unlinked":["<span class=\"advgb-post-tax-term\">G1<\/span>"]},"tags":{"linked":["<a href=\"https:\/\/sindaopcpb.org.br\/g1\/\" class=\"advgb-post-tax-term\">g1<\/a>","<a href=\"https:\/\/sindaopcpb.org.br\/g1\/\" class=\"advgb-post-tax-term\">Policial<\/a>","<a href=\"https:\/\/sindaopcpb.org.br\/g1\/\" class=\"advgb-post-tax-term\">Rodape 02<\/a>"],"unlinked":["<span class=\"advgb-post-tax-term\">g1<\/span>","<span class=\"advgb-post-tax-term\">Policial<\/span>","<span class=\"advgb-post-tax-term\">Rodape 02<\/span>"]}},"comment_count":"0","relative_dates":{"created":"Publicado 9 meses atr\u00e1s","modified":"Atualizado 9 meses atr\u00e1s"},"absolute_dates":{"created":"Publicado em 19 de agosto de 2025","modified":"Atualizado em 19 de agosto de 2025"},"absolute_dates_time":{"created":"Publicado em 19 de agosto de 2025 09:30","modified":"Atualizado em 19 de agosto de 2025 11:30"},"featured_img_caption":"","series_order":"","_links":{"self":[{"href":"https:\/\/sindaopcpb.org.br\/index.php\/wp-json\/wp\/v2\/posts\/59938","targetHints":{"allow":["GET"]}}],"collection":[{"href":"https:\/\/sindaopcpb.org.br\/index.php\/wp-json\/wp\/v2\/posts"}],"about":[{"href":"https:\/\/sindaopcpb.org.br\/index.php\/wp-json\/wp\/v2\/types\/post"}],"author":[{"embeddable":true,"href":"https:\/\/sindaopcpb.org.br\/index.php\/wp-json\/wp\/v2\/users\/123457"}],"replies":[{"embeddable":true,"href":"https:\/\/sindaopcpb.org.br\/index.php\/wp-json\/wp\/v2\/comments?post=59938"}],"version-history":[{"count":3,"href":"https:\/\/sindaopcpb.org.br\/index.php\/wp-json\/wp\/v2\/posts\/59938\/revisions"}],"predecessor-version":[{"id":59952,"href":"https:\/\/sindaopcpb.org.br\/index.php\/wp-json\/wp\/v2\/posts\/59938\/revisions\/59952"}],"wp:attachment":[{"href":"https:\/\/sindaopcpb.org.br\/index.php\/wp-json\/wp\/v2\/media?parent=59938"}],"wp:term":[{"taxonomy":"category","embeddable":true,"href":"https:\/\/sindaopcpb.org.br\/index.php\/wp-json\/wp\/v2\/categories?post=59938"},{"taxonomy":"post_tag","embeddable":true,"href":"https:\/\/sindaopcpb.org.br\/index.php\/wp-json\/wp\/v2\/tags?post=59938"}],"curies":[{"name":"wp","href":"https:\/\/api.w.org\/{rel}","templated":true}]}}