{"id":59836,"date":"2025-08-16T09:25:44","date_gmt":"2025-08-16T12:25:44","guid":{"rendered":"https:\/\/www.pbagora.com.br\/?p=912740"},"modified":"2025-08-16T18:35:44","modified_gmt":"2025-08-16T21:35:44","slug":"motorista-perde-controle-da-direcao-e-derruba-poste-na-avenida-pedro-ii-em-joao-pessoa","status":"publish","type":"post","link":"https:\/\/sindaopcpb.org.br\/index.php\/2025\/08\/16\/motorista-perde-controle-da-direcao-e-derruba-poste-na-avenida-pedro-ii-em-joao-pessoa\/","title":{"rendered":"Motorista perde controle da dire\u00e7\u00e3o e derruba poste em Jo\u00e3o Pessoa"},"content":{"rendered":"<p><img width=\"431\" height=\"436\" src=\"https:\/\/www.pbagora.com.br\/storage\/2025\/08\/Acidente-Pedro-II.jpg\" class=\"attachment-large size-large wp-post-image\" alt=\"\" style=\"margin-bottom: 20px;\" decoding=\"async\" srcset=\"https:\/\/www.pbagora.com.br\/storage\/2025\/08\/Acidente-Pedro-II.jpg 431w, https:\/\/www.pbagora.com.br\/storage\/2025\/08\/Acidente-Pedro-II-297x300.jpg 297w, https:\/\/www.pbagora.com.br\/storage\/2025\/08\/Acidente-Pedro-II-148x150.jpg 148w, https:\/\/www.pbagora.com.br\/storage\/2025\/08\/Acidente-Pedro-II-80x80.jpg 80w, https:\/\/www.pbagora.com.br\/storage\/2025\/08\/Acidente-Pedro-II-110x110.jpg 110w, https:\/\/www.pbagora.com.br\/storage\/2025\/08\/Acidente-Pedro-II-380x384.jpg 380w\" sizes=\"(max-width: 431px) 100vw, 431px\" \/><\/p>\n<p>Um motorista perdeu o controle da dire\u00e7\u00e3o na manh\u00e3 deste s\u00e1bado (16), e colidiu com um poste na Avenida Pedro II em Jo\u00e3o Pessoa, no sentido UFPB. De acordo com as primeiras informa\u00e7\u00f5es, o condutor estava transitando no sentido contr\u00e1rio da via, acabou atravessando o canteiro central da via e batendo na estrutura.<\/p>\n\n\n\n<p>A v\u00edtima n\u00e3o teve a identidade divulgada e foi socorrida por uma equipe do SAMU. At\u00e9 o momento o estado de sa\u00fade n\u00e3o foi divulgado.<\/p>\n\n\n\n<p>Agentes da Superintend\u00eancia Executiva de Mobilidade Urbana de Jo\u00e3o Pessoa est\u00e3o no local para organizar o fluxo de ve\u00edculos, que segue bastante lento. Motoristas devem redobrar a aten\u00e7\u00e3o e, se poss\u00edvel, optar por rotas alternativas.<\/p>\n\n\n\n<p><strong><em>PB Agora<\/em><\/strong><\/p>\n","protected":false},"excerpt":{"rendered":"<p><img loading=\"lazy\" decoding=\"async\" width=\"431\" height=\"436\" src=\"https:\/\/www.pbagora.com.br\/storage\/2025\/08\/Acidente-Pedro-II.jpg\" class=\"attachment-large size-large wp-post-image\" alt=\"\" srcset=\"https:\/\/www.pbagora.com.br\/storage\/2025\/08\/Acidente-Pedro-II.jpg 431w, https:\/\/www.pbagora.com.br\/storage\/2025\/08\/Acidente-Pedro-II-297x300.jpg 297w, https:\/\/www.pbagora.com.br\/storage\/2025\/08\/Acidente-Pedro-II-148x150.jpg 148w, https:\/\/www.pbagora.com.br\/storage\/2025\/08\/Acidente-Pedro-II-80x80.jpg 80w, https:\/\/www.pbagora.com.br\/storage\/2025\/08\/Acidente-Pedro-II-110x110.jpg 110w, https:\/\/www.pbagora.com.br\/storage\/2025\/08\/Acidente-Pedro-II-380x384.jpg 380w\" sizes=\"auto, (max-width: 431px) 100vw, 431px\"><\/p>\n<p>Um motorista perdeu o controle da dire\u00e7\u00e3o na manh\u00e3 deste s\u00e1bado (16), e colidiu com um poste na\u2026<\/p>\n","protected":false},"author":123457,"featured_media":0,"comment_status":"closed","ping_status":"closed","sticky":false,"template":"","format":"standard","meta":{"advgb_blocks_editor_width":"","advgb_blocks_columns_visual_guide":"","footnotes":""},"categories":[34],"tags":[10840,35,10839],"class_list":["post-59836","post","type-post","status-publish","format-standard","hentry","category-g1","tag-destaque-centro-03","tag-g1","tag-policial"],"author_meta":{"display_name":"Reda\u00e7\u00e3o","author_link":"https:\/\/sindaopcpb.org.br\/author\/redacao\/"},"featured_img":null,"coauthors":[],"tax_additional":{"categories":{"linked":["<a href=\"https:\/\/sindaopcpb.org.br\/g1\/\" class=\"advgb-post-tax-term\">G1<\/a>"],"unlinked":["<span class=\"advgb-post-tax-term\">G1<\/span>"]},"tags":{"linked":["<a href=\"https:\/\/sindaopcpb.org.br\/g1\/\" class=\"advgb-post-tax-term\">Destaque Centro 03<\/a>","<a href=\"https:\/\/sindaopcpb.org.br\/g1\/\" class=\"advgb-post-tax-term\">g1<\/a>","<a href=\"https:\/\/sindaopcpb.org.br\/g1\/\" class=\"advgb-post-tax-term\">Policial<\/a>"],"unlinked":["<span class=\"advgb-post-tax-term\">Destaque Centro 03<\/span>","<span class=\"advgb-post-tax-term\">g1<\/span>","<span class=\"advgb-post-tax-term\">Policial<\/span>"]}},"comment_count":"0","relative_dates":{"created":"Publicado 9 meses atr\u00e1s","modified":"Atualizado 9 meses atr\u00e1s"},"absolute_dates":{"created":"Publicado em 16 de agosto de 2025","modified":"Atualizado em 16 de agosto de 2025"},"absolute_dates_time":{"created":"Publicado em 16 de agosto de 2025 09:25","modified":"Atualizado em 16 de agosto de 2025 18:35"},"featured_img_caption":"","series_order":"","_links":{"self":[{"href":"https:\/\/sindaopcpb.org.br\/index.php\/wp-json\/wp\/v2\/posts\/59836","targetHints":{"allow":["GET"]}}],"collection":[{"href":"https:\/\/sindaopcpb.org.br\/index.php\/wp-json\/wp\/v2\/posts"}],"about":[{"href":"https:\/\/sindaopcpb.org.br\/index.php\/wp-json\/wp\/v2\/types\/post"}],"author":[{"embeddable":true,"href":"https:\/\/sindaopcpb.org.br\/index.php\/wp-json\/wp\/v2\/users\/123457"}],"replies":[{"embeddable":true,"href":"https:\/\/sindaopcpb.org.br\/index.php\/wp-json\/wp\/v2\/comments?post=59836"}],"version-history":[{"count":3,"href":"https:\/\/sindaopcpb.org.br\/index.php\/wp-json\/wp\/v2\/posts\/59836\/revisions"}],"predecessor-version":[{"id":59847,"href":"https:\/\/sindaopcpb.org.br\/index.php\/wp-json\/wp\/v2\/posts\/59836\/revisions\/59847"}],"wp:attachment":[{"href":"https:\/\/sindaopcpb.org.br\/index.php\/wp-json\/wp\/v2\/media?parent=59836"}],"wp:term":[{"taxonomy":"category","embeddable":true,"href":"https:\/\/sindaopcpb.org.br\/index.php\/wp-json\/wp\/v2\/categories?post=59836"},{"taxonomy":"post_tag","embeddable":true,"href":"https:\/\/sindaopcpb.org.br\/index.php\/wp-json\/wp\/v2\/tags?post=59836"}],"curies":[{"name":"wp","href":"https:\/\/api.w.org\/{rel}","templated":true}]}}