{"id":59823,"date":"2025-08-15T13:00:51","date_gmt":"2025-08-15T16:00:51","guid":{"rendered":"https:\/\/www.pbagora.com.br\/?p=912636"},"modified":"2025-08-15T13:00:51","modified_gmt":"2025-08-15T16:00:51","slug":"influenciador-hytalo-santos-e-marido-vao-ficar-presos-em-presidio-comum-apos-prisao-em-sao-paulo","status":"publish","type":"post","link":"https:\/\/sindaopcpb.org.br\/index.php\/2025\/08\/15\/influenciador-hytalo-santos-e-marido-vao-ficar-presos-em-presidio-comum-apos-prisao-em-sao-paulo\/","title":{"rendered":"Influenciador Hytalo Santos e marido v\u00e3o ficar presos em pres\u00eddio comum ap\u00f3s pris\u00e3o em S\u00e3o Paulo"},"content":{"rendered":"<p><img width=\"558\" height=\"339\" src=\"https:\/\/www.pbagora.com.br\/storage\/2025\/08\/Captura-de-tela-2025-08-15-125023.png\" class=\"attachment-large size-large wp-post-image\" alt=\"\" style=\"margin-bottom: 20px;\" decoding=\"async\" srcset=\"https:\/\/www.pbagora.com.br\/storage\/2025\/08\/Captura-de-tela-2025-08-15-125023.png 558w, https:\/\/www.pbagora.com.br\/storage\/2025\/08\/Captura-de-tela-2025-08-15-125023-300x182.png 300w, https:\/\/www.pbagora.com.br\/storage\/2025\/08\/Captura-de-tela-2025-08-15-125023-150x91.png 150w, https:\/\/www.pbagora.com.br\/storage\/2025\/08\/Captura-de-tela-2025-08-15-125023-380x231.png 380w, https:\/\/www.pbagora.com.br\/storage\/2025\/08\/Captura-de-tela-2025-08-15-125023-80x50.png 80w\" sizes=\"(max-width: 558px) 100vw, 558px\" \/><\/p>\n<p>O delegado da Pol\u00edcia Civil de S\u00e3o Paulo, Fernando Davi, confirmou que o influenciador paraibano Hytalo Santos e seu marido permanecer\u00e3o detidos no sistema prisional comum, em car\u00e1ter preventivo, at\u00e9 que a Justi\u00e7a da Para\u00edba decida sobre um poss\u00edvel recambiamento. O casal foi preso nesta quarta-feira (14) em Carapicu\u00edba, na Grande S\u00e3o Paulo, durante opera\u00e7\u00e3o que apura crimes de tr\u00e1fico humano e explora\u00e7\u00e3o sexual infantil.<\/p>\n\n\n\n<p>Segundo o delegado, a pris\u00e3o ocorreu em uma casa de alto padr\u00e3o alugada, onde tamb\u00e9m estavam outras oito pessoas \u2014 todas maiores de idade. No local, a pol\u00edcia apreendeu oito aparelhos celulares (quatro com cada um dos presos) e um ve\u00edculo Land Rover. Todo o material ser\u00e1 enviado \u00e0 Pol\u00edcia Civil da Para\u00edba e ao Gaeco, respeitando a cadeia de cust\u00f3dia.<\/p>\n\n\n\n<p>Os dois passar\u00e3o por exame de corpo de delito no Instituto M\u00e9dico Legal (IML) e por audi\u00eancia de cust\u00f3dia nesta quinta-feira (15). At\u00e9 l\u00e1, ficar\u00e3o na cadeia de tr\u00e2nsito, que integra o sistema prisional comum. Davi acrescentou que havia ind\u00edcios de que o casal j\u00e1 tinha conhecimento dos mandados e tentava deixar a regi\u00e3o, mas n\u00e3o resistiu \u00e0 pris\u00e3o.<\/p>\n\n\n\n<p>A opera\u00e7\u00e3o, que contou com bloqueio de bens, suspens\u00e3o da monetiza\u00e7\u00e3o das redes sociais e apreens\u00e3o de materiais, foi resultado de um trabalho conjunto entre as pol\u00edcias civis de S\u00e3o Paulo e da Para\u00edba, al\u00e9m do Minist\u00e9rio P\u00fablico. \u201cTrata-se de um caso de grande repercuss\u00e3o nacional, que envolve crian\u00e7as e adolescentes, exigindo atua\u00e7\u00e3o integrada e criteriosa\u201d, destacou o delegado.<\/p>\n\n\n\n<p><strong><em>Reda\u00e7\u00e3o<\/em><\/strong><\/p>\n","protected":false},"excerpt":{"rendered":"<p><img loading=\"lazy\" decoding=\"async\" width=\"558\" height=\"339\" src=\"https:\/\/www.pbagora.com.br\/storage\/2025\/08\/Captura-de-tela-2025-08-15-125023.png\" class=\"attachment-large size-large wp-post-image\" alt=\"\" srcset=\"https:\/\/www.pbagora.com.br\/storage\/2025\/08\/Captura-de-tela-2025-08-15-125023.png 558w, https:\/\/www.pbagora.com.br\/storage\/2025\/08\/Captura-de-tela-2025-08-15-125023-300x182.png 300w, https:\/\/www.pbagora.com.br\/storage\/2025\/08\/Captura-de-tela-2025-08-15-125023-150x91.png 150w, https:\/\/www.pbagora.com.br\/storage\/2025\/08\/Captura-de-tela-2025-08-15-125023-380x231.png 380w, https:\/\/www.pbagora.com.br\/storage\/2025\/08\/Captura-de-tela-2025-08-15-125023-80x50.png 80w\" sizes=\"auto, (max-width: 558px) 100vw, 558px\"><\/p>\n<p>O delegado da Pol\u00edcia Civil de S\u00e3o Paulo, Fernando Davi, confirmou que o influenciador paraibano Hytalo Santos e\u2026<\/p>\n","protected":false},"author":123457,"featured_media":0,"comment_status":"closed","ping_status":"closed","sticky":false,"template":"","format":"standard","meta":{"advgb_blocks_editor_width":"","advgb_blocks_columns_visual_guide":"","footnotes":""},"categories":[34],"tags":[35,10839,10844],"class_list":["post-59823","post","type-post","status-publish","format-standard","hentry","category-g1","tag-g1","tag-policial","tag-principal2"],"author_meta":{"display_name":"Reda\u00e7\u00e3o","author_link":"https:\/\/sindaopcpb.org.br\/author\/redacao\/"},"featured_img":null,"coauthors":[],"tax_additional":{"categories":{"linked":["<a href=\"https:\/\/sindaopcpb.org.br\/g1\/\" class=\"advgb-post-tax-term\">G1<\/a>"],"unlinked":["<span class=\"advgb-post-tax-term\">G1<\/span>"]},"tags":{"linked":["<a href=\"https:\/\/sindaopcpb.org.br\/g1\/\" class=\"advgb-post-tax-term\">g1<\/a>","<a href=\"https:\/\/sindaopcpb.org.br\/g1\/\" class=\"advgb-post-tax-term\">Policial<\/a>","<a href=\"https:\/\/sindaopcpb.org.br\/g1\/\" class=\"advgb-post-tax-term\">Principal2<\/a>"],"unlinked":["<span class=\"advgb-post-tax-term\">g1<\/span>","<span class=\"advgb-post-tax-term\">Policial<\/span>","<span class=\"advgb-post-tax-term\">Principal2<\/span>"]}},"comment_count":"0","relative_dates":{"created":"Publicado 9 meses atr\u00e1s","modified":"Atualizado 9 meses atr\u00e1s"},"absolute_dates":{"created":"Publicado em 15 de agosto de 2025","modified":"Atualizado em 15 de agosto de 2025"},"absolute_dates_time":{"created":"Publicado em 15 de agosto de 2025 13:00","modified":"Atualizado em 15 de agosto de 2025 13:00"},"featured_img_caption":"","series_order":"","_links":{"self":[{"href":"https:\/\/sindaopcpb.org.br\/index.php\/wp-json\/wp\/v2\/posts\/59823","targetHints":{"allow":["GET"]}}],"collection":[{"href":"https:\/\/sindaopcpb.org.br\/index.php\/wp-json\/wp\/v2\/posts"}],"about":[{"href":"https:\/\/sindaopcpb.org.br\/index.php\/wp-json\/wp\/v2\/types\/post"}],"author":[{"embeddable":true,"href":"https:\/\/sindaopcpb.org.br\/index.php\/wp-json\/wp\/v2\/users\/123457"}],"replies":[{"embeddable":true,"href":"https:\/\/sindaopcpb.org.br\/index.php\/wp-json\/wp\/v2\/comments?post=59823"}],"version-history":[{"count":3,"href":"https:\/\/sindaopcpb.org.br\/index.php\/wp-json\/wp\/v2\/posts\/59823\/revisions"}],"predecessor-version":[{"id":59831,"href":"https:\/\/sindaopcpb.org.br\/index.php\/wp-json\/wp\/v2\/posts\/59823\/revisions\/59831"}],"wp:attachment":[{"href":"https:\/\/sindaopcpb.org.br\/index.php\/wp-json\/wp\/v2\/media?parent=59823"}],"wp:term":[{"taxonomy":"category","embeddable":true,"href":"https:\/\/sindaopcpb.org.br\/index.php\/wp-json\/wp\/v2\/categories?post=59823"},{"taxonomy":"post_tag","embeddable":true,"href":"https:\/\/sindaopcpb.org.br\/index.php\/wp-json\/wp\/v2\/tags?post=59823"}],"curies":[{"name":"wp","href":"https:\/\/api.w.org\/{rel}","templated":true}]}}