{"id":59820,"date":"2025-08-15T11:40:59","date_gmt":"2025-08-15T14:40:59","guid":{"rendered":"https:\/\/www.pbagora.com.br\/?p=912604"},"modified":"2025-08-15T11:40:59","modified_gmt":"2025-08-15T14:40:59","slug":"em-flagrante-homem-e-preso-logo-apos-cometer-um-homicidio-na-capital","status":"publish","type":"post","link":"https:\/\/sindaopcpb.org.br\/index.php\/2025\/08\/15\/em-flagrante-homem-e-preso-logo-apos-cometer-um-homicidio-na-capital\/","title":{"rendered":"EM FLAGRANTE: homem \u00e9 preso logo ap\u00f3s cometer um homic\u00eddio na Capital"},"content":{"rendered":"<p><img width=\"1024\" height=\"570\" src=\"https:\/\/www.pbagora.com.br\/storage\/2025\/08\/unnamed-1-1024x570.png\" class=\"attachment-large size-large wp-post-image\" alt=\"\" style=\"margin-bottom: 20px;\" decoding=\"async\" loading=\"lazy\" srcset=\"https:\/\/www.pbagora.com.br\/storage\/2025\/08\/unnamed-1-1024x570.png 1024w, https:\/\/www.pbagora.com.br\/storage\/2025\/08\/unnamed-1-300x167.png 300w, https:\/\/www.pbagora.com.br\/storage\/2025\/08\/unnamed-1-150x84.png 150w, https:\/\/www.pbagora.com.br\/storage\/2025\/08\/unnamed-1-768x428.png 768w, https:\/\/www.pbagora.com.br\/storage\/2025\/08\/unnamed-1-380x212.png 380w, https:\/\/www.pbagora.com.br\/storage\/2025\/08\/unnamed-1-800x445.png 800w, https:\/\/www.pbagora.com.br\/storage\/2025\/08\/unnamed-1-1160x646.png 1160w, https:\/\/www.pbagora.com.br\/storage\/2025\/08\/unnamed-1-80x46.png 80w, https:\/\/www.pbagora.com.br\/storage\/2025\/08\/unnamed-1-760x423.png 760w, https:\/\/www.pbagora.com.br\/storage\/2025\/08\/unnamed-1-600x334.png 600w, https:\/\/www.pbagora.com.br\/storage\/2025\/08\/unnamed-1.png 1200w\" sizes=\"auto, (max-width: 1024px) 100vw, 1024px\" \/><\/p>\n<p>Policiais militares do 1\u00ba Batalh\u00e3o de Pol\u00edcia Militar realizaram, nessa quinta-feira (14), a pris\u00e3o de um homem suspeito de cometer homic\u00eddio no Centro da Capital. O suspeito foi identificado e detido ap\u00f3s den\u00fancia que indicou a sua localiza\u00e7\u00e3o.<\/p>\n\n\n\n<p>O homic\u00eddio ocorreu nas imedia\u00e7\u00f5es do Ponto dos Cem R\u00e9is, no Centro de Jo\u00e3o Pessoa, local de grande fluxo comercial. A r\u00e1pida interven\u00e7\u00e3o das equipes policiais do 1\u00ba BPM garantiu o controle da situa\u00e7\u00e3o e evitou mais transtornos.<\/p>\n\n\n\n<p>Ap\u00f3s a pris\u00e3o, o homem foi conduzido \u00e0 Cidade de Pol\u00edcia Civil para os procedimentos legais, juntamente com a arma utilizada no crime, uma pistola 380, com muni\u00e7\u00f5es.<\/p>\n\n\n\n<p><strong><em>PB Agora<\/em><\/strong><\/p>\n\n\n\n<p><\/p>\n","protected":false},"excerpt":{"rendered":"<p><img decoding=\"async\" width=\"1024\" height=\"570\" src=\"https:\/\/www.pbagora.com.br\/storage\/2025\/08\/unnamed-1-1024x570.png\" class=\"attachment-large size-large wp-post-image\" alt=\"\" loading=\"lazy\" srcset=\"https:\/\/www.pbagora.com.br\/storage\/2025\/08\/unnamed-1-1024x570.png 1024w, https:\/\/www.pbagora.com.br\/storage\/2025\/08\/unnamed-1-300x167.png 300w, https:\/\/www.pbagora.com.br\/storage\/2025\/08\/unnamed-1-150x84.png 150w, https:\/\/www.pbagora.com.br\/storage\/2025\/08\/unnamed-1-768x428.png 768w, https:\/\/www.pbagora.com.br\/storage\/2025\/08\/unnamed-1-380x212.png 380w, https:\/\/www.pbagora.com.br\/storage\/2025\/08\/unnamed-1-800x445.png 800w, https:\/\/www.pbagora.com.br\/storage\/2025\/08\/unnamed-1-1160x646.png 1160w, https:\/\/www.pbagora.com.br\/storage\/2025\/08\/unnamed-1-80x46.png 80w, https:\/\/www.pbagora.com.br\/storage\/2025\/08\/unnamed-1-760x423.png 760w, https:\/\/www.pbagora.com.br\/storage\/2025\/08\/unnamed-1-600x334.png 600w, https:\/\/www.pbagora.com.br\/storage\/2025\/08\/unnamed-1.png 1200w\" sizes=\"auto, (max-width: 1024px) 100vw, 1024px\"><\/p>\n<p>Policiais militares do 1\u00ba Batalh\u00e3o de Pol\u00edcia Militar realizaram, nessa quinta-feira (14), a pris\u00e3o de um homem suspeito\u2026<\/p>\n","protected":false},"author":123457,"featured_media":0,"comment_status":"closed","ping_status":"closed","sticky":false,"template":"","format":"standard","meta":{"advgb_blocks_editor_width":"","advgb_blocks_columns_visual_guide":"","footnotes":""},"categories":[34],"tags":[10840,35,10839],"class_list":["post-59820","post","type-post","status-publish","format-standard","hentry","category-g1","tag-destaque-centro-03","tag-g1","tag-policial"],"author_meta":{"display_name":"Reda\u00e7\u00e3o","author_link":"https:\/\/sindaopcpb.org.br\/author\/redacao\/"},"featured_img":null,"coauthors":[],"tax_additional":{"categories":{"linked":["<a href=\"https:\/\/sindaopcpb.org.br\/g1\/\" class=\"advgb-post-tax-term\">G1<\/a>"],"unlinked":["<span class=\"advgb-post-tax-term\">G1<\/span>"]},"tags":{"linked":["<a href=\"https:\/\/sindaopcpb.org.br\/g1\/\" class=\"advgb-post-tax-term\">Destaque Centro 03<\/a>","<a href=\"https:\/\/sindaopcpb.org.br\/g1\/\" class=\"advgb-post-tax-term\">g1<\/a>","<a href=\"https:\/\/sindaopcpb.org.br\/g1\/\" class=\"advgb-post-tax-term\">Policial<\/a>"],"unlinked":["<span class=\"advgb-post-tax-term\">Destaque Centro 03<\/span>","<span class=\"advgb-post-tax-term\">g1<\/span>","<span class=\"advgb-post-tax-term\">Policial<\/span>"]}},"comment_count":"0","relative_dates":{"created":"Publicado 9 meses atr\u00e1s","modified":"Atualizado 9 meses atr\u00e1s"},"absolute_dates":{"created":"Publicado em 15 de agosto de 2025","modified":"Atualizado em 15 de agosto de 2025"},"absolute_dates_time":{"created":"Publicado em 15 de agosto de 2025 11:40","modified":"Atualizado em 15 de agosto de 2025 11:40"},"featured_img_caption":"","series_order":"","_links":{"self":[{"href":"https:\/\/sindaopcpb.org.br\/index.php\/wp-json\/wp\/v2\/posts\/59820","targetHints":{"allow":["GET"]}}],"collection":[{"href":"https:\/\/sindaopcpb.org.br\/index.php\/wp-json\/wp\/v2\/posts"}],"about":[{"href":"https:\/\/sindaopcpb.org.br\/index.php\/wp-json\/wp\/v2\/types\/post"}],"author":[{"embeddable":true,"href":"https:\/\/sindaopcpb.org.br\/index.php\/wp-json\/wp\/v2\/users\/123457"}],"replies":[{"embeddable":true,"href":"https:\/\/sindaopcpb.org.br\/index.php\/wp-json\/wp\/v2\/comments?post=59820"}],"version-history":[{"count":1,"href":"https:\/\/sindaopcpb.org.br\/index.php\/wp-json\/wp\/v2\/posts\/59820\/revisions"}],"predecessor-version":[{"id":59821,"href":"https:\/\/sindaopcpb.org.br\/index.php\/wp-json\/wp\/v2\/posts\/59820\/revisions\/59821"}],"wp:attachment":[{"href":"https:\/\/sindaopcpb.org.br\/index.php\/wp-json\/wp\/v2\/media?parent=59820"}],"wp:term":[{"taxonomy":"category","embeddable":true,"href":"https:\/\/sindaopcpb.org.br\/index.php\/wp-json\/wp\/v2\/categories?post=59820"},{"taxonomy":"post_tag","embeddable":true,"href":"https:\/\/sindaopcpb.org.br\/index.php\/wp-json\/wp\/v2\/tags?post=59820"}],"curies":[{"name":"wp","href":"https:\/\/api.w.org\/{rel}","templated":true}]}}