{"id":59796,"date":"2025-08-14T16:00:49","date_gmt":"2025-08-14T19:00:49","guid":{"rendered":"https:\/\/www.pbagora.com.br\/?p=912357"},"modified":"2025-08-14T16:00:49","modified_gmt":"2025-08-14T19:00:49","slug":"fernando-cunha-lima-perde-registro-apos-condenacao-estupro-de-vulneravel-contra-criancas","status":"publish","type":"post","link":"https:\/\/sindaopcpb.org.br\/index.php\/2025\/08\/14\/fernando-cunha-lima-perde-registro-apos-condenacao-estupro-de-vulneravel-contra-criancas\/","title":{"rendered":"Fernando Cunha Lima perde registro ap\u00f3s condena\u00e7\u00e3o estupro de vulner\u00e1vel contra crian\u00e7as"},"content":{"rendered":"<p><img width=\"984\" height=\"553\" src=\"https:\/\/www.pbagora.com.br\/storage\/2025\/08\/FER.webp\" class=\"attachment-large size-large wp-post-image\" alt=\"\" style=\"margin-bottom: 20px;\" decoding=\"async\" loading=\"lazy\" srcset=\"https:\/\/www.pbagora.com.br\/storage\/2025\/08\/FER.webp 984w, https:\/\/www.pbagora.com.br\/storage\/2025\/08\/FER-300x169.webp 300w, https:\/\/www.pbagora.com.br\/storage\/2025\/08\/FER-150x84.webp 150w, https:\/\/www.pbagora.com.br\/storage\/2025\/08\/FER-768x432.webp 768w, https:\/\/www.pbagora.com.br\/storage\/2025\/08\/FER-380x214.webp 380w, https:\/\/www.pbagora.com.br\/storage\/2025\/08\/FER-800x450.webp 800w, https:\/\/www.pbagora.com.br\/storage\/2025\/08\/FER-80x46.webp 80w, https:\/\/www.pbagora.com.br\/storage\/2025\/08\/FER-760x427.webp 760w, https:\/\/www.pbagora.com.br\/storage\/2025\/08\/FER-600x337.webp 600w\" sizes=\"auto, (max-width: 984px) 100vw, 984px\" \/><\/p>\n<p><\/p>\n\n\n\n<p>O&nbsp;Conselho Regional de Medicina da Para\u00edba (CRM-PB)&nbsp;cassou, por unanimidade, o registro do&nbsp;m\u00e9dico pediatra Fernando Paredes Cunha Lima, condenado por&nbsp;estupro de vulner\u00e1vel&nbsp;contra duas crian\u00e7as.<\/p>\n\n\n\n<p>&nbsp;A decis\u00e3o ocorreu na noite de&nbsp;quarta-feira (13), durante audi\u00eancia em Jo\u00e3o Pessoa, da qual o m\u00e9dico participou de&nbsp;cadeira de rodas e com bengala.&nbsp;Apesar disso, a medida&nbsp;ainda cabe recurso&nbsp;e poder\u00e1 ser discutida em inst\u00e2ncias superiores.<\/p>\n\n\n\n<p>Condena\u00e7\u00e3o na Justi\u00e7a<\/p>\n\n\n\n<p>A&nbsp;Justi\u00e7a da Para\u00edba&nbsp;condenou Fernando Cunha Lima a&nbsp;22 anos, cinco meses e dois dias&nbsp;de pris\u00e3o em regime fechado.&nbsp;Al\u00e9m disso, ele deve&nbsp;pagar R$ 100 mil&nbsp;de indeniza\u00e7\u00e3o por danos morais a cada v\u00edtima, totalizando R$ 200 mil.&nbsp;Os valores, por sua vez, ser\u00e3o corrigidos pelo&nbsp;INPC&nbsp;e acrescidos de juros de&nbsp;1% ao m\u00eas&nbsp;desde o crime.&nbsp;Dessa forma, o montante final poder\u00e1 aumentar consideravelmente ao longo do tempo.<\/p>\n\n\n\n<p>O m\u00e9dico est\u00e1 preso na&nbsp;Penitenci\u00e1ria Especial do Valentina, na capital. A senten\u00e7a, assinada pela ju\u00edza&nbsp;Virg\u00ednia Gaud\u00eancio de Novais, considerou&nbsp;a gravidade dos crimes, a vulnerabilidade das v\u00edtimas e o alto grau de dolo do r\u00e9u.&nbsp;Consequentemente, o magistrado entendeu que a puni\u00e7\u00e3o deveria ser rigorosa.<\/p>\n\n\n\n<p>Pris\u00e3o e captura<\/p>\n\n\n\n<p>A&nbsp;C\u00e2mara Criminal do Tribunal de Justi\u00e7a da Para\u00edba&nbsp;determinou a pris\u00e3o preventiva de Cunha Lima em&nbsp;5 de novembro de 2024, ap\u00f3s den\u00fancia do&nbsp;Minist\u00e9rio P\u00fablico da Para\u00edba.&nbsp;Segundo o relator, desembargador&nbsp;Ricardo Vital de Almeida, o m\u00e9dico&nbsp;abusou da confian\u00e7a&nbsp;de pacientes e familiares para cometer os crimes&nbsp;e, portanto, representava risco caso permanecesse em liberdade.&nbsp;Por outro lado, a defesa sustenta que ele \u00e9 inocente.<\/p>\n\n\n\n<p>O pediatra foi&nbsp;capturado em uma praia de Pernambuco&nbsp;em&nbsp;7 de maio&nbsp;e levado para a cidade da Pol\u00edcia Civil, no bairro do Geisel, em Jo\u00e3o Pessoa.&nbsp;Ao ser abordado pela imprensa, ironizou dizendo:&nbsp;\u201cCom as minhas doen\u00e7as eu n\u00e3o vou ficar preso, vou ficar s\u00f3 dois dias e saio\u201d.&nbsp;Enquanto isso, as fam\u00edlias das v\u00edtimas refor\u00e7aram a import\u00e2ncia da pris\u00e3o.<\/p>\n\n\n\n<p>O caso e novas den\u00fancias<\/p>\n\n\n\n<p>As investiga\u00e7\u00f5es come\u00e7aram ap\u00f3s den\u00fancia de estupro contra uma&nbsp;crian\u00e7a de 9 anos&nbsp;durante consulta em&nbsp;25 de julho de 2024.&nbsp;Desde ent\u00e3o, o advogado das v\u00edtimas,&nbsp;Bruno Gir\u00e3o, informou que cerca de&nbsp;20 pessoas&nbsp;procuraram a defesa relatando abusos.&nbsp;No entanto, apenas quatro formalizaram acusa\u00e7\u00f5es \u2014 entre elas,&nbsp;duas sobrinhas&nbsp;do m\u00e9dico e&nbsp;duas m\u00e3es de pacientes.&nbsp;Inclusive, h\u00e1 relatos de que outras v\u00edtimas ainda temem se expor publicamente.<\/p>\n\n\n\n<p><em><strong>Reda\u00e7\u00e3o<\/strong><\/em><\/p>\n","protected":false},"excerpt":{"rendered":"<p><img decoding=\"async\" width=\"984\" height=\"553\" src=\"https:\/\/www.pbagora.com.br\/storage\/2025\/08\/FER.webp\" class=\"attachment-large size-large wp-post-image\" alt=\"\" loading=\"lazy\" srcset=\"https:\/\/www.pbagora.com.br\/storage\/2025\/08\/FER.webp 984w, https:\/\/www.pbagora.com.br\/storage\/2025\/08\/FER-300x169.webp 300w, https:\/\/www.pbagora.com.br\/storage\/2025\/08\/FER-150x84.webp 150w, https:\/\/www.pbagora.com.br\/storage\/2025\/08\/FER-768x432.webp 768w, https:\/\/www.pbagora.com.br\/storage\/2025\/08\/FER-380x214.webp 380w, https:\/\/www.pbagora.com.br\/storage\/2025\/08\/FER-800x450.webp 800w, https:\/\/www.pbagora.com.br\/storage\/2025\/08\/FER-80x46.webp 80w, https:\/\/www.pbagora.com.br\/storage\/2025\/08\/FER-760x427.webp 760w, https:\/\/www.pbagora.com.br\/storage\/2025\/08\/FER-600x337.webp 600w\" sizes=\"auto, (max-width: 984px) 100vw, 984px\"><\/p>\n<p>O\u00a0Conselho Regional de Medicina da Para\u00edba (CRM-PB)\u00a0cassou, por unanimidade, o registro do\u00a0m\u00e9dico pediatra Fernando Paredes Cunha Lima, condenado\u2026<\/p>\n","protected":false},"author":123457,"featured_media":0,"comment_status":"closed","ping_status":"closed","sticky":false,"template":"","format":"standard","meta":{"advgb_blocks_editor_width":"","advgb_blocks_columns_visual_guide":"","footnotes":""},"categories":[34],"tags":[35,10839],"class_list":["post-59796","post","type-post","status-publish","format-standard","hentry","category-g1","tag-g1","tag-policial"],"author_meta":{"display_name":"Reda\u00e7\u00e3o","author_link":"https:\/\/sindaopcpb.org.br\/author\/redacao\/"},"featured_img":null,"coauthors":[],"tax_additional":{"categories":{"linked":["<a href=\"https:\/\/sindaopcpb.org.br\/g1\/\" class=\"advgb-post-tax-term\">G1<\/a>"],"unlinked":["<span class=\"advgb-post-tax-term\">G1<\/span>"]},"tags":{"linked":["<a href=\"https:\/\/sindaopcpb.org.br\/g1\/\" class=\"advgb-post-tax-term\">g1<\/a>","<a href=\"https:\/\/sindaopcpb.org.br\/g1\/\" class=\"advgb-post-tax-term\">Policial<\/a>"],"unlinked":["<span class=\"advgb-post-tax-term\">g1<\/span>","<span class=\"advgb-post-tax-term\">Policial<\/span>"]}},"comment_count":"0","relative_dates":{"created":"Publicado 9 meses atr\u00e1s","modified":"Atualizado 9 meses atr\u00e1s"},"absolute_dates":{"created":"Publicado em 14 de agosto de 2025","modified":"Atualizado em 14 de agosto de 2025"},"absolute_dates_time":{"created":"Publicado em 14 de agosto de 2025 16:00","modified":"Atualizado em 14 de agosto de 2025 16:00"},"featured_img_caption":"","series_order":"","_links":{"self":[{"href":"https:\/\/sindaopcpb.org.br\/index.php\/wp-json\/wp\/v2\/posts\/59796","targetHints":{"allow":["GET"]}}],"collection":[{"href":"https:\/\/sindaopcpb.org.br\/index.php\/wp-json\/wp\/v2\/posts"}],"about":[{"href":"https:\/\/sindaopcpb.org.br\/index.php\/wp-json\/wp\/v2\/types\/post"}],"author":[{"embeddable":true,"href":"https:\/\/sindaopcpb.org.br\/index.php\/wp-json\/wp\/v2\/users\/123457"}],"replies":[{"embeddable":true,"href":"https:\/\/sindaopcpb.org.br\/index.php\/wp-json\/wp\/v2\/comments?post=59796"}],"version-history":[{"count":1,"href":"https:\/\/sindaopcpb.org.br\/index.php\/wp-json\/wp\/v2\/posts\/59796\/revisions"}],"predecessor-version":[{"id":59799,"href":"https:\/\/sindaopcpb.org.br\/index.php\/wp-json\/wp\/v2\/posts\/59796\/revisions\/59799"}],"wp:attachment":[{"href":"https:\/\/sindaopcpb.org.br\/index.php\/wp-json\/wp\/v2\/media?parent=59796"}],"wp:term":[{"taxonomy":"category","embeddable":true,"href":"https:\/\/sindaopcpb.org.br\/index.php\/wp-json\/wp\/v2\/categories?post=59796"},{"taxonomy":"post_tag","embeddable":true,"href":"https:\/\/sindaopcpb.org.br\/index.php\/wp-json\/wp\/v2\/tags?post=59796"}],"curies":[{"name":"wp","href":"https:\/\/api.w.org\/{rel}","templated":true}]}}