{"id":59792,"date":"2025-08-14T18:05:44","date_gmt":"2025-08-14T21:05:44","guid":{"rendered":"https:\/\/www.pbagora.com.br\/?p=912515"},"modified":"2025-08-14T18:05:44","modified_gmt":"2025-08-14T21:05:44","slug":"homem-e-assassinado-a-tiros-no-na-praca-1817-no-centro-de-joao-pessoa","status":"publish","type":"post","link":"https:\/\/sindaopcpb.org.br\/index.php\/2025\/08\/14\/homem-e-assassinado-a-tiros-no-na-praca-1817-no-centro-de-joao-pessoa\/","title":{"rendered":"Homem \u00e9 assassinado a tiros no na Pra\u00e7a 1817, no Centro de Jo\u00e3o Pessoa"},"content":{"rendered":"<p><img width=\"382\" height=\"244\" src=\"https:\/\/www.pbagora.com.br\/storage\/2025\/08\/praca-1817.png\" class=\"attachment-large size-large wp-post-image\" alt=\"\" style=\"margin-bottom: 20px;\" decoding=\"async\" loading=\"lazy\" srcset=\"https:\/\/www.pbagora.com.br\/storage\/2025\/08\/praca-1817.png 382w, https:\/\/www.pbagora.com.br\/storage\/2025\/08\/praca-1817-300x192.png 300w, https:\/\/www.pbagora.com.br\/storage\/2025\/08\/praca-1817-150x96.png 150w, https:\/\/www.pbagora.com.br\/storage\/2025\/08\/praca-1817-380x243.png 380w, https:\/\/www.pbagora.com.br\/storage\/2025\/08\/praca-1817-80x50.png 80w\" sizes=\"auto, (max-width: 382px) 100vw, 382px\" \/><\/p>\n<p>Na tarde desta quinta-feira (14), um homem foi assassinado a tiros na pra\u00e7a 1817, no centro de Jo\u00e3o Pessoa. O suspeito estava em uma moto e foi preso logo em seguida.<\/p>\n\n\n\n<p>Segundo informa\u00e7\u00f5es repassadas \u00e0 pol\u00edcia por testemunhas, a v\u00edtima estava sentada em uma moto quando o suspeito se aproximou e efetuou v\u00e1rios disparos. Devido \u00e0 gravidade dos ferimentos, o homem morreu antes mesmo da chegada do socorro m\u00e9dico.<\/p>\n\n\n\n<p>Ap\u00f3s o crime, o autor dos disparos tentou fugir do local, mas foi alcan\u00e7ado por policiais que estavam na \u00e1rea e preso em flagrante.<\/p>\n\n\n\n<p>A pol\u00edcia ainda investiga o que teria motivado o crime. O nome da v\u00edtima n\u00e3o foi divulgado.<\/p>\n\n\n\n<p><strong><em>PB Agora<\/em><\/strong><\/p>\n","protected":false},"excerpt":{"rendered":"<p><img loading=\"lazy\" decoding=\"async\" width=\"382\" height=\"244\" src=\"https:\/\/www.pbagora.com.br\/storage\/2025\/08\/praca-1817.png\" class=\"attachment-large size-large wp-post-image\" alt=\"\" srcset=\"https:\/\/www.pbagora.com.br\/storage\/2025\/08\/praca-1817.png 382w, https:\/\/www.pbagora.com.br\/storage\/2025\/08\/praca-1817-300x192.png 300w, https:\/\/www.pbagora.com.br\/storage\/2025\/08\/praca-1817-150x96.png 150w, https:\/\/www.pbagora.com.br\/storage\/2025\/08\/praca-1817-380x243.png 380w, https:\/\/www.pbagora.com.br\/storage\/2025\/08\/praca-1817-80x50.png 80w\" sizes=\"auto, (max-width: 382px) 100vw, 382px\"><\/p>\n<p>Na tarde desta quinta-feira (14), um homem foi assassinado a tiros na pra\u00e7a 1817, no centro de Jo\u00e3o\u2026<\/p>\n","protected":false},"author":123457,"featured_media":0,"comment_status":"closed","ping_status":"closed","sticky":false,"template":"","format":"standard","meta":{"advgb_blocks_editor_width":"","advgb_blocks_columns_visual_guide":"","footnotes":""},"categories":[34],"tags":[10841,35,10839],"class_list":["post-59792","post","type-post","status-publish","format-standard","hentry","category-g1","tag-destaque-centro-02","tag-g1","tag-policial"],"author_meta":{"display_name":"Reda\u00e7\u00e3o","author_link":"https:\/\/sindaopcpb.org.br\/author\/redacao\/"},"featured_img":null,"coauthors":[],"tax_additional":{"categories":{"linked":["<a href=\"https:\/\/sindaopcpb.org.br\/g1\/\" class=\"advgb-post-tax-term\">G1<\/a>"],"unlinked":["<span class=\"advgb-post-tax-term\">G1<\/span>"]},"tags":{"linked":["<a href=\"https:\/\/sindaopcpb.org.br\/g1\/\" class=\"advgb-post-tax-term\">Destaque Centro 02<\/a>","<a href=\"https:\/\/sindaopcpb.org.br\/g1\/\" class=\"advgb-post-tax-term\">g1<\/a>","<a href=\"https:\/\/sindaopcpb.org.br\/g1\/\" class=\"advgb-post-tax-term\">Policial<\/a>"],"unlinked":["<span class=\"advgb-post-tax-term\">Destaque Centro 02<\/span>","<span class=\"advgb-post-tax-term\">g1<\/span>","<span class=\"advgb-post-tax-term\">Policial<\/span>"]}},"comment_count":"0","relative_dates":{"created":"Publicado 9 meses atr\u00e1s","modified":"Atualizado 9 meses atr\u00e1s"},"absolute_dates":{"created":"Publicado em 14 de agosto de 2025","modified":"Atualizado em 14 de agosto de 2025"},"absolute_dates_time":{"created":"Publicado em 14 de agosto de 2025 18:05","modified":"Atualizado em 14 de agosto de 2025 18:05"},"featured_img_caption":"","series_order":"","_links":{"self":[{"href":"https:\/\/sindaopcpb.org.br\/index.php\/wp-json\/wp\/v2\/posts\/59792","targetHints":{"allow":["GET"]}}],"collection":[{"href":"https:\/\/sindaopcpb.org.br\/index.php\/wp-json\/wp\/v2\/posts"}],"about":[{"href":"https:\/\/sindaopcpb.org.br\/index.php\/wp-json\/wp\/v2\/types\/post"}],"author":[{"embeddable":true,"href":"https:\/\/sindaopcpb.org.br\/index.php\/wp-json\/wp\/v2\/users\/123457"}],"replies":[{"embeddable":true,"href":"https:\/\/sindaopcpb.org.br\/index.php\/wp-json\/wp\/v2\/comments?post=59792"}],"version-history":[{"count":4,"href":"https:\/\/sindaopcpb.org.br\/index.php\/wp-json\/wp\/v2\/posts\/59792\/revisions"}],"predecessor-version":[{"id":59804,"href":"https:\/\/sindaopcpb.org.br\/index.php\/wp-json\/wp\/v2\/posts\/59792\/revisions\/59804"}],"wp:attachment":[{"href":"https:\/\/sindaopcpb.org.br\/index.php\/wp-json\/wp\/v2\/media?parent=59792"}],"wp:term":[{"taxonomy":"category","embeddable":true,"href":"https:\/\/sindaopcpb.org.br\/index.php\/wp-json\/wp\/v2\/categories?post=59792"},{"taxonomy":"post_tag","embeddable":true,"href":"https:\/\/sindaopcpb.org.br\/index.php\/wp-json\/wp\/v2\/tags?post=59792"}],"curies":[{"name":"wp","href":"https:\/\/api.w.org\/{rel}","templated":true}]}}