{"id":59789,"date":"2025-08-14T18:10:56","date_gmt":"2025-08-14T21:10:56","guid":{"rendered":"https:\/\/www.pbagora.com.br\/?p=912529"},"modified":"2025-08-14T18:10:56","modified_gmt":"2025-08-14T21:10:56","slug":"em-sao-bento-policia-civil-prende-investigado-por-assassinato-de-adolescente","status":"publish","type":"post","link":"https:\/\/sindaopcpb.org.br\/index.php\/2025\/08\/14\/em-sao-bento-policia-civil-prende-investigado-por-assassinato-de-adolescente\/","title":{"rendered":"Em S\u00e3o Bento: Pol\u00edcia Civil prende investigado por assassinato de adolescente"},"content":{"rendered":"<p><img width=\"876\" height=\"585\" src=\"https:\/\/www.pbagora.com.br\/storage\/2023\/04\/algemado.jpg\" class=\"attachment-large size-large wp-post-image\" alt=\"\" style=\"margin-bottom: 20px;\" decoding=\"async\" srcset=\"https:\/\/www.pbagora.com.br\/storage\/2023\/04\/algemado.jpg 876w, https:\/\/www.pbagora.com.br\/storage\/2023\/04\/algemado-300x200.jpg 300w, https:\/\/www.pbagora.com.br\/storage\/2023\/04\/algemado-150x100.jpg 150w, https:\/\/www.pbagora.com.br\/storage\/2023\/04\/algemado-768x513.jpg 768w, https:\/\/www.pbagora.com.br\/storage\/2023\/04\/algemado-380x254.jpg 380w, https:\/\/www.pbagora.com.br\/storage\/2023\/04\/algemado-800x534.jpg 800w, https:\/\/www.pbagora.com.br\/storage\/2023\/04\/algemado-80x53.jpg 80w, https:\/\/www.pbagora.com.br\/storage\/2023\/04\/algemado-760x508.jpg 760w, https:\/\/www.pbagora.com.br\/storage\/2023\/04\/algemado-600x401.jpg 600w\" sizes=\"(max-width: 876px) 100vw, 876px\" \/><\/p>\n<p>A Pol\u00edcia Civil da Para\u00edba prendeu nessa quarta-feira, 13 de agosto, um dos homens suspeitos de matar a adolescente Kaliny Belarmino de Moraes, 17 anos, assassinada a tiros no dia 17 de maio deste ano, no munic\u00edpio de S\u00e3o Bento, sert\u00e3o paraibano. A pris\u00e3o foi realizada por equipes da delegacia da cidade e do Grupo T\u00e1tico Especial (GTE).<\/p>\n\n\n\n<p>O homem preso \u00e9 suspeito de integrar uma fac\u00e7\u00e3o criminosa que atua na regi\u00e3o. H\u00e1 ind\u00edcios de que a jovem foi morta a mando desse grupo criminoso. O outro envolvido no crime continua sendo investigado pela Pol\u00edcia Civil.<\/p>\n\n\n\n<p><strong>O crime<\/strong><\/p>\n\n\n\n<p>De acordo com as investiga\u00e7\u00f5es, Kaliny era namorada de Higo da Silva Maia, 27 anos, envolvido com fac\u00e7\u00e3o criminosa no Rio Grande do Norte. Higo morreu em confronto com a pol\u00edcia e, horas depois, Kaliny foi assassinada dentro de sua casa, por dois homens que invadiram a resid\u00eancia.<\/p>\n\n\n\n<p><strong>Tr\u00e1fico de drogas<\/strong><\/p>\n\n\n\n<p>Nesta quinta-feira, 14 de agosto, a Pol\u00edcia Civil cumpriu mandados de busca e apreens\u00e3o no im\u00f3vel onde os investigados pela morte de Kaliny se esconderam ap\u00f3s o crime. No local, os policiais encontraram materiais utilizados no tr\u00e1fico de drogas.<\/p>\n\n\n\n<p><\/p>\n\n\n\n<p><strong><em>Ascom \/ PMPB<\/em><\/strong><\/p>\n","protected":false},"excerpt":{"rendered":"<p><img loading=\"lazy\" decoding=\"async\" width=\"876\" height=\"585\" src=\"https:\/\/www.pbagora.com.br\/storage\/2023\/04\/algemado.jpg\" class=\"attachment-large size-large wp-post-image\" alt=\"\" srcset=\"https:\/\/www.pbagora.com.br\/storage\/2023\/04\/algemado.jpg 876w, https:\/\/www.pbagora.com.br\/storage\/2023\/04\/algemado-300x200.jpg 300w, https:\/\/www.pbagora.com.br\/storage\/2023\/04\/algemado-150x100.jpg 150w, https:\/\/www.pbagora.com.br\/storage\/2023\/04\/algemado-768x513.jpg 768w, https:\/\/www.pbagora.com.br\/storage\/2023\/04\/algemado-380x254.jpg 380w, https:\/\/www.pbagora.com.br\/storage\/2023\/04\/algemado-800x534.jpg 800w, https:\/\/www.pbagora.com.br\/storage\/2023\/04\/algemado-80x53.jpg 80w, https:\/\/www.pbagora.com.br\/storage\/2023\/04\/algemado-760x508.jpg 760w, https:\/\/www.pbagora.com.br\/storage\/2023\/04\/algemado-600x401.jpg 600w\" sizes=\"auto, (max-width: 876px) 100vw, 876px\"><\/p>\n<p>A Pol\u00edcia Civil da Para\u00edba prendeu nessa quarta-feira, 13 de agosto, um dos homens suspeitos de matar a\u2026<\/p>\n","protected":false},"author":123457,"featured_media":0,"comment_status":"closed","ping_status":"closed","sticky":false,"template":"","format":"standard","meta":{"advgb_blocks_editor_width":"","advgb_blocks_columns_visual_guide":"","footnotes":""},"categories":[34],"tags":[10841,35,10839],"class_list":["post-59789","post","type-post","status-publish","format-standard","hentry","category-g1","tag-destaque-centro-02","tag-g1","tag-policial"],"author_meta":{"display_name":"Reda\u00e7\u00e3o","author_link":"https:\/\/sindaopcpb.org.br\/author\/redacao\/"},"featured_img":null,"coauthors":[],"tax_additional":{"categories":{"linked":["<a href=\"https:\/\/sindaopcpb.org.br\/g1\/\" class=\"advgb-post-tax-term\">G1<\/a>"],"unlinked":["<span class=\"advgb-post-tax-term\">G1<\/span>"]},"tags":{"linked":["<a href=\"https:\/\/sindaopcpb.org.br\/g1\/\" class=\"advgb-post-tax-term\">Destaque Centro 02<\/a>","<a href=\"https:\/\/sindaopcpb.org.br\/g1\/\" class=\"advgb-post-tax-term\">g1<\/a>","<a href=\"https:\/\/sindaopcpb.org.br\/g1\/\" class=\"advgb-post-tax-term\">Policial<\/a>"],"unlinked":["<span class=\"advgb-post-tax-term\">Destaque Centro 02<\/span>","<span class=\"advgb-post-tax-term\">g1<\/span>","<span class=\"advgb-post-tax-term\">Policial<\/span>"]}},"comment_count":"0","relative_dates":{"created":"Publicado 9 meses atr\u00e1s","modified":"Atualizado 9 meses atr\u00e1s"},"absolute_dates":{"created":"Publicado em 14 de agosto de 2025","modified":"Atualizado em 14 de agosto de 2025"},"absolute_dates_time":{"created":"Publicado em 14 de agosto de 2025 18:10","modified":"Atualizado em 14 de agosto de 2025 18:10"},"featured_img_caption":"","series_order":"","_links":{"self":[{"href":"https:\/\/sindaopcpb.org.br\/index.php\/wp-json\/wp\/v2\/posts\/59789","targetHints":{"allow":["GET"]}}],"collection":[{"href":"https:\/\/sindaopcpb.org.br\/index.php\/wp-json\/wp\/v2\/posts"}],"about":[{"href":"https:\/\/sindaopcpb.org.br\/index.php\/wp-json\/wp\/v2\/types\/post"}],"author":[{"embeddable":true,"href":"https:\/\/sindaopcpb.org.br\/index.php\/wp-json\/wp\/v2\/users\/123457"}],"replies":[{"embeddable":true,"href":"https:\/\/sindaopcpb.org.br\/index.php\/wp-json\/wp\/v2\/comments?post=59789"}],"version-history":[{"count":1,"href":"https:\/\/sindaopcpb.org.br\/index.php\/wp-json\/wp\/v2\/posts\/59789\/revisions"}],"predecessor-version":[{"id":59791,"href":"https:\/\/sindaopcpb.org.br\/index.php\/wp-json\/wp\/v2\/posts\/59789\/revisions\/59791"}],"wp:attachment":[{"href":"https:\/\/sindaopcpb.org.br\/index.php\/wp-json\/wp\/v2\/media?parent=59789"}],"wp:term":[{"taxonomy":"category","embeddable":true,"href":"https:\/\/sindaopcpb.org.br\/index.php\/wp-json\/wp\/v2\/categories?post=59789"},{"taxonomy":"post_tag","embeddable":true,"href":"https:\/\/sindaopcpb.org.br\/index.php\/wp-json\/wp\/v2\/tags?post=59789"}],"curies":[{"name":"wp","href":"https:\/\/api.w.org\/{rel}","templated":true}]}}