{"id":59763,"date":"2025-08-14T08:45:59","date_gmt":"2025-08-14T11:45:59","guid":{"rendered":"https:\/\/www.pbagora.com.br\/?p=912372"},"modified":"2025-08-14T11:00:59","modified_gmt":"2025-08-14T14:00:59","slug":"apos-repercussao-nacional-hytalo-santos-quebra-silencio-e-nega-acusacoes-de-exploracao-de-menores","status":"publish","type":"post","link":"https:\/\/sindaopcpb.org.br\/index.php\/2025\/08\/14\/apos-repercussao-nacional-hytalo-santos-quebra-silencio-e-nega-acusacoes-de-exploracao-de-menores\/","title":{"rendered":"Ap\u00f3s repercuss\u00e3o nacional, Hytalo Santos quebra sil\u00eancio e nega acusa\u00e7\u00f5es de explora\u00e7\u00e3o de menores"},"content":{"rendered":"<p><img width=\"463\" height=\"386\" src=\"https:\/\/www.pbagora.com.br\/storage\/2024\/12\/HYTALO-SANTOS-1-465x465-1-e1734437957865.jpg\" class=\"attachment-large size-large wp-post-image\" alt=\"\" style=\"margin-bottom: 20px;\" decoding=\"async\" loading=\"lazy\" srcset=\"https:\/\/www.pbagora.com.br\/storage\/2024\/12\/HYTALO-SANTOS-1-465x465-1-e1734437957865.jpg 463w, https:\/\/www.pbagora.com.br\/storage\/2024\/12\/HYTALO-SANTOS-1-465x465-1-e1734437957865-300x250.jpg 300w, https:\/\/www.pbagora.com.br\/storage\/2024\/12\/HYTALO-SANTOS-1-465x465-1-e1734437957865-150x125.jpg 150w, https:\/\/www.pbagora.com.br\/storage\/2024\/12\/HYTALO-SANTOS-1-465x465-1-e1734437957865-380x317.jpg 380w, https:\/\/www.pbagora.com.br\/storage\/2024\/12\/HYTALO-SANTOS-1-465x465-1-e1734437957865-80x67.jpg 80w\" sizes=\"auto, (max-width: 463px) 100vw, 463px\" \/><\/p>\n<p>O influenciador digital Hytalo Santos se manifestou pela primeira vez desde que passou a ser investigado por suposta adultiza\u00e7\u00e3o de menores em v\u00eddeos publicados nas redes sociais. Em nota na manh\u00e3 desta quinta-feira (14), ele afirmou que \u201csempre agiu dentro da lei\u201d e negou qualquer tipo de explora\u00e7\u00e3o de crian\u00e7as ou adolescentes.<\/p>\n\n\n\n<p>O caso ganhou repercuss\u00e3o ap\u00f3s o influenciador Felca publicar um v\u00eddeo com den\u00fancias sobre festas e conte\u00fados envolvendo adolescentes. O material viralizou, gerando ampla repercuss\u00e3o nacional e levando o Minist\u00e9rio P\u00fablico da Para\u00edba a solicitar medidas judiciais.<\/p>\n\n\n\n<p>A Justi\u00e7a determinou a suspens\u00e3o de todos os perfis de Hytalo nas redes sociais, proibiu qualquer contato dele com menores citados nas investiga\u00e7\u00f5es e ordenou a desmonetiza\u00e7\u00e3o de seus conte\u00fados. Dias depois, autorizou mandados de busca e apreens\u00e3o na resid\u00eancia do influenciador.<\/p>\n\n\n\n<p>Segundo as informa\u00e7\u00f5es as investiga\u00e7\u00f5es ocorrem em duas frentes: uma c\u00edvel, conduzida pelo Minist\u00e9rio P\u00fablico, e outra criminal, sob responsabilidade da Pol\u00edcia Civil. Ambas investigam poss\u00edvel viola\u00e7\u00e3o ao Estatuto da Crian\u00e7a e do Adolescente (ECA).<\/p>\n\n\n\n<p>Na nota divulgada nesta quinta-feira, Hytalo refor\u00e7ou que todo o conte\u00fado gravado com menores teria sido feito com autoriza\u00e7\u00e3o legal e acompanhamento dos respons\u00e1veis. Ele tamb\u00e9m negou ter se ocultado ou tentado obstruir as apura\u00e7\u00f5es.<\/p>\n\n\n\n<p>O influenciador classificou as den\u00fancias como \u201cfalsas acusa\u00e7\u00f5es\u201d.<\/p>\n\n\n\n<p>Confira a nota na \u00edntegra:<\/p>\n\n\n\n<p><em>&#8220;Repudio categoricamente qualquer acusa\u00e7\u00e3o de explora\u00e7\u00e3o de menores. Minha trajet\u00f3ria pessoal e profissional sempre foi guiada pelo compromisso inabal\u00e1vel com a prote\u00e7\u00e3o de crian\u00e7as e adolescentes. Esclare\u00e7o que jamais me ocultei ou obstru\u00ed investiga\u00e7\u00f5es. Estou em viagem a S\u00e3o Paulo h\u00e1 mais de um m\u00eas e permane\u00e7o, desde o in\u00edcio, \u00e0 disposi\u00e7\u00e3o das autoridades para todo e qualquer esclarecimento, confiando que a verdade prevalecer\u00e1 sobre qualquer tentativa de distor\u00e7\u00e3o. Reafirmo minha integridade e indigna\u00e7\u00e3o diante de falsas acusa\u00e7\u00f5es. N\u00e3o aceitarei que minha imagem e meu trabalho sejam manchados por narrativas infundadas, e seguirei defendendo, com firmeza, a verdade e os valores que sempre nortearam minha vida. Todos os esclarecimentos necess\u00e1rios \u00e0 Justi\u00e7a ser\u00e3o prestados nos autos do processo.\u201d<\/em><\/p>\n\n\n\n<p><strong>Veja mais:<\/strong><\/p>\n\n\n\n<p><a href=\"https:\/\/www.pbagora.com.br\/noticia\/policial\/juiz-expede-mandado-de-busca-e-apreensao-contra-hytalo-santos-e-suspende-todos-os-perfis-do-influenciador\/\">Juiz expede mandado de busca e apreens\u00e3o contra Hytalo Santos e suspende todos os perfis do influenciador<\/a><\/p>\n\n\n\n<p><a href=\"https:\/\/www.pbagora.com.br\/noticia\/policial\/912351\/\">V\u00cdDEO: Defesa do influencer Hytalo Santos abandona o caso; busca e apreens\u00e3o encontra casa vazia<\/a><\/p>\n\n\n\n<p><strong><em>PB Agora com informa\u00e7\u00f5es da CNN<\/em><\/strong><\/p>\n\n\n\n<p><\/p>\n","protected":false},"excerpt":{"rendered":"<p><img decoding=\"async\" width=\"463\" height=\"386\" src=\"https:\/\/www.pbagora.com.br\/storage\/2024\/12\/HYTALO-SANTOS-1-465x465-1-e1734437957865.jpg\" class=\"attachment-large size-large wp-post-image\" alt=\"\" loading=\"lazy\" srcset=\"https:\/\/www.pbagora.com.br\/storage\/2024\/12\/HYTALO-SANTOS-1-465x465-1-e1734437957865.jpg 463w, https:\/\/www.pbagora.com.br\/storage\/2024\/12\/HYTALO-SANTOS-1-465x465-1-e1734437957865-300x250.jpg 300w, https:\/\/www.pbagora.com.br\/storage\/2024\/12\/HYTALO-SANTOS-1-465x465-1-e1734437957865-150x125.jpg 150w, https:\/\/www.pbagora.com.br\/storage\/2024\/12\/HYTALO-SANTOS-1-465x465-1-e1734437957865-380x317.jpg 380w, https:\/\/www.pbagora.com.br\/storage\/2024\/12\/HYTALO-SANTOS-1-465x465-1-e1734437957865-80x67.jpg 80w\" sizes=\"auto, (max-width: 463px) 100vw, 463px\"><\/p>\n<p>O influenciador digital Hytalo Santos se manifestou pela primeira vez desde que passou a ser investigado por suposta\u2026<\/p>\n","protected":false},"author":123457,"featured_media":0,"comment_status":"closed","ping_status":"closed","sticky":false,"template":"","format":"standard","meta":{"advgb_blocks_editor_width":"","advgb_blocks_columns_visual_guide":"","footnotes":""},"categories":[34],"tags":[10854,35,10839,10849],"class_list":["post-59763","post","type-post","status-publish","format-standard","hentry","category-g1","tag-brasil","tag-g1","tag-policial","tag-principal2-entenda02"],"author_meta":{"display_name":"Reda\u00e7\u00e3o","author_link":"https:\/\/sindaopcpb.org.br\/author\/redacao\/"},"featured_img":null,"coauthors":[],"tax_additional":{"categories":{"linked":["<a href=\"https:\/\/sindaopcpb.org.br\/g1\/\" class=\"advgb-post-tax-term\">G1<\/a>"],"unlinked":["<span class=\"advgb-post-tax-term\">G1<\/span>"]},"tags":{"linked":["<a href=\"https:\/\/sindaopcpb.org.br\/g1\/\" class=\"advgb-post-tax-term\">Brasil<\/a>","<a href=\"https:\/\/sindaopcpb.org.br\/g1\/\" class=\"advgb-post-tax-term\">g1<\/a>","<a href=\"https:\/\/sindaopcpb.org.br\/g1\/\" class=\"advgb-post-tax-term\">Policial<\/a>","<a href=\"https:\/\/sindaopcpb.org.br\/g1\/\" class=\"advgb-post-tax-term\">principal2-entenda02<\/a>"],"unlinked":["<span class=\"advgb-post-tax-term\">Brasil<\/span>","<span class=\"advgb-post-tax-term\">g1<\/span>","<span class=\"advgb-post-tax-term\">Policial<\/span>","<span class=\"advgb-post-tax-term\">principal2-entenda02<\/span>"]}},"comment_count":"0","relative_dates":{"created":"Publicado 9 meses atr\u00e1s","modified":"Atualizado 9 meses atr\u00e1s"},"absolute_dates":{"created":"Publicado em 14 de agosto de 2025","modified":"Atualizado em 14 de agosto de 2025"},"absolute_dates_time":{"created":"Publicado em 14 de agosto de 2025 08:45","modified":"Atualizado em 14 de agosto de 2025 11:00"},"featured_img_caption":"","series_order":"","_links":{"self":[{"href":"https:\/\/sindaopcpb.org.br\/index.php\/wp-json\/wp\/v2\/posts\/59763","targetHints":{"allow":["GET"]}}],"collection":[{"href":"https:\/\/sindaopcpb.org.br\/index.php\/wp-json\/wp\/v2\/posts"}],"about":[{"href":"https:\/\/sindaopcpb.org.br\/index.php\/wp-json\/wp\/v2\/types\/post"}],"author":[{"embeddable":true,"href":"https:\/\/sindaopcpb.org.br\/index.php\/wp-json\/wp\/v2\/users\/123457"}],"replies":[{"embeddable":true,"href":"https:\/\/sindaopcpb.org.br\/index.php\/wp-json\/wp\/v2\/comments?post=59763"}],"version-history":[{"count":3,"href":"https:\/\/sindaopcpb.org.br\/index.php\/wp-json\/wp\/v2\/posts\/59763\/revisions"}],"predecessor-version":[{"id":59774,"href":"https:\/\/sindaopcpb.org.br\/index.php\/wp-json\/wp\/v2\/posts\/59763\/revisions\/59774"}],"wp:attachment":[{"href":"https:\/\/sindaopcpb.org.br\/index.php\/wp-json\/wp\/v2\/media?parent=59763"}],"wp:term":[{"taxonomy":"category","embeddable":true,"href":"https:\/\/sindaopcpb.org.br\/index.php\/wp-json\/wp\/v2\/categories?post=59763"},{"taxonomy":"post_tag","embeddable":true,"href":"https:\/\/sindaopcpb.org.br\/index.php\/wp-json\/wp\/v2\/tags?post=59763"}],"curies":[{"name":"wp","href":"https:\/\/api.w.org\/{rel}","templated":true}]}}