{"id":59671,"date":"2025-08-12T06:30:04","date_gmt":"2025-08-12T09:30:04","guid":{"rendered":"https:\/\/www.pbagora.com.br\/?p=911985"},"modified":"2025-08-12T11:00:04","modified_gmt":"2025-08-12T14:00:04","slug":"pc-prende-suspeito-de-matar-homem-em-conveniencia-na-cidade-de-cajazeiras","status":"publish","type":"post","link":"https:\/\/sindaopcpb.org.br\/index.php\/2025\/08\/12\/pc-prende-suspeito-de-matar-homem-em-conveniencia-na-cidade-de-cajazeiras\/","title":{"rendered":"PC prende suspeito de matar homem em conveni\u00eancia na cidade de Cajazeiras"},"content":{"rendered":"<p><img width=\"768\" height=\"404\" src=\"https:\/\/www.pbagora.com.br\/storage\/2025\/08\/homicidio-cajazeiras-768x404-1.jpeg\" class=\"attachment-large size-large wp-post-image\" alt=\"\" style=\"margin-bottom: 20px;\" decoding=\"async\" loading=\"lazy\" srcset=\"https:\/\/www.pbagora.com.br\/storage\/2025\/08\/homicidio-cajazeiras-768x404-1.jpeg 768w, https:\/\/www.pbagora.com.br\/storage\/2025\/08\/homicidio-cajazeiras-768x404-1-300x158.jpeg 300w, https:\/\/www.pbagora.com.br\/storage\/2025\/08\/homicidio-cajazeiras-768x404-1-150x79.jpeg 150w, https:\/\/www.pbagora.com.br\/storage\/2025\/08\/homicidio-cajazeiras-768x404-1-380x200.jpeg 380w, https:\/\/www.pbagora.com.br\/storage\/2025\/08\/homicidio-cajazeiras-768x404-1-80x42.jpeg 80w, https:\/\/www.pbagora.com.br\/storage\/2025\/08\/homicidio-cajazeiras-768x404-1-760x400.jpeg 760w, https:\/\/www.pbagora.com.br\/storage\/2025\/08\/homicidio-cajazeiras-768x404-1-600x316.jpeg 600w\" sizes=\"auto, (max-width: 768px) 100vw, 768px\" \/><\/p>\n<p><\/p>\n\n\n\n<p>A Pol\u00edcia Civil prendeu ontem (11) o homem acusado de matar um cliente com um tiro na cabe\u00e7a dentro de uma loja de conveni\u00eancia em Cajazeiras, no Sert\u00e3o da Para\u00edba. A captura aconteceu na zona rural de Sousa, tamb\u00e9m no Sert\u00e3o.<\/p>\n\n\n\n<p>Segundo o delegado Paulo de Tarso, respons\u00e1vel pela investiga\u00e7\u00e3o, policiais encontraram o suspeito escondido atr\u00e1s de um arm\u00e1rio na casa de parentes, em um s\u00edtio. Ele estava foragido desde a madrugada da \u00faltima sexta-feira (8), quando cometeu o crime. Conforme o delegado, os familiares o mantinham no local contra a vontade, embora a pol\u00edcia n\u00e3o tenha revelado mais detalhes sobre a ajuda prestada.<\/p>\n\n\n\n<p>Durante o depoimento, o suspeito confessou o homic\u00eddio e afirmou ter jogado fora a arma utilizada. Ele alegou que atirou porque recebia amea\u00e7as da v\u00edtima, apesar de n\u00e3o manterem qualquer rela\u00e7\u00e3o de amizade ou conhecimento pr\u00e9vio.<\/p>\n\n\n\n<p>Entenda o crime \u2013 V\u00eddeo de c\u00e2meras de seguran\u00e7a registraram toda a a\u00e7\u00e3o. As imagens mostram que, antes do disparo, os dois discutiram dentro do estabelecimento. Logo ap\u00f3s o desentendimento, o suspeito deixou o local, foi at\u00e9 o carro, pegou uma arma e voltou para atirar na v\u00edtima. Equipes de socorro levaram o homem baleado ao Hospital Regional de Cajazeiras, mas ele n\u00e3o resistiu aos ferimentos e morreu.<\/p>\n\n\n\n<p><strong><em>Reda\u00e7\u00e3o<\/em><\/strong><\/p>\n\n\n\n<p><em>Receba todas as not\u00edcias do PB Agora direto no WhatsApp. Clique <a href=\"https:\/\/chat.whatsapp.com\/IKxPNLX9PuW8UwO9N1Hufx\"><strong>AQUI<\/strong><\/a> e cadastre-se<\/em>.<\/p>\n","protected":false},"excerpt":{"rendered":"<p><img decoding=\"async\" width=\"768\" height=\"404\" src=\"https:\/\/www.pbagora.com.br\/storage\/2025\/08\/homicidio-cajazeiras-768x404-1.jpeg\" class=\"attachment-large size-large wp-post-image\" alt=\"\" loading=\"lazy\" srcset=\"https:\/\/www.pbagora.com.br\/storage\/2025\/08\/homicidio-cajazeiras-768x404-1.jpeg 768w, https:\/\/www.pbagora.com.br\/storage\/2025\/08\/homicidio-cajazeiras-768x404-1-300x158.jpeg 300w, https:\/\/www.pbagora.com.br\/storage\/2025\/08\/homicidio-cajazeiras-768x404-1-150x79.jpeg 150w, https:\/\/www.pbagora.com.br\/storage\/2025\/08\/homicidio-cajazeiras-768x404-1-380x200.jpeg 380w, https:\/\/www.pbagora.com.br\/storage\/2025\/08\/homicidio-cajazeiras-768x404-1-80x42.jpeg 80w, https:\/\/www.pbagora.com.br\/storage\/2025\/08\/homicidio-cajazeiras-768x404-1-760x400.jpeg 760w, https:\/\/www.pbagora.com.br\/storage\/2025\/08\/homicidio-cajazeiras-768x404-1-600x316.jpeg 600w\" sizes=\"auto, (max-width: 768px) 100vw, 768px\"><\/p>\n<p>A Pol\u00edcia Civil prendeu ontem (11) o homem acusado de matar um cliente com um tiro na cabe\u00e7a\u2026<\/p>\n","protected":false},"author":123457,"featured_media":0,"comment_status":"closed","ping_status":"closed","sticky":false,"template":"","format":"standard","meta":{"advgb_blocks_editor_width":"","advgb_blocks_columns_visual_guide":"","footnotes":""},"categories":[34],"tags":[35,10839,10847],"class_list":["post-59671","post","type-post","status-publish","format-standard","hentry","category-g1","tag-g1","tag-policial","tag-rodape-03"],"author_meta":{"display_name":"Reda\u00e7\u00e3o","author_link":"https:\/\/sindaopcpb.org.br\/author\/redacao\/"},"featured_img":null,"coauthors":[],"tax_additional":{"categories":{"linked":["<a href=\"https:\/\/sindaopcpb.org.br\/g1\/\" class=\"advgb-post-tax-term\">G1<\/a>"],"unlinked":["<span class=\"advgb-post-tax-term\">G1<\/span>"]},"tags":{"linked":["<a href=\"https:\/\/sindaopcpb.org.br\/g1\/\" class=\"advgb-post-tax-term\">g1<\/a>","<a href=\"https:\/\/sindaopcpb.org.br\/g1\/\" class=\"advgb-post-tax-term\">Policial<\/a>","<a href=\"https:\/\/sindaopcpb.org.br\/g1\/\" class=\"advgb-post-tax-term\">Rodape 03<\/a>"],"unlinked":["<span class=\"advgb-post-tax-term\">g1<\/span>","<span class=\"advgb-post-tax-term\">Policial<\/span>","<span class=\"advgb-post-tax-term\">Rodape 03<\/span>"]}},"comment_count":"0","relative_dates":{"created":"Publicado 9 meses atr\u00e1s","modified":"Atualizado 9 meses atr\u00e1s"},"absolute_dates":{"created":"Publicado em 12 de agosto de 2025","modified":"Atualizado em 12 de agosto de 2025"},"absolute_dates_time":{"created":"Publicado em 12 de agosto de 2025 06:30","modified":"Atualizado em 12 de agosto de 2025 11:00"},"featured_img_caption":"","series_order":"","_links":{"self":[{"href":"https:\/\/sindaopcpb.org.br\/index.php\/wp-json\/wp\/v2\/posts\/59671","targetHints":{"allow":["GET"]}}],"collection":[{"href":"https:\/\/sindaopcpb.org.br\/index.php\/wp-json\/wp\/v2\/posts"}],"about":[{"href":"https:\/\/sindaopcpb.org.br\/index.php\/wp-json\/wp\/v2\/types\/post"}],"author":[{"embeddable":true,"href":"https:\/\/sindaopcpb.org.br\/index.php\/wp-json\/wp\/v2\/users\/123457"}],"replies":[{"embeddable":true,"href":"https:\/\/sindaopcpb.org.br\/index.php\/wp-json\/wp\/v2\/comments?post=59671"}],"version-history":[{"count":5,"href":"https:\/\/sindaopcpb.org.br\/index.php\/wp-json\/wp\/v2\/posts\/59671\/revisions"}],"predecessor-version":[{"id":59699,"href":"https:\/\/sindaopcpb.org.br\/index.php\/wp-json\/wp\/v2\/posts\/59671\/revisions\/59699"}],"wp:attachment":[{"href":"https:\/\/sindaopcpb.org.br\/index.php\/wp-json\/wp\/v2\/media?parent=59671"}],"wp:term":[{"taxonomy":"category","embeddable":true,"href":"https:\/\/sindaopcpb.org.br\/index.php\/wp-json\/wp\/v2\/categories?post=59671"},{"taxonomy":"post_tag","embeddable":true,"href":"https:\/\/sindaopcpb.org.br\/index.php\/wp-json\/wp\/v2\/tags?post=59671"}],"curies":[{"name":"wp","href":"https:\/\/api.w.org\/{rel}","templated":true}]}}