{"id":59631,"date":"2025-08-09T19:05:02","date_gmt":"2025-08-09T22:05:02","guid":{"rendered":"https:\/\/www.pbagora.com.br\/?p=911719"},"modified":"2025-08-09T19:05:02","modified_gmt":"2025-08-09T22:05:02","slug":"jovem-e-preso-suspeito-de-assaltar-idoso-e-furtar-igreja-em-santa-luzia","status":"publish","type":"post","link":"https:\/\/sindaopcpb.org.br\/index.php\/2025\/08\/09\/jovem-e-preso-suspeito-de-assaltar-idoso-e-furtar-igreja-em-santa-luzia\/","title":{"rendered":"Jovem \u00e9 preso suspeito de assaltar idoso e furtar igreja em Santa Luzia"},"content":{"rendered":"<p><img width=\"687\" height=\"463\" src=\"https:\/\/www.pbagora.com.br\/storage\/2023\/10\/csm_foto_da_viatura_pmpb_80863bb6aa.webp\" class=\"attachment-large size-large wp-post-image\" alt=\"\" style=\"margin-bottom: 20px;\" decoding=\"async\" srcset=\"https:\/\/www.pbagora.com.br\/storage\/2023\/10\/csm_foto_da_viatura_pmpb_80863bb6aa.webp 687w, https:\/\/www.pbagora.com.br\/storage\/2023\/10\/csm_foto_da_viatura_pmpb_80863bb6aa-300x202.webp 300w, https:\/\/www.pbagora.com.br\/storage\/2023\/10\/csm_foto_da_viatura_pmpb_80863bb6aa-150x101.webp 150w, https:\/\/www.pbagora.com.br\/storage\/2023\/10\/csm_foto_da_viatura_pmpb_80863bb6aa-380x256.webp 380w, https:\/\/www.pbagora.com.br\/storage\/2023\/10\/csm_foto_da_viatura_pmpb_80863bb6aa-80x54.webp 80w, https:\/\/www.pbagora.com.br\/storage\/2023\/10\/csm_foto_da_viatura_pmpb_80863bb6aa-600x404.webp 600w\" sizes=\"(max-width: 687px) 100vw, 687px\" \/><\/p>\n<p>Um jovem de 18 anos foi preso, nessa sexta-feira (08), suspeito de assaltar um idoso e furtar objetos de uma igreja no munic\u00edpio de Santa Luzia, no Sert\u00e3o da Para\u00edba. A pris\u00e3o foi realizada pela Pol\u00edcia Civil, por meio da Delegacia de Santa Luzia, vinculada \u00e0 15\u00aa Delegacia Seccional de Patos, ap\u00f3s cumprimento de mandado expedido pela Justi\u00e7a.<\/p>\n\n\n\n<p>Segundo as investiga\u00e7\u00f5es, o assalto ao idoso de 86 anos ocorreu na segunda-feira (04), por volta das 20h, na casa da v\u00edtima. O suspeito teria invadido a resid\u00eancia, amea\u00e7ado o homem com uma faca e fugido levando um fac\u00e3o e R$ 270 em dinheiro.<\/p>\n\n\n\n<p>O jovem tamb\u00e9m \u00e9 apontado como autor de um furto \u00e0 Igreja da Sagrada Fam\u00edlia, no bairro Frei Dami\u00e3o. O crime foi registrado na madrugada de 27 de julho, quando o templo foi invadido e teve objetos subtra\u00eddos.<\/p>\n\n\n\n<p>A Pol\u00edcia Civil solicitou a pris\u00e3o preventiva, que foi deferida pela Justi\u00e7a. O investigado foi encaminhado \u00e0 Cadeia P\u00fablica de Santa Luzia, onde permanecer\u00e1 \u00e0 disposi\u00e7\u00e3o do Judici\u00e1rio.<\/p>\n\n\n\n<p><strong><em>PB Agora<\/em><\/strong><\/p>\n","protected":false},"excerpt":{"rendered":"<p><img loading=\"lazy\" decoding=\"async\" width=\"687\" height=\"463\" src=\"https:\/\/www.pbagora.com.br\/storage\/2023\/10\/csm_foto_da_viatura_pmpb_80863bb6aa.webp\" class=\"attachment-large size-large wp-post-image\" alt=\"\" srcset=\"https:\/\/www.pbagora.com.br\/storage\/2023\/10\/csm_foto_da_viatura_pmpb_80863bb6aa.webp 687w, https:\/\/www.pbagora.com.br\/storage\/2023\/10\/csm_foto_da_viatura_pmpb_80863bb6aa-300x202.webp 300w, https:\/\/www.pbagora.com.br\/storage\/2023\/10\/csm_foto_da_viatura_pmpb_80863bb6aa-150x101.webp 150w, https:\/\/www.pbagora.com.br\/storage\/2023\/10\/csm_foto_da_viatura_pmpb_80863bb6aa-380x256.webp 380w, https:\/\/www.pbagora.com.br\/storage\/2023\/10\/csm_foto_da_viatura_pmpb_80863bb6aa-80x54.webp 80w, https:\/\/www.pbagora.com.br\/storage\/2023\/10\/csm_foto_da_viatura_pmpb_80863bb6aa-600x404.webp 600w\" sizes=\"auto, (max-width: 687px) 100vw, 687px\"><\/p>\n<p>Um jovem de 18 anos foi preso, nessa sexta-feira (08), suspeito de assaltar um idoso e furtar objetos\u2026<\/p>\n","protected":false},"author":123457,"featured_media":0,"comment_status":"closed","ping_status":"closed","sticky":false,"template":"","format":"standard","meta":{"advgb_blocks_editor_width":"","advgb_blocks_columns_visual_guide":"","footnotes":""},"categories":[34],"tags":[10845,35,10839],"class_list":["post-59631","post","type-post","status-publish","format-standard","hentry","category-g1","tag-destaque-centro-01","tag-g1","tag-policial"],"author_meta":{"display_name":"Reda\u00e7\u00e3o","author_link":"https:\/\/sindaopcpb.org.br\/author\/redacao\/"},"featured_img":null,"coauthors":[],"tax_additional":{"categories":{"linked":["<a href=\"https:\/\/sindaopcpb.org.br\/g1\/\" class=\"advgb-post-tax-term\">G1<\/a>"],"unlinked":["<span class=\"advgb-post-tax-term\">G1<\/span>"]},"tags":{"linked":["<a href=\"https:\/\/sindaopcpb.org.br\/g1\/\" class=\"advgb-post-tax-term\">Destaque Centro 01<\/a>","<a href=\"https:\/\/sindaopcpb.org.br\/g1\/\" class=\"advgb-post-tax-term\">g1<\/a>","<a href=\"https:\/\/sindaopcpb.org.br\/g1\/\" class=\"advgb-post-tax-term\">Policial<\/a>"],"unlinked":["<span class=\"advgb-post-tax-term\">Destaque Centro 01<\/span>","<span class=\"advgb-post-tax-term\">g1<\/span>","<span class=\"advgb-post-tax-term\">Policial<\/span>"]}},"comment_count":"0","relative_dates":{"created":"Publicado 9 meses atr\u00e1s","modified":"Atualizado 9 meses atr\u00e1s"},"absolute_dates":{"created":"Publicado em 9 de agosto de 2025","modified":"Atualizado em 9 de agosto de 2025"},"absolute_dates_time":{"created":"Publicado em 9 de agosto de 2025 19:05","modified":"Atualizado em 9 de agosto de 2025 19:05"},"featured_img_caption":"","series_order":"","_links":{"self":[{"href":"https:\/\/sindaopcpb.org.br\/index.php\/wp-json\/wp\/v2\/posts\/59631","targetHints":{"allow":["GET"]}}],"collection":[{"href":"https:\/\/sindaopcpb.org.br\/index.php\/wp-json\/wp\/v2\/posts"}],"about":[{"href":"https:\/\/sindaopcpb.org.br\/index.php\/wp-json\/wp\/v2\/types\/post"}],"author":[{"embeddable":true,"href":"https:\/\/sindaopcpb.org.br\/index.php\/wp-json\/wp\/v2\/users\/123457"}],"replies":[{"embeddable":true,"href":"https:\/\/sindaopcpb.org.br\/index.php\/wp-json\/wp\/v2\/comments?post=59631"}],"version-history":[{"count":2,"href":"https:\/\/sindaopcpb.org.br\/index.php\/wp-json\/wp\/v2\/posts\/59631\/revisions"}],"predecessor-version":[{"id":59643,"href":"https:\/\/sindaopcpb.org.br\/index.php\/wp-json\/wp\/v2\/posts\/59631\/revisions\/59643"}],"wp:attachment":[{"href":"https:\/\/sindaopcpb.org.br\/index.php\/wp-json\/wp\/v2\/media?parent=59631"}],"wp:term":[{"taxonomy":"category","embeddable":true,"href":"https:\/\/sindaopcpb.org.br\/index.php\/wp-json\/wp\/v2\/categories?post=59631"},{"taxonomy":"post_tag","embeddable":true,"href":"https:\/\/sindaopcpb.org.br\/index.php\/wp-json\/wp\/v2\/tags?post=59631"}],"curies":[{"name":"wp","href":"https:\/\/api.w.org\/{rel}","templated":true}]}}