{"id":59541,"date":"2025-08-05T09:56:01","date_gmt":"2025-08-05T12:56:01","guid":{"rendered":"https:\/\/www.pbagora.com.br\/?p=911131"},"modified":"2025-08-05T09:56:01","modified_gmt":"2025-08-05T12:56:01","slug":"homem-acusado-de-importunacao-sexual-em-clinica-odontologica-e-preso-em-joao-pessoa","status":"publish","type":"post","link":"https:\/\/sindaopcpb.org.br\/index.php\/2025\/08\/05\/homem-acusado-de-importunacao-sexual-em-clinica-odontologica-e-preso-em-joao-pessoa\/","title":{"rendered":"Homem acusado de importuna\u00e7\u00e3o sexual em cl\u00ednica odontol\u00f3gica \u00e9 preso em Jo\u00e3o Pessoa"},"content":{"rendered":"<p><img width=\"984\" height=\"738\" src=\"https:\/\/www.pbagora.com.br\/storage\/2023\/08\/deam-joao-pessoa.webp\" class=\"attachment-large size-large wp-post-image\" alt=\"\" style=\"margin-bottom: 20px;\" decoding=\"async\" srcset=\"https:\/\/www.pbagora.com.br\/storage\/2023\/08\/deam-joao-pessoa.webp 984w, https:\/\/www.pbagora.com.br\/storage\/2023\/08\/deam-joao-pessoa-300x225.webp 300w, https:\/\/www.pbagora.com.br\/storage\/2023\/08\/deam-joao-pessoa-150x113.webp 150w, https:\/\/www.pbagora.com.br\/storage\/2023\/08\/deam-joao-pessoa-768x576.webp 768w, https:\/\/www.pbagora.com.br\/storage\/2023\/08\/deam-joao-pessoa-200x150.webp 200w, https:\/\/www.pbagora.com.br\/storage\/2023\/08\/deam-joao-pessoa-260x195.webp 260w, https:\/\/www.pbagora.com.br\/storage\/2023\/08\/deam-joao-pessoa-380x285.webp 380w, https:\/\/www.pbagora.com.br\/storage\/2023\/08\/deam-joao-pessoa-800x600.webp 800w, https:\/\/www.pbagora.com.br\/storage\/2023\/08\/deam-joao-pessoa-80x60.webp 80w, https:\/\/www.pbagora.com.br\/storage\/2023\/08\/deam-joao-pessoa-600x450.webp 600w, https:\/\/www.pbagora.com.br\/storage\/2023\/08\/deam-joao-pessoa-520x390.webp 520w, https:\/\/www.pbagora.com.br\/storage\/2023\/08\/deam-joao-pessoa-760x570.webp 760w\" sizes=\"(max-width: 984px) 100vw, 984px\" \/><\/p>\n<p>A Pol\u00edcia Civil da Para\u00edba, por meio da Delegacia Especializada de Atendimento \u00e0 Mulher da Zona Norte de Jo\u00e3o Pessoa (DEAM NORTE), prendeu nessa segunda-feira (4), um homem investigado por praticar atos de importuna\u00e7\u00e3o sexual contra duas mulheres durante atendimentos em uma cl\u00ednica odontol\u00f3gica da capital paraibana.<\/p>\n\n\n\n<p>O caso chegou ao conhecimento da unidade no dia 31 de julho de 2025, quando a primeira v\u00edtima compareceu ao plant\u00e3o da DEAM relatando que, ap\u00f3s atend\u00ea-lo profissionalmente na cl\u00ednica, recebeu uma chamada de v\u00eddeo do suspeito. Durante a liga\u00e7\u00e3o, ele passou a se masturbar diante da c\u00e2mera. No dia seguinte (1\u00ba), uma segunda v\u00edtima procurou a delegacia e relatou ter passado por situa\u00e7\u00e3o semelhante: segundo seu depoimento, o homem exp\u00f4s intencionalmente suas partes \u00edntimas durante o atendimento odontol\u00f3gico.<\/p>\n\n\n\n<p>Diante da gravidade dos relatos, a equipe da DEAM NORTE iniciou dilig\u00eancias para identificar e qualificar o suspeito, que havia utilizado dados insuficientes no momento do atendimento. A a\u00e7\u00e3o contou com o apoio da DEAM SUL, DEAM Santa Rita, UNITELPOL e da Coordena\u00e7\u00e3o das DEAMs da Para\u00edba (COORDEAM\/PB), devido \u00e0 complexidade do caso. Ap\u00f3s a identifica\u00e7\u00e3o, as v\u00edtimas realizaram reconhecimento formal por fotografia, confirmando o autor dos crimes.<\/p>\n\n\n\n<p>Com base nos elementos de prova colhidos, e considerando a gravidade dos atos, a Autoridade Policial representou pela pris\u00e3o preventiva do investigado. O pedido foi analisado e deferido pelo plant\u00e3o do Poder Judici\u00e1rio no s\u00e1bado (2). A partir disso, foram iniciadas buscas para localiz\u00e1-lo, e a pris\u00e3o foi efetuada com \u00eaxito na tarde desta segunda-feira.<\/p>\n\n\n\n<p>A Pol\u00edcia Civil da Para\u00edba, por meio da DEAM NORTE, reafirma seu compromisso no enfrentamento \u00e0 viol\u00eancia contra a mulher, atuando com rigor na apura\u00e7\u00e3o dos fatos e na responsabiliza\u00e7\u00e3o dos agressores.<\/p>\n\n\n\n<p><strong><em>Ascom Pol\u00edcia Civil<\/em><\/strong><\/p>\n","protected":false},"excerpt":{"rendered":"<p><img loading=\"lazy\" decoding=\"async\" width=\"984\" height=\"738\" src=\"https:\/\/www.pbagora.com.br\/storage\/2023\/08\/deam-joao-pessoa.webp\" class=\"attachment-large size-large wp-post-image\" alt=\"\" srcset=\"https:\/\/www.pbagora.com.br\/storage\/2023\/08\/deam-joao-pessoa.webp 984w, https:\/\/www.pbagora.com.br\/storage\/2023\/08\/deam-joao-pessoa-300x225.webp 300w, https:\/\/www.pbagora.com.br\/storage\/2023\/08\/deam-joao-pessoa-150x113.webp 150w, https:\/\/www.pbagora.com.br\/storage\/2023\/08\/deam-joao-pessoa-768x576.webp 768w, https:\/\/www.pbagora.com.br\/storage\/2023\/08\/deam-joao-pessoa-200x150.webp 200w, https:\/\/www.pbagora.com.br\/storage\/2023\/08\/deam-joao-pessoa-260x195.webp 260w, https:\/\/www.pbagora.com.br\/storage\/2023\/08\/deam-joao-pessoa-380x285.webp 380w, https:\/\/www.pbagora.com.br\/storage\/2023\/08\/deam-joao-pessoa-800x600.webp 800w, https:\/\/www.pbagora.com.br\/storage\/2023\/08\/deam-joao-pessoa-80x60.webp 80w, https:\/\/www.pbagora.com.br\/storage\/2023\/08\/deam-joao-pessoa-600x450.webp 600w, https:\/\/www.pbagora.com.br\/storage\/2023\/08\/deam-joao-pessoa-520x390.webp 520w, https:\/\/www.pbagora.com.br\/storage\/2023\/08\/deam-joao-pessoa-760x570.webp 760w\" sizes=\"auto, (max-width: 984px) 100vw, 984px\"><\/p>\n<p>A Pol\u00edcia Civil da Para\u00edba, por meio da Delegacia Especializada de Atendimento \u00e0 Mulher da Zona Norte de\u2026<\/p>\n","protected":false},"author":123457,"featured_media":0,"comment_status":"closed","ping_status":"closed","sticky":false,"template":"","format":"standard","meta":{"advgb_blocks_editor_width":"","advgb_blocks_columns_visual_guide":"","footnotes":""},"categories":[34],"tags":[10840,35,10839],"class_list":["post-59541","post","type-post","status-publish","format-standard","hentry","category-g1","tag-destaque-centro-03","tag-g1","tag-policial"],"author_meta":{"display_name":"Reda\u00e7\u00e3o","author_link":"https:\/\/sindaopcpb.org.br\/author\/redacao\/"},"featured_img":null,"coauthors":[],"tax_additional":{"categories":{"linked":["<a href=\"https:\/\/sindaopcpb.org.br\/g1\/\" class=\"advgb-post-tax-term\">G1<\/a>"],"unlinked":["<span class=\"advgb-post-tax-term\">G1<\/span>"]},"tags":{"linked":["<a href=\"https:\/\/sindaopcpb.org.br\/g1\/\" class=\"advgb-post-tax-term\">Destaque Centro 03<\/a>","<a href=\"https:\/\/sindaopcpb.org.br\/g1\/\" class=\"advgb-post-tax-term\">g1<\/a>","<a href=\"https:\/\/sindaopcpb.org.br\/g1\/\" class=\"advgb-post-tax-term\">Policial<\/a>"],"unlinked":["<span class=\"advgb-post-tax-term\">Destaque Centro 03<\/span>","<span class=\"advgb-post-tax-term\">g1<\/span>","<span class=\"advgb-post-tax-term\">Policial<\/span>"]}},"comment_count":"0","relative_dates":{"created":"Publicado 9 meses atr\u00e1s","modified":"Atualizado 9 meses atr\u00e1s"},"absolute_dates":{"created":"Publicado em 5 de agosto de 2025","modified":"Atualizado em 5 de agosto de 2025"},"absolute_dates_time":{"created":"Publicado em 5 de agosto de 2025 09:56","modified":"Atualizado em 5 de agosto de 2025 09:56"},"featured_img_caption":"","series_order":"","_links":{"self":[{"href":"https:\/\/sindaopcpb.org.br\/index.php\/wp-json\/wp\/v2\/posts\/59541","targetHints":{"allow":["GET"]}}],"collection":[{"href":"https:\/\/sindaopcpb.org.br\/index.php\/wp-json\/wp\/v2\/posts"}],"about":[{"href":"https:\/\/sindaopcpb.org.br\/index.php\/wp-json\/wp\/v2\/types\/post"}],"author":[{"embeddable":true,"href":"https:\/\/sindaopcpb.org.br\/index.php\/wp-json\/wp\/v2\/users\/123457"}],"replies":[{"embeddable":true,"href":"https:\/\/sindaopcpb.org.br\/index.php\/wp-json\/wp\/v2\/comments?post=59541"}],"version-history":[{"count":3,"href":"https:\/\/sindaopcpb.org.br\/index.php\/wp-json\/wp\/v2\/posts\/59541\/revisions"}],"predecessor-version":[{"id":59550,"href":"https:\/\/sindaopcpb.org.br\/index.php\/wp-json\/wp\/v2\/posts\/59541\/revisions\/59550"}],"wp:attachment":[{"href":"https:\/\/sindaopcpb.org.br\/index.php\/wp-json\/wp\/v2\/media?parent=59541"}],"wp:term":[{"taxonomy":"category","embeddable":true,"href":"https:\/\/sindaopcpb.org.br\/index.php\/wp-json\/wp\/v2\/categories?post=59541"},{"taxonomy":"post_tag","embeddable":true,"href":"https:\/\/sindaopcpb.org.br\/index.php\/wp-json\/wp\/v2\/tags?post=59541"}],"curies":[{"name":"wp","href":"https:\/\/api.w.org\/{rel}","templated":true}]}}