{"id":59537,"date":"2025-08-05T08:41:27","date_gmt":"2025-08-05T11:41:27","guid":{"rendered":"https:\/\/www.pbagora.com.br\/?p=911123"},"modified":"2025-08-05T17:41:27","modified_gmt":"2025-08-05T20:41:27","slug":"onibus-sao-destruidos-por-incendio-em-garagem-de-empresa-de-transportes-de-joao-pessoa","status":"publish","type":"post","link":"https:\/\/sindaopcpb.org.br\/index.php\/2025\/08\/05\/onibus-sao-destruidos-por-incendio-em-garagem-de-empresa-de-transportes-de-joao-pessoa\/","title":{"rendered":"\u00d4nibus s\u00e3o destru\u00eddos por inc\u00eandio em garagem de empresa de transportes de Jo\u00e3o Pessoa"},"content":{"rendered":"<p><img width=\"1024\" height=\"576\" src=\"https:\/\/www.pbagora.com.br\/storage\/2025\/08\/Incendio-onibus-1024x576.jpg\" class=\"attachment-large size-large wp-post-image\" alt=\"\" style=\"margin-bottom: 20px;\" decoding=\"async\" srcset=\"https:\/\/www.pbagora.com.br\/storage\/2025\/08\/Incendio-onibus-1024x576.jpg 1024w, https:\/\/www.pbagora.com.br\/storage\/2025\/08\/Incendio-onibus-300x169.jpg 300w, https:\/\/www.pbagora.com.br\/storage\/2025\/08\/Incendio-onibus-150x84.jpg 150w, https:\/\/www.pbagora.com.br\/storage\/2025\/08\/Incendio-onibus-768x432.jpg 768w, https:\/\/www.pbagora.com.br\/storage\/2025\/08\/Incendio-onibus-380x214.jpg 380w, https:\/\/www.pbagora.com.br\/storage\/2025\/08\/Incendio-onibus-800x450.jpg 800w, https:\/\/www.pbagora.com.br\/storage\/2025\/08\/Incendio-onibus-1160x652.jpg 1160w, https:\/\/www.pbagora.com.br\/storage\/2025\/08\/Incendio-onibus-80x46.jpg 80w, https:\/\/www.pbagora.com.br\/storage\/2025\/08\/Incendio-onibus-760x427.jpg 760w, https:\/\/www.pbagora.com.br\/storage\/2025\/08\/Incendio-onibus-600x337.jpg 600w, https:\/\/www.pbagora.com.br\/storage\/2025\/08\/Incendio-onibus.jpg 1366w\" sizes=\"(max-width: 1024px) 100vw, 1024px\" \/><\/p>\n<p>Um inc\u00eandio destruiu dois \u00f4nibus na garagem de uma empresa de transporte coletivo na noite desta segunda-feira (4), no bairro Costa e Silva, em Jo\u00e3o Pessoa.<\/p>\n\n\n\n<p>De acordo com informa\u00e7\u00f5es da TV Cabo Branco, o fogo teve in\u00edcio em um dos ve\u00edculos que estava estacionado no local e rapidamente se espalhou para o segundo. O Corpo de Bombeiros foi acionado e conseguiu conter as chamas antes que outros \u00f4nibus fossem atingidos.<\/p>\n\n\n\n<p>Apesar do susto e da intensidade do inc\u00eandio, n\u00e3o houve feridos. Os dois ve\u00edculos, no entanto, ficaram completamente destru\u00eddos.<\/p>\n\n\n\n<p>As causas do inc\u00eandio ainda est\u00e3o sendo investigadas, mas a principal suspeita apontada pelos bombeiros \u00e9 de que uma pane el\u00e9trica tenha provocado o in\u00edcio das chamas.<\/p>\n\n\n\n<p>A empresa respons\u00e1vel pelos \u00f4nibus ainda n\u00e3o se pronunciou oficialmente sobre o ocorrido.<\/p>\n\n\n\n<p><strong><em>PB Agora<\/em><\/strong><\/p>\n","protected":false},"excerpt":{"rendered":"<p><img loading=\"lazy\" decoding=\"async\" width=\"1024\" height=\"576\" src=\"https:\/\/www.pbagora.com.br\/storage\/2025\/08\/Incendio-onibus-1024x576.jpg\" class=\"attachment-large size-large wp-post-image\" alt=\"\" srcset=\"https:\/\/www.pbagora.com.br\/storage\/2025\/08\/Incendio-onibus-1024x576.jpg 1024w, https:\/\/www.pbagora.com.br\/storage\/2025\/08\/Incendio-onibus-300x169.jpg 300w, https:\/\/www.pbagora.com.br\/storage\/2025\/08\/Incendio-onibus-150x84.jpg 150w, https:\/\/www.pbagora.com.br\/storage\/2025\/08\/Incendio-onibus-768x432.jpg 768w, https:\/\/www.pbagora.com.br\/storage\/2025\/08\/Incendio-onibus-380x214.jpg 380w, https:\/\/www.pbagora.com.br\/storage\/2025\/08\/Incendio-onibus-800x450.jpg 800w, https:\/\/www.pbagora.com.br\/storage\/2025\/08\/Incendio-onibus-1160x652.jpg 1160w, https:\/\/www.pbagora.com.br\/storage\/2025\/08\/Incendio-onibus-80x46.jpg 80w, https:\/\/www.pbagora.com.br\/storage\/2025\/08\/Incendio-onibus-760x427.jpg 760w, https:\/\/www.pbagora.com.br\/storage\/2025\/08\/Incendio-onibus-600x337.jpg 600w, https:\/\/www.pbagora.com.br\/storage\/2025\/08\/Incendio-onibus.jpg 1366w\" sizes=\"auto, (max-width: 1024px) 100vw, 1024px\"><\/p>\n<p>Um inc\u00eandio destruiu dois \u00f4nibus na garagem de uma empresa de transporte coletivo na noite desta segunda-feira (4),\u2026<\/p>\n","protected":false},"author":123457,"featured_media":0,"comment_status":"closed","ping_status":"closed","sticky":false,"template":"","format":"standard","meta":{"advgb_blocks_editor_width":"","advgb_blocks_columns_visual_guide":"","footnotes":""},"categories":[34],"tags":[35,10839,10850],"class_list":["post-59537","post","type-post","status-publish","format-standard","hentry","category-g1","tag-g1","tag-policial","tag-voceviu"],"author_meta":{"display_name":"Reda\u00e7\u00e3o","author_link":"https:\/\/sindaopcpb.org.br\/author\/redacao\/"},"featured_img":null,"coauthors":[],"tax_additional":{"categories":{"linked":["<a href=\"https:\/\/sindaopcpb.org.br\/g1\/\" class=\"advgb-post-tax-term\">G1<\/a>"],"unlinked":["<span class=\"advgb-post-tax-term\">G1<\/span>"]},"tags":{"linked":["<a href=\"https:\/\/sindaopcpb.org.br\/g1\/\" class=\"advgb-post-tax-term\">g1<\/a>","<a href=\"https:\/\/sindaopcpb.org.br\/g1\/\" class=\"advgb-post-tax-term\">Policial<\/a>","<a href=\"https:\/\/sindaopcpb.org.br\/g1\/\" class=\"advgb-post-tax-term\">Voceviu?<\/a>"],"unlinked":["<span class=\"advgb-post-tax-term\">g1<\/span>","<span class=\"advgb-post-tax-term\">Policial<\/span>","<span class=\"advgb-post-tax-term\">Voceviu?<\/span>"]}},"comment_count":"0","relative_dates":{"created":"Publicado 9 meses atr\u00e1s","modified":"Atualizado 9 meses atr\u00e1s"},"absolute_dates":{"created":"Publicado em 5 de agosto de 2025","modified":"Atualizado em 5 de agosto de 2025"},"absolute_dates_time":{"created":"Publicado em 5 de agosto de 2025 08:41","modified":"Atualizado em 5 de agosto de 2025 17:41"},"featured_img_caption":"","series_order":"","_links":{"self":[{"href":"https:\/\/sindaopcpb.org.br\/index.php\/wp-json\/wp\/v2\/posts\/59537","targetHints":{"allow":["GET"]}}],"collection":[{"href":"https:\/\/sindaopcpb.org.br\/index.php\/wp-json\/wp\/v2\/posts"}],"about":[{"href":"https:\/\/sindaopcpb.org.br\/index.php\/wp-json\/wp\/v2\/types\/post"}],"author":[{"embeddable":true,"href":"https:\/\/sindaopcpb.org.br\/index.php\/wp-json\/wp\/v2\/users\/123457"}],"replies":[{"embeddable":true,"href":"https:\/\/sindaopcpb.org.br\/index.php\/wp-json\/wp\/v2\/comments?post=59537"}],"version-history":[{"count":5,"href":"https:\/\/sindaopcpb.org.br\/index.php\/wp-json\/wp\/v2\/posts\/59537\/revisions"}],"predecessor-version":[{"id":59556,"href":"https:\/\/sindaopcpb.org.br\/index.php\/wp-json\/wp\/v2\/posts\/59537\/revisions\/59556"}],"wp:attachment":[{"href":"https:\/\/sindaopcpb.org.br\/index.php\/wp-json\/wp\/v2\/media?parent=59537"}],"wp:term":[{"taxonomy":"category","embeddable":true,"href":"https:\/\/sindaopcpb.org.br\/index.php\/wp-json\/wp\/v2\/categories?post=59537"},{"taxonomy":"post_tag","embeddable":true,"href":"https:\/\/sindaopcpb.org.br\/index.php\/wp-json\/wp\/v2\/tags?post=59537"}],"curies":[{"name":"wp","href":"https:\/\/api.w.org\/{rel}","templated":true}]}}