{"id":59535,"date":"2025-08-04T13:53:55","date_gmt":"2025-08-04T16:53:55","guid":{"rendered":"https:\/\/www.pbagora.com.br\/?p=911032"},"modified":"2025-08-04T13:53:55","modified_gmt":"2025-08-04T16:53:55","slug":"homem-do-rn-desaparece-apos-pegar-carona-de-patos-para-joao-pessoa-familia-pede-ajuda-para-localizar","status":"publish","type":"post","link":"https:\/\/sindaopcpb.org.br\/index.php\/2025\/08\/04\/homem-do-rn-desaparece-apos-pegar-carona-de-patos-para-joao-pessoa-familia-pede-ajuda-para-localizar\/","title":{"rendered":"Homem do RN desaparece ap\u00f3s pegar carona de Patos para Jo\u00e3o Pessoa; fam\u00edlia pede ajuda para localizar"},"content":{"rendered":"<p><img width=\"576\" height=\"1024\" src=\"https:\/\/www.pbagora.com.br\/storage\/2025\/08\/WhatsApp-Image-2025-08-04-at-11.16.57-576x1024.jpeg\" class=\"attachment-large size-large wp-post-image\" alt=\"\" style=\"margin-bottom: 20px;\" decoding=\"async\" loading=\"lazy\" srcset=\"https:\/\/www.pbagora.com.br\/storage\/2025\/08\/WhatsApp-Image-2025-08-04-at-11.16.57-576x1024.jpeg 576w, https:\/\/www.pbagora.com.br\/storage\/2025\/08\/WhatsApp-Image-2025-08-04-at-11.16.57-169x300.jpeg 169w, https:\/\/www.pbagora.com.br\/storage\/2025\/08\/WhatsApp-Image-2025-08-04-at-11.16.57-84x150.jpeg 84w, https:\/\/www.pbagora.com.br\/storage\/2025\/08\/WhatsApp-Image-2025-08-04-at-11.16.57-380x676.jpeg 380w, https:\/\/www.pbagora.com.br\/storage\/2025\/08\/WhatsApp-Image-2025-08-04-at-11.16.57-80x142.jpeg 80w, https:\/\/www.pbagora.com.br\/storage\/2025\/08\/WhatsApp-Image-2025-08-04-at-11.16.57-45x80.jpeg 45w, https:\/\/www.pbagora.com.br\/storage\/2025\/08\/WhatsApp-Image-2025-08-04-at-11.16.57-338x600.jpeg 338w, https:\/\/www.pbagora.com.br\/storage\/2025\/08\/WhatsApp-Image-2025-08-04-at-11.16.57.jpeg 720w\" sizes=\"auto, (max-width: 576px) 100vw, 576px\" \/><\/p>\n<p>A fam\u00edlia de Tardelly Ger\u00f4nimo est\u00e1 \u00e0 procura do homem desde a \u00faltima sexta-feira (1\u00ba), quando ele saiu da cidade de Serra Negra do Norte, no Rio Grande do Norte, com destino a Jo\u00e3o Pessoa, na Para\u00edba. Segundo familiares, Tardelly teria pegado carona em um caminh\u00e3o  em frente \u00e0 Cruz da Meninas, em Patos, rumo \u00e0 capital paraibana, mas desde ent\u00e3o n\u00e3o mant\u00e9m mais contato.<\/p>\n\n\n\n<p>De acordo com relatos, a \u00faltima vez que ele foi visto foi em um posto de combust\u00edveis em frente \u00e0 Cruz da Menina. A partir desse momento, n\u00e3o h\u00e1 informa\u00e7\u00f5es sobre seu paradeiro ou o que aconteceu com ele.<\/p>\n\n\n\n<p>A fam\u00edlia pede que qualquer pessoa que tenha informa\u00e7\u00f5es sobre Tardelly entre em contato pelo telefone (84) 9 9644-0408.<\/p>\n\n\n\n<p><strong><em>PB Agora<\/em><\/strong><\/p>\n","protected":false},"excerpt":{"rendered":"<p><img loading=\"lazy\" decoding=\"async\" width=\"576\" height=\"1024\" src=\"https:\/\/www.pbagora.com.br\/storage\/2025\/08\/WhatsApp-Image-2025-08-04-at-11.16.57-576x1024.jpeg\" class=\"attachment-large size-large wp-post-image\" alt=\"\" srcset=\"https:\/\/www.pbagora.com.br\/storage\/2025\/08\/WhatsApp-Image-2025-08-04-at-11.16.57-576x1024.jpeg 576w, https:\/\/www.pbagora.com.br\/storage\/2025\/08\/WhatsApp-Image-2025-08-04-at-11.16.57-169x300.jpeg 169w, https:\/\/www.pbagora.com.br\/storage\/2025\/08\/WhatsApp-Image-2025-08-04-at-11.16.57-84x150.jpeg 84w, https:\/\/www.pbagora.com.br\/storage\/2025\/08\/WhatsApp-Image-2025-08-04-at-11.16.57-380x676.jpeg 380w, https:\/\/www.pbagora.com.br\/storage\/2025\/08\/WhatsApp-Image-2025-08-04-at-11.16.57-80x142.jpeg 80w, https:\/\/www.pbagora.com.br\/storage\/2025\/08\/WhatsApp-Image-2025-08-04-at-11.16.57-45x80.jpeg 45w, https:\/\/www.pbagora.com.br\/storage\/2025\/08\/WhatsApp-Image-2025-08-04-at-11.16.57-338x600.jpeg 338w, https:\/\/www.pbagora.com.br\/storage\/2025\/08\/WhatsApp-Image-2025-08-04-at-11.16.57.jpeg 720w\" sizes=\"auto, (max-width: 576px) 100vw, 576px\"><\/p>\n<p>A fam\u00edlia de Tardelly Ger\u00f4nimo est\u00e1 \u00e0 procura do homem desde a \u00faltima sexta-feira (1\u00ba), quando ele saiu\u2026<\/p>\n","protected":false},"author":123457,"featured_media":0,"comment_status":"closed","ping_status":"closed","sticky":false,"template":"","format":"standard","meta":{"advgb_blocks_editor_width":"","advgb_blocks_columns_visual_guide":"","footnotes":""},"categories":[34],"tags":[35,10839,10850],"class_list":["post-59535","post","type-post","status-publish","format-standard","hentry","category-g1","tag-g1","tag-policial","tag-voceviu"],"author_meta":{"display_name":"Reda\u00e7\u00e3o","author_link":"https:\/\/sindaopcpb.org.br\/author\/redacao\/"},"featured_img":null,"coauthors":[],"tax_additional":{"categories":{"linked":["<a href=\"https:\/\/sindaopcpb.org.br\/g1\/\" class=\"advgb-post-tax-term\">G1<\/a>"],"unlinked":["<span class=\"advgb-post-tax-term\">G1<\/span>"]},"tags":{"linked":["<a href=\"https:\/\/sindaopcpb.org.br\/g1\/\" class=\"advgb-post-tax-term\">g1<\/a>","<a href=\"https:\/\/sindaopcpb.org.br\/g1\/\" class=\"advgb-post-tax-term\">Policial<\/a>","<a href=\"https:\/\/sindaopcpb.org.br\/g1\/\" class=\"advgb-post-tax-term\">Voceviu?<\/a>"],"unlinked":["<span class=\"advgb-post-tax-term\">g1<\/span>","<span class=\"advgb-post-tax-term\">Policial<\/span>","<span class=\"advgb-post-tax-term\">Voceviu?<\/span>"]}},"comment_count":"0","relative_dates":{"created":"Publicado 9 meses atr\u00e1s","modified":"Atualizado 9 meses atr\u00e1s"},"absolute_dates":{"created":"Publicado em 4 de agosto de 2025","modified":"Atualizado em 4 de agosto de 2025"},"absolute_dates_time":{"created":"Publicado em 4 de agosto de 2025 13:53","modified":"Atualizado em 4 de agosto de 2025 13:53"},"featured_img_caption":"","series_order":"","_links":{"self":[{"href":"https:\/\/sindaopcpb.org.br\/index.php\/wp-json\/wp\/v2\/posts\/59535","targetHints":{"allow":["GET"]}}],"collection":[{"href":"https:\/\/sindaopcpb.org.br\/index.php\/wp-json\/wp\/v2\/posts"}],"about":[{"href":"https:\/\/sindaopcpb.org.br\/index.php\/wp-json\/wp\/v2\/types\/post"}],"author":[{"embeddable":true,"href":"https:\/\/sindaopcpb.org.br\/index.php\/wp-json\/wp\/v2\/users\/123457"}],"replies":[{"embeddable":true,"href":"https:\/\/sindaopcpb.org.br\/index.php\/wp-json\/wp\/v2\/comments?post=59535"}],"version-history":[{"count":2,"href":"https:\/\/sindaopcpb.org.br\/index.php\/wp-json\/wp\/v2\/posts\/59535\/revisions"}],"predecessor-version":[{"id":59540,"href":"https:\/\/sindaopcpb.org.br\/index.php\/wp-json\/wp\/v2\/posts\/59535\/revisions\/59540"}],"wp:attachment":[{"href":"https:\/\/sindaopcpb.org.br\/index.php\/wp-json\/wp\/v2\/media?parent=59535"}],"wp:term":[{"taxonomy":"category","embeddable":true,"href":"https:\/\/sindaopcpb.org.br\/index.php\/wp-json\/wp\/v2\/categories?post=59535"},{"taxonomy":"post_tag","embeddable":true,"href":"https:\/\/sindaopcpb.org.br\/index.php\/wp-json\/wp\/v2\/tags?post=59535"}],"curies":[{"name":"wp","href":"https:\/\/api.w.org\/{rel}","templated":true}]}}