{"id":59532,"date":"2025-08-04T15:41:36","date_gmt":"2025-08-04T18:41:36","guid":{"rendered":"https:\/\/www.pbagora.com.br\/?p=911074"},"modified":"2025-08-04T15:41:36","modified_gmt":"2025-08-04T18:41:36","slug":"comerciante-e-executado-com-mais-de-20-tiros-dentro-do-proprio-estabelecimento-em-pedras-de-fogo","status":"publish","type":"post","link":"https:\/\/sindaopcpb.org.br\/index.php\/2025\/08\/04\/comerciante-e-executado-com-mais-de-20-tiros-dentro-do-proprio-estabelecimento-em-pedras-de-fogo\/","title":{"rendered":"Comerciante \u00e9 executado com mais de 20 tiros dentro do pr\u00f3prio estabelecimento em Pedras de Fogo"},"content":{"rendered":"<p><img width=\"1024\" height=\"640\" src=\"https:\/\/www.pbagora.com.br\/storage\/2023\/09\/sirene-1024x640.jpg\" class=\"attachment-large size-large wp-post-image\" alt=\"\" style=\"margin-bottom: 20px;\" decoding=\"async\" srcset=\"https:\/\/www.pbagora.com.br\/storage\/2023\/09\/sirene-1024x640.jpg 1024w, https:\/\/www.pbagora.com.br\/storage\/2023\/09\/sirene-300x188.jpg 300w, https:\/\/www.pbagora.com.br\/storage\/2023\/09\/sirene-150x94.jpg 150w, https:\/\/www.pbagora.com.br\/storage\/2023\/09\/sirene-768x480.jpg 768w, https:\/\/www.pbagora.com.br\/storage\/2023\/09\/sirene-380x238.jpg 380w, https:\/\/www.pbagora.com.br\/storage\/2023\/09\/sirene-800x500.jpg 800w, https:\/\/www.pbagora.com.br\/storage\/2023\/09\/sirene-1160x725.jpg 1160w, https:\/\/www.pbagora.com.br\/storage\/2023\/09\/sirene-80x50.jpg 80w, https:\/\/www.pbagora.com.br\/storage\/2023\/09\/sirene-760x475.jpg 760w, https:\/\/www.pbagora.com.br\/storage\/2023\/09\/sirene-600x375.jpg 600w, https:\/\/www.pbagora.com.br\/storage\/2023\/09\/sirene.jpg 1200w\" sizes=\"(max-width: 1024px) 100vw, 1024px\" \/><\/p>\n<p>Um comerciante foi brutalmente assassinado a tiros na tarde desta segunda-feira (4), dentro do pr\u00f3prio estabelecimento comercial, no munic\u00edpio de Pedras de Fogo, Litoral Sul da Para\u00edba. O crime chocou moradores da regi\u00e3o pela forma como foi executado.<\/p>\n\n\n\n<p>De acordo com a Pol\u00edcia Militar, homens armados invadiram o local, ordenaram que os clientes se retirassem e, em seguida, dispararam diversas vezes contra a v\u00edtima, que morreu no local antes de qualquer atendimento m\u00e9dico.<\/p>\n\n\n\n<p>Segundo informa\u00e7\u00f5es repassadas pelos policiais que atenderam \u00e0 ocorr\u00eancia, o comerciante foi atingido por pelo menos 20 disparos, a maioria deles na regi\u00e3o da cabe\u00e7a. A cena do crime indicava uma execu\u00e7\u00e3o premeditada.<\/p>\n\n\n\n<p>C\u00e2meras de seguran\u00e7a de estabelecimentos pr\u00f3ximos registraram o som intenso dos tiros e a movimenta\u00e7\u00e3o de pessoas correndo, mas n\u00e3o captaram imagens n\u00edtidas dos autores do crime, dificultando, inicialmente, a identifica\u00e7\u00e3o dos suspeitos.<\/p>\n\n\n\n<p>A motiva\u00e7\u00e3o do homic\u00eddio ainda \u00e9 desconhecida. A Pol\u00edcia Civil j\u00e1 iniciou as investiga\u00e7\u00f5es e trabalha com v\u00e1rias linhas de apura\u00e7\u00e3o, incluindo poss\u00edvel execu\u00e7\u00e3o por acerto de contas ou envolvimento em conflitos locais. At\u00e9 o momento, ningu\u00e9m foi preso.<\/p>\n\n\n\n<p>O corpo da v\u00edtima foi removido pelo Instituto de Pol\u00edcia Cient\u00edfica (IPC) e encaminhado para necropsia no N\u00facleo de Medicina Legal.<\/p>\n\n\n\n<p><\/p>\n\n\n\n<p><\/p>\n","protected":false},"excerpt":{"rendered":"<p><img loading=\"lazy\" decoding=\"async\" width=\"1024\" height=\"640\" src=\"https:\/\/www.pbagora.com.br\/storage\/2023\/09\/sirene-1024x640.jpg\" class=\"attachment-large size-large wp-post-image\" alt=\"\" srcset=\"https:\/\/www.pbagora.com.br\/storage\/2023\/09\/sirene-1024x640.jpg 1024w, https:\/\/www.pbagora.com.br\/storage\/2023\/09\/sirene-300x188.jpg 300w, https:\/\/www.pbagora.com.br\/storage\/2023\/09\/sirene-150x94.jpg 150w, https:\/\/www.pbagora.com.br\/storage\/2023\/09\/sirene-768x480.jpg 768w, https:\/\/www.pbagora.com.br\/storage\/2023\/09\/sirene-380x238.jpg 380w, https:\/\/www.pbagora.com.br\/storage\/2023\/09\/sirene-800x500.jpg 800w, https:\/\/www.pbagora.com.br\/storage\/2023\/09\/sirene-1160x725.jpg 1160w, https:\/\/www.pbagora.com.br\/storage\/2023\/09\/sirene-80x50.jpg 80w, https:\/\/www.pbagora.com.br\/storage\/2023\/09\/sirene-760x475.jpg 760w, https:\/\/www.pbagora.com.br\/storage\/2023\/09\/sirene-600x375.jpg 600w, https:\/\/www.pbagora.com.br\/storage\/2023\/09\/sirene.jpg 1200w\" sizes=\"auto, (max-width: 1024px) 100vw, 1024px\"><\/p>\n<p>Um comerciante foi brutalmente assassinado a tiros na tarde desta segunda-feira (4), dentro do pr\u00f3prio estabelecimento comercial, no\u2026<\/p>\n","protected":false},"author":123457,"featured_media":0,"comment_status":"closed","ping_status":"closed","sticky":false,"template":"","format":"standard","meta":{"advgb_blocks_editor_width":"","advgb_blocks_columns_visual_guide":"","footnotes":""},"categories":[34],"tags":[35,10839,10842],"class_list":["post-59532","post","type-post","status-publish","format-standard","hentry","category-g1","tag-g1","tag-policial","tag-principal3"],"author_meta":{"display_name":"Reda\u00e7\u00e3o","author_link":"https:\/\/sindaopcpb.org.br\/author\/redacao\/"},"featured_img":null,"coauthors":[],"tax_additional":{"categories":{"linked":["<a href=\"https:\/\/sindaopcpb.org.br\/g1\/\" class=\"advgb-post-tax-term\">G1<\/a>"],"unlinked":["<span class=\"advgb-post-tax-term\">G1<\/span>"]},"tags":{"linked":["<a href=\"https:\/\/sindaopcpb.org.br\/g1\/\" class=\"advgb-post-tax-term\">g1<\/a>","<a href=\"https:\/\/sindaopcpb.org.br\/g1\/\" class=\"advgb-post-tax-term\">Policial<\/a>","<a href=\"https:\/\/sindaopcpb.org.br\/g1\/\" class=\"advgb-post-tax-term\">Principal3<\/a>"],"unlinked":["<span class=\"advgb-post-tax-term\">g1<\/span>","<span class=\"advgb-post-tax-term\">Policial<\/span>","<span class=\"advgb-post-tax-term\">Principal3<\/span>"]}},"comment_count":"0","relative_dates":{"created":"Publicado 9 meses atr\u00e1s","modified":"Atualizado 9 meses atr\u00e1s"},"absolute_dates":{"created":"Publicado em 4 de agosto de 2025","modified":"Atualizado em 4 de agosto de 2025"},"absolute_dates_time":{"created":"Publicado em 4 de agosto de 2025 15:41","modified":"Atualizado em 4 de agosto de 2025 15:41"},"featured_img_caption":"","series_order":"","_links":{"self":[{"href":"https:\/\/sindaopcpb.org.br\/index.php\/wp-json\/wp\/v2\/posts\/59532","targetHints":{"allow":["GET"]}}],"collection":[{"href":"https:\/\/sindaopcpb.org.br\/index.php\/wp-json\/wp\/v2\/posts"}],"about":[{"href":"https:\/\/sindaopcpb.org.br\/index.php\/wp-json\/wp\/v2\/types\/post"}],"author":[{"embeddable":true,"href":"https:\/\/sindaopcpb.org.br\/index.php\/wp-json\/wp\/v2\/users\/123457"}],"replies":[{"embeddable":true,"href":"https:\/\/sindaopcpb.org.br\/index.php\/wp-json\/wp\/v2\/comments?post=59532"}],"version-history":[{"count":3,"href":"https:\/\/sindaopcpb.org.br\/index.php\/wp-json\/wp\/v2\/posts\/59532\/revisions"}],"predecessor-version":[{"id":59544,"href":"https:\/\/sindaopcpb.org.br\/index.php\/wp-json\/wp\/v2\/posts\/59532\/revisions\/59544"}],"wp:attachment":[{"href":"https:\/\/sindaopcpb.org.br\/index.php\/wp-json\/wp\/v2\/media?parent=59532"}],"wp:term":[{"taxonomy":"category","embeddable":true,"href":"https:\/\/sindaopcpb.org.br\/index.php\/wp-json\/wp\/v2\/categories?post=59532"},{"taxonomy":"post_tag","embeddable":true,"href":"https:\/\/sindaopcpb.org.br\/index.php\/wp-json\/wp\/v2\/tags?post=59532"}],"curies":[{"name":"wp","href":"https:\/\/api.w.org\/{rel}","templated":true}]}}