{"id":59525,"date":"2025-08-04T11:56:02","date_gmt":"2025-08-04T14:56:02","guid":{"rendered":"https:\/\/www.pbagora.com.br\/?p=911037"},"modified":"2025-08-04T11:56:02","modified_gmt":"2025-08-04T14:56:02","slug":"jovem-morre-eletrocutado-em-area-rural-da-cidade-de-princesa-isabel-no-sertao-da-paraiba","status":"publish","type":"post","link":"https:\/\/sindaopcpb.org.br\/index.php\/2025\/08\/04\/jovem-morre-eletrocutado-em-area-rural-da-cidade-de-princesa-isabel-no-sertao-da-paraiba\/","title":{"rendered":"Jovem morre eletrocutado em \u00e1rea rural da cidade de Princesa Isabel, no Sert\u00e3o da Para\u00edba"},"content":{"rendered":"<p><img width=\"576\" height=\"1024\" src=\"https:\/\/www.pbagora.com.br\/storage\/2025\/08\/jovem-morre-eletrocutado-576x1024.avif\" class=\"attachment-large size-large wp-post-image\" alt=\"\" style=\"margin-bottom: 20px;\" decoding=\"async\" loading=\"lazy\" srcset=\"https:\/\/www.pbagora.com.br\/storage\/2025\/08\/jovem-morre-eletrocutado-576x1024.avif 576w, https:\/\/www.pbagora.com.br\/storage\/2025\/08\/jovem-morre-eletrocutado-169x300.avif 169w, https:\/\/www.pbagora.com.br\/storage\/2025\/08\/jovem-morre-eletrocutado-84x150.avif 84w, https:\/\/www.pbagora.com.br\/storage\/2025\/08\/jovem-morre-eletrocutado-768x1365.avif 768w, https:\/\/www.pbagora.com.br\/storage\/2025\/08\/jovem-morre-eletrocutado-864x1536.avif 864w, https:\/\/www.pbagora.com.br\/storage\/2025\/08\/jovem-morre-eletrocutado-380x675.avif 380w, https:\/\/www.pbagora.com.br\/storage\/2025\/08\/jovem-morre-eletrocutado-800x1422.avif 800w, https:\/\/www.pbagora.com.br\/storage\/2025\/08\/jovem-morre-eletrocutado-80x142.avif 80w, https:\/\/www.pbagora.com.br\/storage\/2025\/08\/jovem-morre-eletrocutado-45x80.avif 45w, https:\/\/www.pbagora.com.br\/storage\/2025\/08\/jovem-morre-eletrocutado-760x1351.avif 760w, https:\/\/www.pbagora.com.br\/storage\/2025\/08\/jovem-morre-eletrocutado-338x600.avif 338w, https:\/\/www.pbagora.com.br\/storage\/2025\/08\/jovem-morre-eletrocutado.avif 984w\" sizes=\"auto, (max-width: 576px) 100vw, 576px\" \/><\/p>\n<p>Um jovem de 21 anos perdeu a vida nesse domingo (03) ap\u00f3s sofrer um choque el\u00e9trico na Zona Rural da cidade de Princesa Isabel, no Sert\u00e3o da Para\u00edba. Segundo as informa\u00e7\u00f5es a v\u00edtima estava a caminho de um local para pescar quando o acidente ocorreu.<\/p>\n\n\n\n<p>Ele caminhava por uma \u00e1rea pr\u00f3xima a um a\u00e7ude dentro de uma propriedade rural quando entrou em contato com uma fia\u00e7\u00e3o desencapada de um poste instalado \u00e0 margem da \u00e1gua, provocando o choque el\u00e9trico.<\/p>\n\n\n\n<p>Os bombeiros realizaram tentativas de reanima\u00e7\u00e3o no local, mas o jovem n\u00e3o resistiu e a morte foi confirmada por uma equipe do Servi\u00e7o de Atendimento M\u00e9dico de Urg\u00eancia (Samu).<\/p>\n\n\n\n<p>O N\u00facleo de Medicina e Odontologia Legal (Numol) foi acionado para os procedimentos legais e remo\u00e7\u00e3o do corpo. <\/p>\n\n\n\n<p><strong><em>PB Agora<\/em><\/strong><\/p>\n","protected":false},"excerpt":{"rendered":"<p><img decoding=\"async\" width=\"576\" height=\"1024\" src=\"https:\/\/www.pbagora.com.br\/storage\/2025\/08\/jovem-morre-eletrocutado-576x1024.avif\" class=\"attachment-large size-large wp-post-image\" alt=\"\" loading=\"lazy\" srcset=\"https:\/\/www.pbagora.com.br\/storage\/2025\/08\/jovem-morre-eletrocutado-576x1024.avif 576w, https:\/\/www.pbagora.com.br\/storage\/2025\/08\/jovem-morre-eletrocutado-169x300.avif 169w, https:\/\/www.pbagora.com.br\/storage\/2025\/08\/jovem-morre-eletrocutado-84x150.avif 84w, https:\/\/www.pbagora.com.br\/storage\/2025\/08\/jovem-morre-eletrocutado-768x1365.avif 768w, https:\/\/www.pbagora.com.br\/storage\/2025\/08\/jovem-morre-eletrocutado-864x1536.avif 864w, https:\/\/www.pbagora.com.br\/storage\/2025\/08\/jovem-morre-eletrocutado-380x675.avif 380w, https:\/\/www.pbagora.com.br\/storage\/2025\/08\/jovem-morre-eletrocutado-800x1422.avif 800w, https:\/\/www.pbagora.com.br\/storage\/2025\/08\/jovem-morre-eletrocutado-80x142.avif 80w, https:\/\/www.pbagora.com.br\/storage\/2025\/08\/jovem-morre-eletrocutado-45x80.avif 45w, https:\/\/www.pbagora.com.br\/storage\/2025\/08\/jovem-morre-eletrocutado-760x1351.avif 760w, https:\/\/www.pbagora.com.br\/storage\/2025\/08\/jovem-morre-eletrocutado-338x600.avif 338w, https:\/\/www.pbagora.com.br\/storage\/2025\/08\/jovem-morre-eletrocutado.avif 984w\" sizes=\"auto, (max-width: 576px) 100vw, 576px\"><\/p>\n<p>Um jovem de 21 anos perdeu a vida nesse domingo (03) ap\u00f3s sofrer um choque el\u00e9trico na Zona\u2026<\/p>\n","protected":false},"author":123457,"featured_media":0,"comment_status":"closed","ping_status":"closed","sticky":false,"template":"","format":"standard","meta":{"advgb_blocks_editor_width":"","advgb_blocks_columns_visual_guide":"","footnotes":""},"categories":[34],"tags":[35,10839,10844],"class_list":["post-59525","post","type-post","status-publish","format-standard","hentry","category-g1","tag-g1","tag-policial","tag-principal2"],"author_meta":{"display_name":"Reda\u00e7\u00e3o","author_link":"https:\/\/sindaopcpb.org.br\/author\/redacao\/"},"featured_img":null,"coauthors":[],"tax_additional":{"categories":{"linked":["<a href=\"https:\/\/sindaopcpb.org.br\/g1\/\" class=\"advgb-post-tax-term\">G1<\/a>"],"unlinked":["<span class=\"advgb-post-tax-term\">G1<\/span>"]},"tags":{"linked":["<a href=\"https:\/\/sindaopcpb.org.br\/g1\/\" class=\"advgb-post-tax-term\">g1<\/a>","<a href=\"https:\/\/sindaopcpb.org.br\/g1\/\" class=\"advgb-post-tax-term\">Policial<\/a>","<a href=\"https:\/\/sindaopcpb.org.br\/g1\/\" class=\"advgb-post-tax-term\">Principal2<\/a>"],"unlinked":["<span class=\"advgb-post-tax-term\">g1<\/span>","<span class=\"advgb-post-tax-term\">Policial<\/span>","<span class=\"advgb-post-tax-term\">Principal2<\/span>"]}},"comment_count":"0","relative_dates":{"created":"Publicado 9 meses atr\u00e1s","modified":"Atualizado 9 meses atr\u00e1s"},"absolute_dates":{"created":"Publicado em 4 de agosto de 2025","modified":"Atualizado em 4 de agosto de 2025"},"absolute_dates_time":{"created":"Publicado em 4 de agosto de 2025 11:56","modified":"Atualizado em 4 de agosto de 2025 11:56"},"featured_img_caption":"","series_order":"","_links":{"self":[{"href":"https:\/\/sindaopcpb.org.br\/index.php\/wp-json\/wp\/v2\/posts\/59525","targetHints":{"allow":["GET"]}}],"collection":[{"href":"https:\/\/sindaopcpb.org.br\/index.php\/wp-json\/wp\/v2\/posts"}],"about":[{"href":"https:\/\/sindaopcpb.org.br\/index.php\/wp-json\/wp\/v2\/types\/post"}],"author":[{"embeddable":true,"href":"https:\/\/sindaopcpb.org.br\/index.php\/wp-json\/wp\/v2\/users\/123457"}],"replies":[{"embeddable":true,"href":"https:\/\/sindaopcpb.org.br\/index.php\/wp-json\/wp\/v2\/comments?post=59525"}],"version-history":[{"count":1,"href":"https:\/\/sindaopcpb.org.br\/index.php\/wp-json\/wp\/v2\/posts\/59525\/revisions"}],"predecessor-version":[{"id":59526,"href":"https:\/\/sindaopcpb.org.br\/index.php\/wp-json\/wp\/v2\/posts\/59525\/revisions\/59526"}],"wp:attachment":[{"href":"https:\/\/sindaopcpb.org.br\/index.php\/wp-json\/wp\/v2\/media?parent=59525"}],"wp:term":[{"taxonomy":"category","embeddable":true,"href":"https:\/\/sindaopcpb.org.br\/index.php\/wp-json\/wp\/v2\/categories?post=59525"},{"taxonomy":"post_tag","embeddable":true,"href":"https:\/\/sindaopcpb.org.br\/index.php\/wp-json\/wp\/v2\/tags?post=59525"}],"curies":[{"name":"wp","href":"https:\/\/api.w.org\/{rel}","templated":true}]}}