{"id":59523,"date":"2025-08-04T12:00:13","date_gmt":"2025-08-04T15:00:13","guid":{"rendered":"https:\/\/www.pbagora.com.br\/?p=911040"},"modified":"2025-08-04T13:40:13","modified_gmt":"2025-08-04T16:40:13","slug":"carro-atinge-moto-em-campina-grande-e-deixa-duas-pessoas-feridas-motorista-foge-e-e-preso-horas-depois","status":"publish","type":"post","link":"https:\/\/sindaopcpb.org.br\/index.php\/2025\/08\/04\/carro-atinge-moto-em-campina-grande-e-deixa-duas-pessoas-feridas-motorista-foge-e-e-preso-horas-depois\/","title":{"rendered":"Carro atinge moto em Campina Grande e deixa duas pessoas feridas; motorista foge e \u00e9 preso horas depois"},"content":{"rendered":"<p><img width=\"984\" height=\"554\" src=\"https:\/\/www.pbagora.com.br\/storage\/2025\/08\/atropelamento.avif\" class=\"attachment-large size-large wp-post-image\" alt=\"\" style=\"margin-bottom: 20px;\" decoding=\"async\" loading=\"lazy\" srcset=\"https:\/\/www.pbagora.com.br\/storage\/2025\/08\/atropelamento.avif 984w, https:\/\/www.pbagora.com.br\/storage\/2025\/08\/atropelamento-300x169.avif 300w, https:\/\/www.pbagora.com.br\/storage\/2025\/08\/atropelamento-150x84.avif 150w, https:\/\/www.pbagora.com.br\/storage\/2025\/08\/atropelamento-768x432.avif 768w, https:\/\/www.pbagora.com.br\/storage\/2025\/08\/atropelamento-380x214.avif 380w, https:\/\/www.pbagora.com.br\/storage\/2025\/08\/atropelamento-800x450.avif 800w, https:\/\/www.pbagora.com.br\/storage\/2025\/08\/atropelamento-80x46.avif 80w, https:\/\/www.pbagora.com.br\/storage\/2025\/08\/atropelamento-760x428.avif 760w, https:\/\/www.pbagora.com.br\/storage\/2025\/08\/atropelamento-600x338.avif 600w\" sizes=\"auto, (max-width: 984px) 100vw, 984px\" \/><\/p>\n<p>Um acidente envolvendo um carro e uma moto deixou duas pessoas feridas na Rua dos Avelozes, em Campina Grande, no fim de semana. Imagens captadas por c\u00e2meras de seguran\u00e7a de um estabelecimento pr\u00f3ximo ao local mostram o momento exato da colis\u00e3o.<\/p>\n\n\n\n<p>De acordo com as imagens, o carro tenta ultrapassar outro ve\u00edculo quando colide com a moto, fazendo com que as duas pessoas que estavam nela ca\u00edssem ao ch\u00e3o. Uma das v\u00edtimas chegou a ser atropelada por outro ve\u00edculo que trafegava na faixa contr\u00e1ria.<\/p>\n\n\n\n<p>O Servi\u00e7o de Atendimento M\u00f3vel de Urg\u00eancia (Samu) foi acionado para socorrer as v\u00edtimas, que foram encaminhadas ao Hospital de Trauma de Campina Grande para atendimento m\u00e9dico. O estado de sa\u00fade delas ainda n\u00e3o foi divulgado.<\/p>\n\n\n\n<p>Ap\u00f3s o acidente, o motorista do carro fugiu do local, mas foi preso horas depois pela pol\u00edcia.<\/p>\n\n\n\n<p><em><strong>PB Agora<\/strong><\/em><\/p>\n\n\n\n<p><\/p>\n","protected":false},"excerpt":{"rendered":"<p><img loading=\"lazy\" decoding=\"async\" width=\"984\" height=\"554\" src=\"https:\/\/www.pbagora.com.br\/storage\/2025\/08\/atropelamento.avif\" class=\"attachment-large size-large wp-post-image\" alt=\"\" srcset=\"https:\/\/www.pbagora.com.br\/storage\/2025\/08\/atropelamento.avif 984w, https:\/\/www.pbagora.com.br\/storage\/2025\/08\/atropelamento-300x169.avif 300w, https:\/\/www.pbagora.com.br\/storage\/2025\/08\/atropelamento-150x84.avif 150w, https:\/\/www.pbagora.com.br\/storage\/2025\/08\/atropelamento-768x432.avif 768w, https:\/\/www.pbagora.com.br\/storage\/2025\/08\/atropelamento-380x214.avif 380w, https:\/\/www.pbagora.com.br\/storage\/2025\/08\/atropelamento-800x450.avif 800w, https:\/\/www.pbagora.com.br\/storage\/2025\/08\/atropelamento-80x46.avif 80w, https:\/\/www.pbagora.com.br\/storage\/2025\/08\/atropelamento-760x428.avif 760w, https:\/\/www.pbagora.com.br\/storage\/2025\/08\/atropelamento-600x338.avif 600w\" sizes=\"auto, (max-width: 984px) 100vw, 984px\"><\/p>\n<p>Um acidente envolvendo um carro e uma moto deixou duas pessoas feridas na Rua dos Avelozes, em Campina\u2026<\/p>\n","protected":false},"author":123457,"featured_media":0,"comment_status":"closed","ping_status":"closed","sticky":false,"template":"","format":"standard","meta":{"advgb_blocks_editor_width":"","advgb_blocks_columns_visual_guide":"","footnotes":""},"categories":[34],"tags":[10841,35,10839],"class_list":["post-59523","post","type-post","status-publish","format-standard","hentry","category-g1","tag-destaque-centro-02","tag-g1","tag-policial"],"author_meta":{"display_name":"Reda\u00e7\u00e3o","author_link":"https:\/\/sindaopcpb.org.br\/author\/redacao\/"},"featured_img":null,"coauthors":[],"tax_additional":{"categories":{"linked":["<a href=\"https:\/\/sindaopcpb.org.br\/g1\/\" class=\"advgb-post-tax-term\">G1<\/a>"],"unlinked":["<span class=\"advgb-post-tax-term\">G1<\/span>"]},"tags":{"linked":["<a href=\"https:\/\/sindaopcpb.org.br\/g1\/\" class=\"advgb-post-tax-term\">Destaque Centro 02<\/a>","<a href=\"https:\/\/sindaopcpb.org.br\/g1\/\" class=\"advgb-post-tax-term\">g1<\/a>","<a href=\"https:\/\/sindaopcpb.org.br\/g1\/\" class=\"advgb-post-tax-term\">Policial<\/a>"],"unlinked":["<span class=\"advgb-post-tax-term\">Destaque Centro 02<\/span>","<span class=\"advgb-post-tax-term\">g1<\/span>","<span class=\"advgb-post-tax-term\">Policial<\/span>"]}},"comment_count":"0","relative_dates":{"created":"Publicado 9 meses atr\u00e1s","modified":"Atualizado 9 meses atr\u00e1s"},"absolute_dates":{"created":"Publicado em 4 de agosto de 2025","modified":"Atualizado em 4 de agosto de 2025"},"absolute_dates_time":{"created":"Publicado em 4 de agosto de 2025 12:00","modified":"Atualizado em 4 de agosto de 2025 13:40"},"featured_img_caption":"","series_order":"","_links":{"self":[{"href":"https:\/\/sindaopcpb.org.br\/index.php\/wp-json\/wp\/v2\/posts\/59523","targetHints":{"allow":["GET"]}}],"collection":[{"href":"https:\/\/sindaopcpb.org.br\/index.php\/wp-json\/wp\/v2\/posts"}],"about":[{"href":"https:\/\/sindaopcpb.org.br\/index.php\/wp-json\/wp\/v2\/types\/post"}],"author":[{"embeddable":true,"href":"https:\/\/sindaopcpb.org.br\/index.php\/wp-json\/wp\/v2\/users\/123457"}],"replies":[{"embeddable":true,"href":"https:\/\/sindaopcpb.org.br\/index.php\/wp-json\/wp\/v2\/comments?post=59523"}],"version-history":[{"count":2,"href":"https:\/\/sindaopcpb.org.br\/index.php\/wp-json\/wp\/v2\/posts\/59523\/revisions"}],"predecessor-version":[{"id":59530,"href":"https:\/\/sindaopcpb.org.br\/index.php\/wp-json\/wp\/v2\/posts\/59523\/revisions\/59530"}],"wp:attachment":[{"href":"https:\/\/sindaopcpb.org.br\/index.php\/wp-json\/wp\/v2\/media?parent=59523"}],"wp:term":[{"taxonomy":"category","embeddable":true,"href":"https:\/\/sindaopcpb.org.br\/index.php\/wp-json\/wp\/v2\/categories?post=59523"},{"taxonomy":"post_tag","embeddable":true,"href":"https:\/\/sindaopcpb.org.br\/index.php\/wp-json\/wp\/v2\/tags?post=59523"}],"curies":[{"name":"wp","href":"https:\/\/api.w.org\/{rel}","templated":true}]}}