{"id":59517,"date":"2025-08-04T10:00:37","date_gmt":"2025-08-04T13:00:37","guid":{"rendered":"https:\/\/www.pbagora.com.br\/?p=910996"},"modified":"2025-08-04T12:00:37","modified_gmt":"2025-08-04T15:00:37","slug":"policia-prende-tres-pessoas-e-apreende-espingarda-cano-duplo-artesanal-em-cabedelo","status":"publish","type":"post","link":"https:\/\/sindaopcpb.org.br\/index.php\/2025\/08\/04\/policia-prende-tres-pessoas-e-apreende-espingarda-cano-duplo-artesanal-em-cabedelo\/","title":{"rendered":"Pol\u00edcia prende tr\u00eas pessoas e apreende espingarda cano duplo artesanal em Cabedelo"},"content":{"rendered":"<p><img width=\"937\" height=\"434\" src=\"https:\/\/www.pbagora.com.br\/storage\/2025\/08\/Sem-titulo-1.jpg\" class=\"attachment-large size-large wp-post-image\" alt=\"\" style=\"margin-bottom: 20px;\" decoding=\"async\" loading=\"lazy\" srcset=\"https:\/\/www.pbagora.com.br\/storage\/2025\/08\/Sem-titulo-1.jpg 937w, https:\/\/www.pbagora.com.br\/storage\/2025\/08\/Sem-titulo-1-300x139.jpg 300w, https:\/\/www.pbagora.com.br\/storage\/2025\/08\/Sem-titulo-1-150x69.jpg 150w, https:\/\/www.pbagora.com.br\/storage\/2025\/08\/Sem-titulo-1-768x356.jpg 768w, https:\/\/www.pbagora.com.br\/storage\/2025\/08\/Sem-titulo-1-380x176.jpg 380w, https:\/\/www.pbagora.com.br\/storage\/2025\/08\/Sem-titulo-1-800x371.jpg 800w, https:\/\/www.pbagora.com.br\/storage\/2025\/08\/Sem-titulo-1-80x37.jpg 80w, https:\/\/www.pbagora.com.br\/storage\/2025\/08\/Sem-titulo-1-760x352.jpg 760w, https:\/\/www.pbagora.com.br\/storage\/2025\/08\/Sem-titulo-1-600x278.jpg 600w\" sizes=\"auto, (max-width: 937px) 100vw, 937px\" \/><\/p>\n<p><\/p>\n\n\n\n<p>A Pol\u00edcia Civil, realizou uma opera\u00e7\u00e3o nas primeiras horas de hoje (04) na cidade de Cabedelo, na Regi\u00e3o Metropolitana de Jo\u00e3o Pessoa, resultou na pris\u00e3o de tr\u00eas pessoas. Dois dos suspeitos foram detidos atrav\u00e9s de mandados de pris\u00e3o, e o terceiro foi flagrado com drogas, grande quantidade de muni\u00e7\u00f5es e uma espingarda de cano duplo de fabrica\u00e7\u00e3o caseira.<\/p>\n\n\n\n<p>Segundo a investiga\u00e7\u00e3o, da Delegacia de Cabedelo est\u00e1 \u00e0 frente das investiga\u00e7\u00f5es, com apoio do N\u00facleo de Homic\u00eddios do munic\u00edpio. Os presos e o material apreendido foram encaminhados para a Cidade da Pol\u00edcia, no bairro do Geisel, em Jo\u00e3o Pessoa.<\/p>\n\n\n\n<p>A pol\u00edcia suspeita que os detidos tenham envolvimento em homic\u00eddios na regi\u00e3o e que integram uma fac\u00e7\u00e3o criminosa com atua\u00e7\u00e3o na Grande Jo\u00e3o Pessoa. At\u00e9 o momento da publica\u00e7\u00e3o desta mat\u00e9ria, a opera\u00e7\u00e3o seguia em andamento.<\/p>\n\n\n\n<p>Reda\u00e7\u00e3o<\/p>\n","protected":false},"excerpt":{"rendered":"<p><img loading=\"lazy\" decoding=\"async\" width=\"937\" height=\"434\" src=\"https:\/\/www.pbagora.com.br\/storage\/2025\/08\/Sem-titulo-1.jpg\" class=\"attachment-large size-large wp-post-image\" alt=\"\" srcset=\"https:\/\/www.pbagora.com.br\/storage\/2025\/08\/Sem-titulo-1.jpg 937w, https:\/\/www.pbagora.com.br\/storage\/2025\/08\/Sem-titulo-1-300x139.jpg 300w, https:\/\/www.pbagora.com.br\/storage\/2025\/08\/Sem-titulo-1-150x69.jpg 150w, https:\/\/www.pbagora.com.br\/storage\/2025\/08\/Sem-titulo-1-768x356.jpg 768w, https:\/\/www.pbagora.com.br\/storage\/2025\/08\/Sem-titulo-1-380x176.jpg 380w, https:\/\/www.pbagora.com.br\/storage\/2025\/08\/Sem-titulo-1-800x371.jpg 800w, https:\/\/www.pbagora.com.br\/storage\/2025\/08\/Sem-titulo-1-80x37.jpg 80w, https:\/\/www.pbagora.com.br\/storage\/2025\/08\/Sem-titulo-1-760x352.jpg 760w, https:\/\/www.pbagora.com.br\/storage\/2025\/08\/Sem-titulo-1-600x278.jpg 600w\" sizes=\"auto, (max-width: 937px) 100vw, 937px\"><\/p>\n<p>A Pol\u00edcia Civil, realizou uma opera\u00e7\u00e3o nas primeiras horas de hoje (04) na cidade de Cabedelo, na Regi\u00e3o\u2026<\/p>\n","protected":false},"author":123457,"featured_media":0,"comment_status":"closed","ping_status":"closed","sticky":false,"template":"","format":"standard","meta":{"advgb_blocks_editor_width":"","advgb_blocks_columns_visual_guide":"","footnotes":""},"categories":[34],"tags":[35,10839,10848],"class_list":["post-59517","post","type-post","status-publish","format-standard","hentry","category-g1","tag-g1","tag-policial","tag-rodape-01"],"author_meta":{"display_name":"Reda\u00e7\u00e3o","author_link":"https:\/\/sindaopcpb.org.br\/author\/redacao\/"},"featured_img":null,"coauthors":[],"tax_additional":{"categories":{"linked":["<a href=\"https:\/\/sindaopcpb.org.br\/g1\/\" class=\"advgb-post-tax-term\">G1<\/a>"],"unlinked":["<span class=\"advgb-post-tax-term\">G1<\/span>"]},"tags":{"linked":["<a href=\"https:\/\/sindaopcpb.org.br\/g1\/\" class=\"advgb-post-tax-term\">g1<\/a>","<a href=\"https:\/\/sindaopcpb.org.br\/g1\/\" class=\"advgb-post-tax-term\">Policial<\/a>","<a href=\"https:\/\/sindaopcpb.org.br\/g1\/\" class=\"advgb-post-tax-term\">Rodape 01<\/a>"],"unlinked":["<span class=\"advgb-post-tax-term\">g1<\/span>","<span class=\"advgb-post-tax-term\">Policial<\/span>","<span class=\"advgb-post-tax-term\">Rodape 01<\/span>"]}},"comment_count":"0","relative_dates":{"created":"Publicado 9 meses atr\u00e1s","modified":"Atualizado 9 meses atr\u00e1s"},"absolute_dates":{"created":"Publicado em 4 de agosto de 2025","modified":"Atualizado em 4 de agosto de 2025"},"absolute_dates_time":{"created":"Publicado em 4 de agosto de 2025 10:00","modified":"Atualizado em 4 de agosto de 2025 12:00"},"featured_img_caption":"","series_order":"","_links":{"self":[{"href":"https:\/\/sindaopcpb.org.br\/index.php\/wp-json\/wp\/v2\/posts\/59517","targetHints":{"allow":["GET"]}}],"collection":[{"href":"https:\/\/sindaopcpb.org.br\/index.php\/wp-json\/wp\/v2\/posts"}],"about":[{"href":"https:\/\/sindaopcpb.org.br\/index.php\/wp-json\/wp\/v2\/types\/post"}],"author":[{"embeddable":true,"href":"https:\/\/sindaopcpb.org.br\/index.php\/wp-json\/wp\/v2\/users\/123457"}],"replies":[{"embeddable":true,"href":"https:\/\/sindaopcpb.org.br\/index.php\/wp-json\/wp\/v2\/comments?post=59517"}],"version-history":[{"count":2,"href":"https:\/\/sindaopcpb.org.br\/index.php\/wp-json\/wp\/v2\/posts\/59517\/revisions"}],"predecessor-version":[{"id":59522,"href":"https:\/\/sindaopcpb.org.br\/index.php\/wp-json\/wp\/v2\/posts\/59517\/revisions\/59522"}],"wp:attachment":[{"href":"https:\/\/sindaopcpb.org.br\/index.php\/wp-json\/wp\/v2\/media?parent=59517"}],"wp:term":[{"taxonomy":"category","embeddable":true,"href":"https:\/\/sindaopcpb.org.br\/index.php\/wp-json\/wp\/v2\/categories?post=59517"},{"taxonomy":"post_tag","embeddable":true,"href":"https:\/\/sindaopcpb.org.br\/index.php\/wp-json\/wp\/v2\/tags?post=59517"}],"curies":[{"name":"wp","href":"https:\/\/api.w.org\/{rel}","templated":true}]}}