{"id":59514,"date":"2025-08-04T10:36:41","date_gmt":"2025-08-04T13:36:41","guid":{"rendered":"https:\/\/www.pbagora.com.br\/?p=911019"},"modified":"2025-08-04T12:00:41","modified_gmt":"2025-08-04T15:00:41","slug":"prf-flagra-condutor-embriagado-e-sem-cnh-apos-acidente-em-condado","status":"publish","type":"post","link":"https:\/\/sindaopcpb.org.br\/index.php\/2025\/08\/04\/prf-flagra-condutor-embriagado-e-sem-cnh-apos-acidente-em-condado\/","title":{"rendered":"PRF flagra condutor embriagado e sem CNH ap\u00f3s acidente em Condado"},"content":{"rendered":"<p><img width=\"768\" height=\"427\" src=\"https:\/\/www.pbagora.com.br\/storage\/2025\/08\/WhatsApp-Image-2025-08-04-at-08.51.01.jpeg\" class=\"attachment-large size-large wp-post-image\" alt=\"\" style=\"margin-bottom: 20px;\" decoding=\"async\" srcset=\"https:\/\/www.pbagora.com.br\/storage\/2025\/08\/WhatsApp-Image-2025-08-04-at-08.51.01.jpeg 768w, https:\/\/www.pbagora.com.br\/storage\/2025\/08\/WhatsApp-Image-2025-08-04-at-08.51.01-300x167.jpeg 300w, https:\/\/www.pbagora.com.br\/storage\/2025\/08\/WhatsApp-Image-2025-08-04-at-08.51.01-150x83.jpeg 150w, https:\/\/www.pbagora.com.br\/storage\/2025\/08\/WhatsApp-Image-2025-08-04-at-08.51.01-380x211.jpeg 380w, https:\/\/www.pbagora.com.br\/storage\/2025\/08\/WhatsApp-Image-2025-08-04-at-08.51.01-80x44.jpeg 80w, https:\/\/www.pbagora.com.br\/storage\/2025\/08\/WhatsApp-Image-2025-08-04-at-08.51.01-760x423.jpeg 760w, https:\/\/www.pbagora.com.br\/storage\/2025\/08\/WhatsApp-Image-2025-08-04-at-08.51.01-600x334.jpeg 600w\" sizes=\"(max-width: 768px) 100vw, 768px\" \/><\/p>\n<p>A Pol\u00edcia Rodovi\u00e1ria Federal (PRF) na Para\u00edba flagrou, na madrugada desse domingo (03), o condutor de uma motocicleta embriagado, ap\u00f3s ele se envolver em um sinistro de tr\u00e2nsito do tipo sa\u00edda de pista. Al\u00e9m de estar sob efeito de \u00e1lcool, o motociclista n\u00e3o era habilitado.<\/p>\n\n\n\n<p>Por volta das 03h31, no km 374 da BR-230, uma equipe da PRF atendeu \u00e0 ocorr\u00eancia envolvendo uma motocicleta Honda Biz 125 ES, de cor vermelha. Ao chegar ao local, equipes do Corpo de Bombeiros e do SAMU j\u00e1 prestavam os primeiros socorros ao condutor, um homem de 37 anos.<\/p>\n\n\n\n<p>Durante os procedimentos, o motociclista foi submetido ao teste do etil\u00f4metro, que registrou um teor de 1.12 miligramas de \u00e1lcool por litro de ar expelido pelos pulm\u00f5es. Al\u00e9m da embriaguez, as consultas aos sistemas policiais revelaram que o condutor n\u00e3o possu\u00eda Carteira Nacional de Habilita\u00e7\u00e3o (CNH). Devido \u00e0 gravidade dos ferimentos, o homem n\u00e3o foi encaminhado de imediato \u00e0 delegacia, necessitando de atendimento m\u00e9dico. A motocicleta foi entregue a um respons\u00e1vel indicado.<\/p>\n\n\n\n<p><strong><em>PB Agora<\/em><\/strong><\/p>\n","protected":false},"excerpt":{"rendered":"<p><img loading=\"lazy\" decoding=\"async\" width=\"768\" height=\"427\" src=\"https:\/\/www.pbagora.com.br\/storage\/2025\/08\/WhatsApp-Image-2025-08-04-at-08.51.01.jpeg\" class=\"attachment-large size-large wp-post-image\" alt=\"\" srcset=\"https:\/\/www.pbagora.com.br\/storage\/2025\/08\/WhatsApp-Image-2025-08-04-at-08.51.01.jpeg 768w, https:\/\/www.pbagora.com.br\/storage\/2025\/08\/WhatsApp-Image-2025-08-04-at-08.51.01-300x167.jpeg 300w, https:\/\/www.pbagora.com.br\/storage\/2025\/08\/WhatsApp-Image-2025-08-04-at-08.51.01-150x83.jpeg 150w, https:\/\/www.pbagora.com.br\/storage\/2025\/08\/WhatsApp-Image-2025-08-04-at-08.51.01-380x211.jpeg 380w, https:\/\/www.pbagora.com.br\/storage\/2025\/08\/WhatsApp-Image-2025-08-04-at-08.51.01-80x44.jpeg 80w, https:\/\/www.pbagora.com.br\/storage\/2025\/08\/WhatsApp-Image-2025-08-04-at-08.51.01-760x423.jpeg 760w, https:\/\/www.pbagora.com.br\/storage\/2025\/08\/WhatsApp-Image-2025-08-04-at-08.51.01-600x334.jpeg 600w\" sizes=\"auto, (max-width: 768px) 100vw, 768px\"><\/p>\n<p>A Pol\u00edcia Rodovi\u00e1ria Federal (PRF) na Para\u00edba flagrou, na madrugada desse domingo (03), o condutor de uma motocicleta\u2026<\/p>\n","protected":false},"author":123457,"featured_media":0,"comment_status":"closed","ping_status":"closed","sticky":false,"template":"","format":"standard","meta":{"advgb_blocks_editor_width":"","advgb_blocks_columns_visual_guide":"","footnotes":""},"categories":[34],"tags":[10840,35,10839],"class_list":["post-59514","post","type-post","status-publish","format-standard","hentry","category-g1","tag-destaque-centro-03","tag-g1","tag-policial"],"author_meta":{"display_name":"Reda\u00e7\u00e3o","author_link":"https:\/\/sindaopcpb.org.br\/author\/redacao\/"},"featured_img":null,"coauthors":[],"tax_additional":{"categories":{"linked":["<a href=\"https:\/\/sindaopcpb.org.br\/g1\/\" class=\"advgb-post-tax-term\">G1<\/a>"],"unlinked":["<span class=\"advgb-post-tax-term\">G1<\/span>"]},"tags":{"linked":["<a href=\"https:\/\/sindaopcpb.org.br\/g1\/\" class=\"advgb-post-tax-term\">Destaque Centro 03<\/a>","<a href=\"https:\/\/sindaopcpb.org.br\/g1\/\" class=\"advgb-post-tax-term\">g1<\/a>","<a href=\"https:\/\/sindaopcpb.org.br\/g1\/\" class=\"advgb-post-tax-term\">Policial<\/a>"],"unlinked":["<span class=\"advgb-post-tax-term\">Destaque Centro 03<\/span>","<span class=\"advgb-post-tax-term\">g1<\/span>","<span class=\"advgb-post-tax-term\">Policial<\/span>"]}},"comment_count":"0","relative_dates":{"created":"Publicado 9 meses atr\u00e1s","modified":"Atualizado 9 meses atr\u00e1s"},"absolute_dates":{"created":"Publicado em 4 de agosto de 2025","modified":"Atualizado em 4 de agosto de 2025"},"absolute_dates_time":{"created":"Publicado em 4 de agosto de 2025 10:36","modified":"Atualizado em 4 de agosto de 2025 12:00"},"featured_img_caption":"","series_order":"","_links":{"self":[{"href":"https:\/\/sindaopcpb.org.br\/index.php\/wp-json\/wp\/v2\/posts\/59514","targetHints":{"allow":["GET"]}}],"collection":[{"href":"https:\/\/sindaopcpb.org.br\/index.php\/wp-json\/wp\/v2\/posts"}],"about":[{"href":"https:\/\/sindaopcpb.org.br\/index.php\/wp-json\/wp\/v2\/types\/post"}],"author":[{"embeddable":true,"href":"https:\/\/sindaopcpb.org.br\/index.php\/wp-json\/wp\/v2\/users\/123457"}],"replies":[{"embeddable":true,"href":"https:\/\/sindaopcpb.org.br\/index.php\/wp-json\/wp\/v2\/comments?post=59514"}],"version-history":[{"count":3,"href":"https:\/\/sindaopcpb.org.br\/index.php\/wp-json\/wp\/v2\/posts\/59514\/revisions"}],"predecessor-version":[{"id":59531,"href":"https:\/\/sindaopcpb.org.br\/index.php\/wp-json\/wp\/v2\/posts\/59514\/revisions\/59531"}],"wp:attachment":[{"href":"https:\/\/sindaopcpb.org.br\/index.php\/wp-json\/wp\/v2\/media?parent=59514"}],"wp:term":[{"taxonomy":"category","embeddable":true,"href":"https:\/\/sindaopcpb.org.br\/index.php\/wp-json\/wp\/v2\/categories?post=59514"},{"taxonomy":"post_tag","embeddable":true,"href":"https:\/\/sindaopcpb.org.br\/index.php\/wp-json\/wp\/v2\/tags?post=59514"}],"curies":[{"name":"wp","href":"https:\/\/api.w.org\/{rel}","templated":true}]}}