{"id":59363,"date":"2025-07-29T09:15:17","date_gmt":"2025-07-29T12:15:17","guid":{"rendered":"https:\/\/www.pbagora.com.br\/?p=910284"},"modified":"2025-07-29T11:30:17","modified_gmt":"2025-07-29T14:30:17","slug":"pc-prende-suspeito-de-tentativa-de-feminicidio-em-alagoa-nova","status":"publish","type":"post","link":"https:\/\/sindaopcpb.org.br\/index.php\/2025\/07\/29\/pc-prende-suspeito-de-tentativa-de-feminicidio-em-alagoa-nova\/","title":{"rendered":"PC prende suspeito de tentativa de feminic\u00eddio em Alagoa Nova"},"content":{"rendered":"<p><img width=\"931\" height=\"427\" src=\"https:\/\/www.pbagora.com.br\/storage\/2025\/07\/pc-campina-grande-cg.jpg\" class=\"attachment-large size-large wp-post-image\" alt=\"\" style=\"margin-bottom: 20px;\" decoding=\"async\" srcset=\"https:\/\/www.pbagora.com.br\/storage\/2025\/07\/pc-campina-grande-cg.jpg 931w, https:\/\/www.pbagora.com.br\/storage\/2025\/07\/pc-campina-grande-cg-300x138.jpg 300w, https:\/\/www.pbagora.com.br\/storage\/2025\/07\/pc-campina-grande-cg-150x69.jpg 150w, https:\/\/www.pbagora.com.br\/storage\/2025\/07\/pc-campina-grande-cg-768x352.jpg 768w, https:\/\/www.pbagora.com.br\/storage\/2025\/07\/pc-campina-grande-cg-380x174.jpg 380w, https:\/\/www.pbagora.com.br\/storage\/2025\/07\/pc-campina-grande-cg-800x367.jpg 800w, https:\/\/www.pbagora.com.br\/storage\/2025\/07\/pc-campina-grande-cg-80x37.jpg 80w, https:\/\/www.pbagora.com.br\/storage\/2025\/07\/pc-campina-grande-cg-760x349.jpg 760w, https:\/\/www.pbagora.com.br\/storage\/2025\/07\/pc-campina-grande-cg-600x275.jpg 600w\" sizes=\"(max-width: 931px) 100vw, 931px\" \/><\/p>\n<p><\/p>\n\n\n\n<p>A Pol\u00edcia Civil da Para\u00edba cumpriu, ontem (28), um mandado de pris\u00e3o preventiva contra um homem suspeito de tentativa de feminic\u00eddio na cidade de Alagoa Nova, no Brejo paraibano. A a\u00e7\u00e3o foi realizada pelo Grupo T\u00e1tico Especial (GTE) da 12\u00aa Delegacia Seccional de Esperan\u00e7a.<\/p>\n\n\n\n<p>De acordo com as investiga\u00e7\u00f5es, o suspeito n\u00e3o aceitava o fim do relacionamento com a ex-companheira e passou a persegui-la de forma obsessiva e violenta. No \u00faltimo dia 13 de julho, por volta do meio-dia, ele invadiu a resid\u00eancia da v\u00edtima, com uma faca e visivelmente embriagado. Durante o ataque, desferiu um golpe na cabe\u00e7a da mulher e, ao ser contido pela filha dela, tamb\u00e9m tentou esfaque\u00e1-la, causando ferimentos na cabe\u00e7a e no bra\u00e7o da jovem.<\/p>\n\n\n\n<p>Depois do crime, o homem fugiu e abandonou a faca usada na agress\u00e3o pr\u00f3ximo \u00e0 casa. As v\u00edtimas foram socorridas por vizinhos e levadas ao hospital. Ainda de acordo com a Pol\u00edcia Civil, as amea\u00e7as e agress\u00f5es eram recorrentes e j\u00e1 vinham sendo relatadas h\u00e1 meses.<\/p>\n\n\n\n<p>A v\u00edtima relatou ainda que o investigado j\u00e1 havia tentado atac\u00e1-la com faca na rua, danificou motocicleta dela e quebrou o celular da filha, como forma de intimida\u00e7\u00e3o. Ap\u00f3s algumas dilig\u00eancias, o homem se apresentou espontaneamente na delegacia, onde foi preso. Diante dos ind\u00edcios de viol\u00eancia e da continuidade das agress\u00f5es, a Justi\u00e7a expediu o mandado de pris\u00e3o preventiva, que foi cumprido pelo GTE\/Homic\u00eddios.<\/p>\n\n\n\n<p>Reda\u00e7\u00e3o<\/p>\n","protected":false},"excerpt":{"rendered":"<p><img loading=\"lazy\" decoding=\"async\" width=\"931\" height=\"427\" src=\"https:\/\/www.pbagora.com.br\/storage\/2025\/07\/pc-campina-grande-cg.jpg\" class=\"attachment-large size-large wp-post-image\" alt=\"\" srcset=\"https:\/\/www.pbagora.com.br\/storage\/2025\/07\/pc-campina-grande-cg.jpg 931w, https:\/\/www.pbagora.com.br\/storage\/2025\/07\/pc-campina-grande-cg-300x138.jpg 300w, https:\/\/www.pbagora.com.br\/storage\/2025\/07\/pc-campina-grande-cg-150x69.jpg 150w, https:\/\/www.pbagora.com.br\/storage\/2025\/07\/pc-campina-grande-cg-768x352.jpg 768w, https:\/\/www.pbagora.com.br\/storage\/2025\/07\/pc-campina-grande-cg-380x174.jpg 380w, https:\/\/www.pbagora.com.br\/storage\/2025\/07\/pc-campina-grande-cg-800x367.jpg 800w, https:\/\/www.pbagora.com.br\/storage\/2025\/07\/pc-campina-grande-cg-80x37.jpg 80w, https:\/\/www.pbagora.com.br\/storage\/2025\/07\/pc-campina-grande-cg-760x349.jpg 760w, https:\/\/www.pbagora.com.br\/storage\/2025\/07\/pc-campina-grande-cg-600x275.jpg 600w\" sizes=\"auto, (max-width: 931px) 100vw, 931px\"><\/p>\n<p>A Pol\u00edcia Civil da Para\u00edba cumpriu, ontem (28), um mandado de pris\u00e3o preventiva contra um homem suspeito de\u2026<\/p>\n","protected":false},"author":123457,"featured_media":0,"comment_status":"closed","ping_status":"closed","sticky":false,"template":"","format":"standard","meta":{"advgb_blocks_editor_width":"","advgb_blocks_columns_visual_guide":"","footnotes":""},"categories":[34],"tags":[35,10839,10847],"class_list":["post-59363","post","type-post","status-publish","format-standard","hentry","category-g1","tag-g1","tag-policial","tag-rodape-03"],"author_meta":{"display_name":"Reda\u00e7\u00e3o","author_link":"https:\/\/sindaopcpb.org.br\/author\/redacao\/"},"featured_img":null,"coauthors":[],"tax_additional":{"categories":{"linked":["<a href=\"https:\/\/sindaopcpb.org.br\/g1\/\" class=\"advgb-post-tax-term\">G1<\/a>"],"unlinked":["<span class=\"advgb-post-tax-term\">G1<\/span>"]},"tags":{"linked":["<a href=\"https:\/\/sindaopcpb.org.br\/g1\/\" class=\"advgb-post-tax-term\">g1<\/a>","<a href=\"https:\/\/sindaopcpb.org.br\/g1\/\" class=\"advgb-post-tax-term\">Policial<\/a>","<a href=\"https:\/\/sindaopcpb.org.br\/g1\/\" class=\"advgb-post-tax-term\">Rodape 03<\/a>"],"unlinked":["<span class=\"advgb-post-tax-term\">g1<\/span>","<span class=\"advgb-post-tax-term\">Policial<\/span>","<span class=\"advgb-post-tax-term\">Rodape 03<\/span>"]}},"comment_count":"0","relative_dates":{"created":"Publicado 9 meses atr\u00e1s","modified":"Atualizado 9 meses atr\u00e1s"},"absolute_dates":{"created":"Publicado em 29 de julho de 2025","modified":"Atualizado em 29 de julho de 2025"},"absolute_dates_time":{"created":"Publicado em 29 de julho de 2025 09:15","modified":"Atualizado em 29 de julho de 2025 11:30"},"featured_img_caption":"","series_order":"","_links":{"self":[{"href":"https:\/\/sindaopcpb.org.br\/index.php\/wp-json\/wp\/v2\/posts\/59363","targetHints":{"allow":["GET"]}}],"collection":[{"href":"https:\/\/sindaopcpb.org.br\/index.php\/wp-json\/wp\/v2\/posts"}],"about":[{"href":"https:\/\/sindaopcpb.org.br\/index.php\/wp-json\/wp\/v2\/types\/post"}],"author":[{"embeddable":true,"href":"https:\/\/sindaopcpb.org.br\/index.php\/wp-json\/wp\/v2\/users\/123457"}],"replies":[{"embeddable":true,"href":"https:\/\/sindaopcpb.org.br\/index.php\/wp-json\/wp\/v2\/comments?post=59363"}],"version-history":[{"count":2,"href":"https:\/\/sindaopcpb.org.br\/index.php\/wp-json\/wp\/v2\/posts\/59363\/revisions"}],"predecessor-version":[{"id":59372,"href":"https:\/\/sindaopcpb.org.br\/index.php\/wp-json\/wp\/v2\/posts\/59363\/revisions\/59372"}],"wp:attachment":[{"href":"https:\/\/sindaopcpb.org.br\/index.php\/wp-json\/wp\/v2\/media?parent=59363"}],"wp:term":[{"taxonomy":"category","embeddable":true,"href":"https:\/\/sindaopcpb.org.br\/index.php\/wp-json\/wp\/v2\/categories?post=59363"},{"taxonomy":"post_tag","embeddable":true,"href":"https:\/\/sindaopcpb.org.br\/index.php\/wp-json\/wp\/v2\/tags?post=59363"}],"curies":[{"name":"wp","href":"https:\/\/api.w.org\/{rel}","templated":true}]}}