{"id":59360,"date":"2025-07-29T09:26:15","date_gmt":"2025-07-29T12:26:15","guid":{"rendered":"https:\/\/www.pbagora.com.br\/?p=910306"},"modified":"2025-07-29T09:26:15","modified_gmt":"2025-07-29T12:26:15","slug":"canil-clandestino-e-interditado-em-joao-pessoa-apos-denuncias-de-maus-tratos-32-caes-sao-resgatados","status":"publish","type":"post","link":"https:\/\/sindaopcpb.org.br\/index.php\/2025\/07\/29\/canil-clandestino-e-interditado-em-joao-pessoa-apos-denuncias-de-maus-tratos-32-caes-sao-resgatados\/","title":{"rendered":"Canil clandestino \u00e9 interditado em Jo\u00e3o Pessoa ap\u00f3s den\u00fancias de maus-tratos; 32 c\u00e3es s\u00e3o resgatados"},"content":{"rendered":"<p><img width=\"822\" height=\"520\" src=\"https:\/\/www.pbagora.com.br\/storage\/2025\/07\/image-81.png\" class=\"attachment-large size-large wp-post-image\" alt=\"\" style=\"margin-bottom: 20px;\" decoding=\"async\" srcset=\"https:\/\/www.pbagora.com.br\/storage\/2025\/07\/image-81.png 822w, https:\/\/www.pbagora.com.br\/storage\/2025\/07\/image-81-300x190.png 300w, https:\/\/www.pbagora.com.br\/storage\/2025\/07\/image-81-150x95.png 150w, https:\/\/www.pbagora.com.br\/storage\/2025\/07\/image-81-768x486.png 768w, https:\/\/www.pbagora.com.br\/storage\/2025\/07\/image-81-380x240.png 380w, https:\/\/www.pbagora.com.br\/storage\/2025\/07\/image-81-800x506.png 800w, https:\/\/www.pbagora.com.br\/storage\/2025\/07\/image-81-80x50.png 80w, https:\/\/www.pbagora.com.br\/storage\/2025\/07\/image-81-760x481.png 760w, https:\/\/www.pbagora.com.br\/storage\/2025\/07\/image-81-600x380.png 600w\" sizes=\"(max-width: 822px) 100vw, 822px\" \/><\/p>\n<p>Um canil clandestino foi interditado nessa segunda-feira (28) no bairro do Jos\u00e9 Am\u00e9rico, em Jo\u00e3o Pessoa, ap\u00f3s den\u00fancias de maus-tratos contra animais. A opera\u00e7\u00e3o foi conduzida pela Secretaria de Prote\u00e7\u00e3o e Bem-Estar Animal da Capital, com apoio da Pol\u00edcia Militar, Guarda Civil Metropolitana e do Conselho Regional de Medicina Veterin\u00e1ria da Para\u00edba (CRMV-PB).<\/p>\n\n\n\n<p>No local foram encontrados 32 c\u00e3es, incluindo filhotes, vivendo em condi\u00e7\u00f5es insalubres e de extremo sofrimento. Muitos estavam infestados com sarna, carrapatos e pulgas, confinados em espa\u00e7os pequenos, sem ventila\u00e7\u00e3o e higiene. O im\u00f3vel n\u00e3o apresentava identifica\u00e7\u00e3o e funcionava clandestinamente como ponto de cria\u00e7\u00e3o e, possivelmente, de com\u00e9rcio ilegal de animais.<\/p>\n\n\n\n<p>Segundo o secret\u00e1rio Guga Pet, os animais foram imediatamente levados ao Hospital Veterin\u00e1rio P\u00fablico, onde est\u00e3o recebendo atendimento m\u00e9dico, avalia\u00e7\u00e3o cl\u00ednica e ser\u00e3o catalogados. Ap\u00f3s esse processo, ser\u00e3o encaminhados para guarda provis\u00f3ria da Prefeitura de Jo\u00e3o Pessoa. O destino final dos c\u00e3es ser\u00e1 definido pela Justi\u00e7a, que poder\u00e1 retirar a tutela do tutor infrator e autorizar a ado\u00e7\u00e3o respons\u00e1vel dos animais.<\/p>\n\n\n\n<p>O respons\u00e1vel pelo im\u00f3vel alegou ser dono dos c\u00e3es, mas n\u00e3o apresentou nenhuma licen\u00e7a de funcionamento, registro t\u00e9cnico (RT) ou documenta\u00e7\u00e3o obrigat\u00f3ria para operar legalmente. Moradores vizinhos relataram que o local n\u00e3o era habitado e servia apenas para alojar os animais em situa\u00e7\u00e3o de neglig\u00eancia.<\/p>\n\n\n\n<p>O homem foi detido em flagrante e encaminhado \u00e0 delegacia, onde poder\u00e1 responder pelo crime de maus-tratos a animais, com pena prevista de 2 a 5 anos de reclus\u00e3o, al\u00e9m de multa e proibi\u00e7\u00e3o de posse de novos animais.<\/p>\n\n\n\n<p><strong><em>PB Agora<\/em><\/strong><\/p>\n","protected":false},"excerpt":{"rendered":"<p><img loading=\"lazy\" decoding=\"async\" width=\"822\" height=\"520\" src=\"https:\/\/www.pbagora.com.br\/storage\/2025\/07\/image-81.png\" class=\"attachment-large size-large wp-post-image\" alt=\"\" srcset=\"https:\/\/www.pbagora.com.br\/storage\/2025\/07\/image-81.png 822w, https:\/\/www.pbagora.com.br\/storage\/2025\/07\/image-81-300x190.png 300w, https:\/\/www.pbagora.com.br\/storage\/2025\/07\/image-81-150x95.png 150w, https:\/\/www.pbagora.com.br\/storage\/2025\/07\/image-81-768x486.png 768w, https:\/\/www.pbagora.com.br\/storage\/2025\/07\/image-81-380x240.png 380w, https:\/\/www.pbagora.com.br\/storage\/2025\/07\/image-81-800x506.png 800w, https:\/\/www.pbagora.com.br\/storage\/2025\/07\/image-81-80x50.png 80w, https:\/\/www.pbagora.com.br\/storage\/2025\/07\/image-81-760x481.png 760w, https:\/\/www.pbagora.com.br\/storage\/2025\/07\/image-81-600x380.png 600w\" sizes=\"auto, (max-width: 822px) 100vw, 822px\"><\/p>\n<p>Um canil clandestino foi interditado nessa segunda-feira (28) no bairro do Jos\u00e9 Am\u00e9rico, em Jo\u00e3o Pessoa, ap\u00f3s den\u00fancias\u2026<\/p>\n","protected":false},"author":123457,"featured_media":0,"comment_status":"closed","ping_status":"closed","sticky":false,"template":"","format":"standard","meta":{"advgb_blocks_editor_width":"","advgb_blocks_columns_visual_guide":"","footnotes":""},"categories":[34],"tags":[10845,35,10839],"class_list":["post-59360","post","type-post","status-publish","format-standard","hentry","category-g1","tag-destaque-centro-01","tag-g1","tag-policial"],"author_meta":{"display_name":"Reda\u00e7\u00e3o","author_link":"https:\/\/sindaopcpb.org.br\/author\/redacao\/"},"featured_img":null,"coauthors":[],"tax_additional":{"categories":{"linked":["<a href=\"https:\/\/sindaopcpb.org.br\/g1\/\" class=\"advgb-post-tax-term\">G1<\/a>"],"unlinked":["<span class=\"advgb-post-tax-term\">G1<\/span>"]},"tags":{"linked":["<a href=\"https:\/\/sindaopcpb.org.br\/g1\/\" class=\"advgb-post-tax-term\">Destaque Centro 01<\/a>","<a href=\"https:\/\/sindaopcpb.org.br\/g1\/\" class=\"advgb-post-tax-term\">g1<\/a>","<a href=\"https:\/\/sindaopcpb.org.br\/g1\/\" class=\"advgb-post-tax-term\">Policial<\/a>"],"unlinked":["<span class=\"advgb-post-tax-term\">Destaque Centro 01<\/span>","<span class=\"advgb-post-tax-term\">g1<\/span>","<span class=\"advgb-post-tax-term\">Policial<\/span>"]}},"comment_count":"0","relative_dates":{"created":"Publicado 9 meses atr\u00e1s","modified":"Atualizado 9 meses atr\u00e1s"},"absolute_dates":{"created":"Publicado em 29 de julho de 2025","modified":"Atualizado em 29 de julho de 2025"},"absolute_dates_time":{"created":"Publicado em 29 de julho de 2025 09:26","modified":"Atualizado em 29 de julho de 2025 09:26"},"featured_img_caption":"","series_order":"","_links":{"self":[{"href":"https:\/\/sindaopcpb.org.br\/index.php\/wp-json\/wp\/v2\/posts\/59360","targetHints":{"allow":["GET"]}}],"collection":[{"href":"https:\/\/sindaopcpb.org.br\/index.php\/wp-json\/wp\/v2\/posts"}],"about":[{"href":"https:\/\/sindaopcpb.org.br\/index.php\/wp-json\/wp\/v2\/types\/post"}],"author":[{"embeddable":true,"href":"https:\/\/sindaopcpb.org.br\/index.php\/wp-json\/wp\/v2\/users\/123457"}],"replies":[{"embeddable":true,"href":"https:\/\/sindaopcpb.org.br\/index.php\/wp-json\/wp\/v2\/comments?post=59360"}],"version-history":[{"count":3,"href":"https:\/\/sindaopcpb.org.br\/index.php\/wp-json\/wp\/v2\/posts\/59360\/revisions"}],"predecessor-version":[{"id":59382,"href":"https:\/\/sindaopcpb.org.br\/index.php\/wp-json\/wp\/v2\/posts\/59360\/revisions\/59382"}],"wp:attachment":[{"href":"https:\/\/sindaopcpb.org.br\/index.php\/wp-json\/wp\/v2\/media?parent=59360"}],"wp:term":[{"taxonomy":"category","embeddable":true,"href":"https:\/\/sindaopcpb.org.br\/index.php\/wp-json\/wp\/v2\/categories?post=59360"},{"taxonomy":"post_tag","embeddable":true,"href":"https:\/\/sindaopcpb.org.br\/index.php\/wp-json\/wp\/v2\/tags?post=59360"}],"curies":[{"name":"wp","href":"https:\/\/api.w.org\/{rel}","templated":true}]}}