{"id":59355,"date":"2025-07-29T06:29:15","date_gmt":"2025-07-29T09:29:15","guid":{"rendered":"https:\/\/www.pbagora.com.br\/?p=910268"},"modified":"2025-07-29T09:20:15","modified_gmt":"2025-07-29T12:20:15","slug":"pc-prende-pela-3a-vez-homem-suspeito-de-homicidio-apos-ameacar-a-propria-avo-em-campina","status":"publish","type":"post","link":"https:\/\/sindaopcpb.org.br\/index.php\/2025\/07\/29\/pc-prende-pela-3a-vez-homem-suspeito-de-homicidio-apos-ameacar-a-propria-avo-em-campina\/","title":{"rendered":"PC prende pela 3\u00aa vez homem suspeito de homic\u00eddio ap\u00f3s amea\u00e7ar a pr\u00f3pria av\u00f3 em Campina"},"content":{"rendered":"<p><img width=\"931\" height=\"427\" src=\"https:\/\/www.pbagora.com.br\/storage\/2025\/07\/pc-campina-grande-cg.jpg\" class=\"attachment-large size-large wp-post-image\" alt=\"\" style=\"margin-bottom: 20px;\" decoding=\"async\" loading=\"lazy\" srcset=\"https:\/\/www.pbagora.com.br\/storage\/2025\/07\/pc-campina-grande-cg.jpg 931w, https:\/\/www.pbagora.com.br\/storage\/2025\/07\/pc-campina-grande-cg-300x138.jpg 300w, https:\/\/www.pbagora.com.br\/storage\/2025\/07\/pc-campina-grande-cg-150x69.jpg 150w, https:\/\/www.pbagora.com.br\/storage\/2025\/07\/pc-campina-grande-cg-768x352.jpg 768w, https:\/\/www.pbagora.com.br\/storage\/2025\/07\/pc-campina-grande-cg-380x174.jpg 380w, https:\/\/www.pbagora.com.br\/storage\/2025\/07\/pc-campina-grande-cg-800x367.jpg 800w, https:\/\/www.pbagora.com.br\/storage\/2025\/07\/pc-campina-grande-cg-80x37.jpg 80w, https:\/\/www.pbagora.com.br\/storage\/2025\/07\/pc-campina-grande-cg-760x349.jpg 760w, https:\/\/www.pbagora.com.br\/storage\/2025\/07\/pc-campina-grande-cg-600x275.jpg 600w\" sizes=\"auto, (max-width: 931px) 100vw, 931px\" \/><\/p>\n<p><\/p>\n\n\n\n<p>&nbsp;Mais um caso assustador de viol\u00eancia contra idosos foi registrada na tarde de ontem (28), pela Pol\u00edcia Civil da Para\u00edba, por meio da Delegacia de Homic\u00eddios e Prote\u00e7\u00e3o \u00e0 Pessoa de Campina Grande (DHPP\/CG), que prendeu um homem de 22 anos, no bairro Pedregal, em Campina Grande, em cumprimento a um mandado de pris\u00e3o preventiva expedido pelo ju\u00edzo da Vara do Tribunal do J\u00fari da cidade.<\/p>\n\n\n\n<p>Segundo a investiga\u00e7\u00e3o o suspeito j\u00e1 havia sido preso em flagrante anteriormente pela DHPP\/CG, acusado de ter assassinado a pedradas Jos\u00e9 C\u00edcero de Souza, conhecido como Babalu, na noite do dia 31 de maio de 2025, no bairro Tambor, tamb\u00e9m em Campina Grande. Apesar da gravidade do crime, o homem foi solto durante audi\u00eancia de cust\u00f3dia.<\/p>\n\n\n\n<p>Pouco tempo depois, em 4 de julho, o mesmo indiv\u00edduo foi novamente preso em flagrante, desta vez pela Pol\u00edcia Militar, ap\u00f3s amea\u00e7ar de morte a pr\u00f3pria av\u00f3 e danificar objetos da resid\u00eancia da idosa. Ainda assim, voltou a ser liberado em audi\u00eancia de cust\u00f3dia.<\/p>\n\n\n\n<p>Diante da reincid\u00eancia dos atos violentos, o Minist\u00e9rio P\u00fablico representou pela pris\u00e3o preventiva, que foi deferida pela Justi\u00e7a. O suspeito foi localizado e detido novamente pela equipe da DHPP\/CG. Ele se encontra recolhido na carceragem da Cidade da Pol\u00edcia Civil, onde permanecer\u00e1 \u00e0 disposi\u00e7\u00e3o da Justi\u00e7a, aguardando a realiza\u00e7\u00e3o de nova audi\u00eancia de cust\u00f3dia.<\/p>\n\n\n\n<p>Reda\u00e7\u00e3o<\/p>\n","protected":false},"excerpt":{"rendered":"<p><img loading=\"lazy\" decoding=\"async\" width=\"931\" height=\"427\" src=\"https:\/\/www.pbagora.com.br\/storage\/2025\/07\/pc-campina-grande-cg.jpg\" class=\"attachment-large size-large wp-post-image\" alt=\"\" srcset=\"https:\/\/www.pbagora.com.br\/storage\/2025\/07\/pc-campina-grande-cg.jpg 931w, https:\/\/www.pbagora.com.br\/storage\/2025\/07\/pc-campina-grande-cg-300x138.jpg 300w, https:\/\/www.pbagora.com.br\/storage\/2025\/07\/pc-campina-grande-cg-150x69.jpg 150w, https:\/\/www.pbagora.com.br\/storage\/2025\/07\/pc-campina-grande-cg-768x352.jpg 768w, https:\/\/www.pbagora.com.br\/storage\/2025\/07\/pc-campina-grande-cg-380x174.jpg 380w, https:\/\/www.pbagora.com.br\/storage\/2025\/07\/pc-campina-grande-cg-800x367.jpg 800w, https:\/\/www.pbagora.com.br\/storage\/2025\/07\/pc-campina-grande-cg-80x37.jpg 80w, https:\/\/www.pbagora.com.br\/storage\/2025\/07\/pc-campina-grande-cg-760x349.jpg 760w, https:\/\/www.pbagora.com.br\/storage\/2025\/07\/pc-campina-grande-cg-600x275.jpg 600w\" sizes=\"auto, (max-width: 931px) 100vw, 931px\"><\/p>\n<p>\u00a0Mais um caso assustador de viol\u00eancia contra idosos foi registrada na tarde de ontem (28), pela Pol\u00edcia Civil\u2026<\/p>\n","protected":false},"author":123457,"featured_media":0,"comment_status":"closed","ping_status":"closed","sticky":false,"template":"","format":"standard","meta":{"advgb_blocks_editor_width":"","advgb_blocks_columns_visual_guide":"","footnotes":""},"categories":[34],"tags":[10852,35,10839],"class_list":["post-59355","post","type-post","status-publish","format-standard","hentry","category-g1","tag-destaque-final-01","tag-g1","tag-policial"],"author_meta":{"display_name":"Reda\u00e7\u00e3o","author_link":"https:\/\/sindaopcpb.org.br\/author\/redacao\/"},"featured_img":null,"coauthors":[],"tax_additional":{"categories":{"linked":["<a href=\"https:\/\/sindaopcpb.org.br\/g1\/\" class=\"advgb-post-tax-term\">G1<\/a>"],"unlinked":["<span class=\"advgb-post-tax-term\">G1<\/span>"]},"tags":{"linked":["<a href=\"https:\/\/sindaopcpb.org.br\/g1\/\" class=\"advgb-post-tax-term\">Destaque Final 01<\/a>","<a href=\"https:\/\/sindaopcpb.org.br\/g1\/\" class=\"advgb-post-tax-term\">g1<\/a>","<a href=\"https:\/\/sindaopcpb.org.br\/g1\/\" class=\"advgb-post-tax-term\">Policial<\/a>"],"unlinked":["<span class=\"advgb-post-tax-term\">Destaque Final 01<\/span>","<span class=\"advgb-post-tax-term\">g1<\/span>","<span class=\"advgb-post-tax-term\">Policial<\/span>"]}},"comment_count":"0","relative_dates":{"created":"Publicado 9 meses atr\u00e1s","modified":"Atualizado 9 meses atr\u00e1s"},"absolute_dates":{"created":"Publicado em 29 de julho de 2025","modified":"Atualizado em 29 de julho de 2025"},"absolute_dates_time":{"created":"Publicado em 29 de julho de 2025 06:29","modified":"Atualizado em 29 de julho de 2025 09:20"},"featured_img_caption":"","series_order":"","_links":{"self":[{"href":"https:\/\/sindaopcpb.org.br\/index.php\/wp-json\/wp\/v2\/posts\/59355","targetHints":{"allow":["GET"]}}],"collection":[{"href":"https:\/\/sindaopcpb.org.br\/index.php\/wp-json\/wp\/v2\/posts"}],"about":[{"href":"https:\/\/sindaopcpb.org.br\/index.php\/wp-json\/wp\/v2\/types\/post"}],"author":[{"embeddable":true,"href":"https:\/\/sindaopcpb.org.br\/index.php\/wp-json\/wp\/v2\/users\/123457"}],"replies":[{"embeddable":true,"href":"https:\/\/sindaopcpb.org.br\/index.php\/wp-json\/wp\/v2\/comments?post=59355"}],"version-history":[{"count":3,"href":"https:\/\/sindaopcpb.org.br\/index.php\/wp-json\/wp\/v2\/posts\/59355\/revisions"}],"predecessor-version":[{"id":59374,"href":"https:\/\/sindaopcpb.org.br\/index.php\/wp-json\/wp\/v2\/posts\/59355\/revisions\/59374"}],"wp:attachment":[{"href":"https:\/\/sindaopcpb.org.br\/index.php\/wp-json\/wp\/v2\/media?parent=59355"}],"wp:term":[{"taxonomy":"category","embeddable":true,"href":"https:\/\/sindaopcpb.org.br\/index.php\/wp-json\/wp\/v2\/categories?post=59355"},{"taxonomy":"post_tag","embeddable":true,"href":"https:\/\/sindaopcpb.org.br\/index.php\/wp-json\/wp\/v2\/tags?post=59355"}],"curies":[{"name":"wp","href":"https:\/\/api.w.org\/{rel}","templated":true}]}}