{"id":59352,"date":"2025-07-28T18:30:26","date_gmt":"2025-07-28T21:30:26","guid":{"rendered":"https:\/\/www.pbagora.com.br\/?p=910242"},"modified":"2025-07-28T18:30:26","modified_gmt":"2025-07-28T21:30:26","slug":"apos-desabamento-de-parte-da-marquise-defesa-civil-interdita-imovel-no-centro-de-joao-pessoa","status":"publish","type":"post","link":"https:\/\/sindaopcpb.org.br\/index.php\/2025\/07\/28\/apos-desabamento-de-parte-da-marquise-defesa-civil-interdita-imovel-no-centro-de-joao-pessoa\/","title":{"rendered":"Ap\u00f3s desabamento de parte da marquise, Defesa Civil interdita im\u00f3vel no Centro de Jo\u00e3o Pessoa"},"content":{"rendered":"<p><img width=\"720\" height=\"720\" src=\"https:\/\/www.pbagora.com.br\/storage\/2025\/07\/marquise-desabou-01.jpeg\" class=\"attachment-large size-large wp-post-image\" alt=\"\" style=\"margin-bottom: 20px;\" decoding=\"async\" srcset=\"https:\/\/www.pbagora.com.br\/storage\/2025\/07\/marquise-desabou-01.jpeg 720w, https:\/\/www.pbagora.com.br\/storage\/2025\/07\/marquise-desabou-01-300x300.jpeg 300w, https:\/\/www.pbagora.com.br\/storage\/2025\/07\/marquise-desabou-01-150x150.jpeg 150w, https:\/\/www.pbagora.com.br\/storage\/2025\/07\/marquise-desabou-01-80x80.jpeg 80w, https:\/\/www.pbagora.com.br\/storage\/2025\/07\/marquise-desabou-01-110x110.jpeg 110w, https:\/\/www.pbagora.com.br\/storage\/2025\/07\/marquise-desabou-01-380x380.jpeg 380w, https:\/\/www.pbagora.com.br\/storage\/2025\/07\/marquise-desabou-01-160x160.jpeg 160w, https:\/\/www.pbagora.com.br\/storage\/2025\/07\/marquise-desabou-01-600x600.jpeg 600w\" sizes=\"(max-width: 720px) 100vw, 720px\" \/><\/p>\n<p>A Coordenadoria Municipal de Prote\u00e7\u00e3o e Defesa Civil de Jo\u00e3o Pessoa (Compdec-JP) interditou, nesta segunda-feira (28), um im\u00f3vel, localizado na esquina da Rua Desembargador Jos\u00e9 Peregrino com a Rua Rodrigues de Aquino, no Centro, ap\u00f3s o desabamento da marquise. O pr\u00e9dio estava desocupado e ningu\u00e9m ficou ferido.<\/p>\n\n\n\n<p>Segundo o coordenador da Defesa Civil, Kelson Chaves, toda a edifica\u00e7\u00e3o foi interditada devido aos danos causados na estrutura do im\u00f3vel, que oferece risco para as pessoas que transitam pelo local.<\/p>\n\n\n\n<p>\u201cN\u00f3s interditamos a edifica\u00e7\u00e3o at\u00e9 que seja realizada a demoli\u00e7\u00e3o do restante da marquise, que \u00e9 de responsabilidade do propriet\u00e1rio. Por se tratar de um im\u00f3vel tombado, n\u00f3s comunicamos ao Instituto do Patrim\u00f4nio Hist\u00f3rico e Art\u00edsitico do Estado da Para\u00edba (Iphaep), que vai acompanhar essas a\u00e7\u00f5es\u201d, afirmou.<\/p>\n\n\n\n<figure class=\"wp-block-image size-full\"><img  decoding=\"async\"  width=\"720\"  height=\"720\"  src=\"https:\/\/www.pbagora.com.br\/storage\/2025\/07\/marquise-desabou-02.jpeg\"  alt=\"\"  class=\"wp-image-910243\"  srcset=\"https:\/\/www.pbagora.com.br\/storage\/2025\/07\/marquise-desabou-02.jpeg 720w, https:\/\/www.pbagora.com.br\/storage\/2025\/07\/marquise-desabou-02-300x300.jpeg 300w, https:\/\/www.pbagora.com.br\/storage\/2025\/07\/marquise-desabou-02-150x150.jpeg 150w, https:\/\/www.pbagora.com.br\/storage\/2025\/07\/marquise-desabou-02-80x80.jpeg 80w, https:\/\/www.pbagora.com.br\/storage\/2025\/07\/marquise-desabou-02-110x110.jpeg 110w, https:\/\/www.pbagora.com.br\/storage\/2025\/07\/marquise-desabou-02-380x380.jpeg 380w, https:\/\/www.pbagora.com.br\/storage\/2025\/07\/marquise-desabou-02-160x160.jpeg 160w, https:\/\/www.pbagora.com.br\/storage\/2025\/07\/marquise-desabou-02-600x600.jpeg 600w\"  sizes=\"(max-width: 720px) 100vw, 720px\" ><figcaption class=\"wp-element-caption\">Foto: Assessoria \/ Secom-JP<\/figcaption><\/figure>\n\n\n\n<p><strong>Alerta amarelo \u2013&nbsp;<\/strong>O Instituto Nacional de Meteorologia (Inmet) renovou o alerta de acumulado de chuva (perigo potencial) para Jo\u00e3o Pessoa. Segundo a previs\u00e3o, pode chover na Capital entre 20 a 30 mm\/h ou 50 mm\/dia, com baixo risco de alagamentos e deslizamento de terras. O aviso \u00e9 v\u00e1lido at\u00e9 as 10h da ter\u00e7a-feira (29).<\/p>\n\n\n\n<p>Com a divulga\u00e7\u00e3o do alerta, a Coordenadoria Municipal de Prote\u00e7\u00e3o e Defesa Civil (Compdec-JP) manteve as equipes em estado de aten\u00e7\u00e3o e intensificou o trabalho de monitoramento das barreiras e das comunidades ribeirinhas da Capital para assegurar a integridade das pessoas que moram nessas \u00e1reas.<\/p>\n\n\n\n<p><strong>Precipita\u00e7\u00e3o \u2013&nbsp;<\/strong>Nas \u00faltimas 24 horas \u2013 at\u00e9 as 13h desta segunda-feira \u2013 Jo\u00e3o Pessoa registrou a m\u00e9dia de 68,7 mm de chuvas. O maior acumulado foi registrado no bairro do Cui\u00e1, onde choveu 79,4 mm, seguido do Grot\u00e3o, com 75,4 mm, segundo dados das plataformas autom\u00e1ticas do Centro Nacional de Monitoramento e Alertas de Desastres Naturais (Cemaden).<\/p>\n\n\n\n<p><strong>Como acionar \u2013<\/strong>\u00a0A Defesa Civil funciona 24 horas, inclusive aos s\u00e1bados, domingos e feriados e, em caso de necessidade, deve ser acionada pelo n\u00famero (83) 98831-6885 (WhatsApp), pelo telefone 199, ou pelo aplicativo \u2018Jo\u00e3o Pessoa na Palma da M\u00e3o\u2019, que pode ser baixado gratuitamente nas plataformas Play Store e AppStore.<\/p>\n\n\n\n<p><\/p>\n\n\n\n<p><strong><em>Secom-JP<\/em><\/strong><\/p>\n","protected":false},"excerpt":{"rendered":"<p><img loading=\"lazy\" decoding=\"async\" width=\"720\" height=\"720\" src=\"https:\/\/www.pbagora.com.br\/storage\/2025\/07\/marquise-desabou-01.jpeg\" class=\"attachment-large size-large wp-post-image\" alt=\"\" srcset=\"https:\/\/www.pbagora.com.br\/storage\/2025\/07\/marquise-desabou-01.jpeg 720w, https:\/\/www.pbagora.com.br\/storage\/2025\/07\/marquise-desabou-01-300x300.jpeg 300w, https:\/\/www.pbagora.com.br\/storage\/2025\/07\/marquise-desabou-01-150x150.jpeg 150w, https:\/\/www.pbagora.com.br\/storage\/2025\/07\/marquise-desabou-01-80x80.jpeg 80w, https:\/\/www.pbagora.com.br\/storage\/2025\/07\/marquise-desabou-01-110x110.jpeg 110w, https:\/\/www.pbagora.com.br\/storage\/2025\/07\/marquise-desabou-01-380x380.jpeg 380w, https:\/\/www.pbagora.com.br\/storage\/2025\/07\/marquise-desabou-01-160x160.jpeg 160w, https:\/\/www.pbagora.com.br\/storage\/2025\/07\/marquise-desabou-01-600x600.jpeg 600w\" sizes=\"auto, (max-width: 720px) 100vw, 720px\"><\/p>\n<p>A Coordenadoria Municipal de Prote\u00e7\u00e3o e Defesa Civil de Jo\u00e3o Pessoa (Compdec-JP) interditou, nesta segunda-feira (28), um im\u00f3vel,\u2026<\/p>\n","protected":false},"author":123457,"featured_media":0,"comment_status":"closed","ping_status":"closed","sticky":false,"template":"","format":"standard","meta":{"advgb_blocks_editor_width":"","advgb_blocks_columns_visual_guide":"","footnotes":""},"categories":[34],"tags":[35,10839],"class_list":["post-59352","post","type-post","status-publish","format-standard","hentry","category-g1","tag-g1","tag-policial"],"author_meta":{"display_name":"Reda\u00e7\u00e3o","author_link":"https:\/\/sindaopcpb.org.br\/author\/redacao\/"},"featured_img":null,"coauthors":[],"tax_additional":{"categories":{"linked":["<a href=\"https:\/\/sindaopcpb.org.br\/g1\/\" class=\"advgb-post-tax-term\">G1<\/a>"],"unlinked":["<span class=\"advgb-post-tax-term\">G1<\/span>"]},"tags":{"linked":["<a href=\"https:\/\/sindaopcpb.org.br\/g1\/\" class=\"advgb-post-tax-term\">g1<\/a>","<a href=\"https:\/\/sindaopcpb.org.br\/g1\/\" class=\"advgb-post-tax-term\">Policial<\/a>"],"unlinked":["<span class=\"advgb-post-tax-term\">g1<\/span>","<span class=\"advgb-post-tax-term\">Policial<\/span>"]}},"comment_count":"0","relative_dates":{"created":"Publicado 9 meses atr\u00e1s","modified":"Atualizado 9 meses atr\u00e1s"},"absolute_dates":{"created":"Publicado em 28 de julho de 2025","modified":"Atualizado em 28 de julho de 2025"},"absolute_dates_time":{"created":"Publicado em 28 de julho de 2025 18:30","modified":"Atualizado em 28 de julho de 2025 18:30"},"featured_img_caption":"","series_order":"","_links":{"self":[{"href":"https:\/\/sindaopcpb.org.br\/index.php\/wp-json\/wp\/v2\/posts\/59352","targetHints":{"allow":["GET"]}}],"collection":[{"href":"https:\/\/sindaopcpb.org.br\/index.php\/wp-json\/wp\/v2\/posts"}],"about":[{"href":"https:\/\/sindaopcpb.org.br\/index.php\/wp-json\/wp\/v2\/types\/post"}],"author":[{"embeddable":true,"href":"https:\/\/sindaopcpb.org.br\/index.php\/wp-json\/wp\/v2\/users\/123457"}],"replies":[{"embeddable":true,"href":"https:\/\/sindaopcpb.org.br\/index.php\/wp-json\/wp\/v2\/comments?post=59352"}],"version-history":[{"count":2,"href":"https:\/\/sindaopcpb.org.br\/index.php\/wp-json\/wp\/v2\/posts\/59352\/revisions"}],"predecessor-version":[{"id":59359,"href":"https:\/\/sindaopcpb.org.br\/index.php\/wp-json\/wp\/v2\/posts\/59352\/revisions\/59359"}],"wp:attachment":[{"href":"https:\/\/sindaopcpb.org.br\/index.php\/wp-json\/wp\/v2\/media?parent=59352"}],"wp:term":[{"taxonomy":"category","embeddable":true,"href":"https:\/\/sindaopcpb.org.br\/index.php\/wp-json\/wp\/v2\/categories?post=59352"},{"taxonomy":"post_tag","embeddable":true,"href":"https:\/\/sindaopcpb.org.br\/index.php\/wp-json\/wp\/v2\/tags?post=59352"}],"curies":[{"name":"wp","href":"https:\/\/api.w.org\/{rel}","templated":true}]}}