{"id":59304,"date":"2025-07-28T12:12:19","date_gmt":"2025-07-28T15:12:19","guid":{"rendered":"https:\/\/www.pbagora.com.br\/?p=910111"},"modified":"2025-07-28T12:12:19","modified_gmt":"2025-07-28T15:12:19","slug":"incendio-destroi-supermercado-na-divisa-entre-pedras-de-fogo-e-itambe","status":"publish","type":"post","link":"https:\/\/sindaopcpb.org.br\/index.php\/2025\/07\/28\/incendio-destroi-supermercado-na-divisa-entre-pedras-de-fogo-e-itambe\/","title":{"rendered":"Inc\u00eandio destr\u00f3i supermercado na divisa entre Pedras de Fogo e Itamb\u00e9"},"content":{"rendered":"<p><img width=\"800\" height=\"496\" src=\"https:\/\/www.pbagora.com.br\/storage\/2025\/07\/incendio-pf-800x496-1.jpg\" class=\"attachment-large size-large wp-post-image\" alt=\"\" style=\"margin-bottom: 20px;\" decoding=\"async\" loading=\"lazy\" srcset=\"https:\/\/www.pbagora.com.br\/storage\/2025\/07\/incendio-pf-800x496-1.jpg 800w, https:\/\/www.pbagora.com.br\/storage\/2025\/07\/incendio-pf-800x496-1-300x186.jpg 300w, https:\/\/www.pbagora.com.br\/storage\/2025\/07\/incendio-pf-800x496-1-150x93.jpg 150w, https:\/\/www.pbagora.com.br\/storage\/2025\/07\/incendio-pf-800x496-1-768x476.jpg 768w, https:\/\/www.pbagora.com.br\/storage\/2025\/07\/incendio-pf-800x496-1-380x236.jpg 380w, https:\/\/www.pbagora.com.br\/storage\/2025\/07\/incendio-pf-800x496-1-80x50.jpg 80w, https:\/\/www.pbagora.com.br\/storage\/2025\/07\/incendio-pf-800x496-1-760x471.jpg 760w, https:\/\/www.pbagora.com.br\/storage\/2025\/07\/incendio-pf-800x496-1-600x372.jpg 600w\" sizes=\"auto, (max-width: 800px) 100vw, 800px\" \/><\/p>\n<p>Um inc\u00eandio de grandes propor\u00e7\u00f5es destruiu completamente um supermercado localizado na divisa entre os munic\u00edpios de Pedras de Fogo (PB) e Itamb\u00e9 (PE), na madrugada desta segunda-feira (28). As chamas come\u00e7aram por volta da meia-noite e mobilizaram equipes do Corpo de Bombeiros da Para\u00edba e de Pernambuco, que atuaram por mais de seis horas no controle do fogo.<\/p>\n\n\n\n<p>O estabelecimento, situado ao lado da igreja matriz, armazenava grande quantidade de materiais combust\u00edveis, o que dificultou o trabalho das equipes de combate. Cerca de 20 bombeiros participaram da opera\u00e7\u00e3o, com o suporte de carros-pipa particulares.<\/p>\n\n\n\n<p>A estrutura do pr\u00e9dio ficou completamente comprometida e, segundo avalia\u00e7\u00e3o preliminar dos bombeiros, h\u00e1 risco de colapso. Moradores de casas vizinhas foram retirados de forma preventiva durante a madrugada, diante da possibilidade de desabamento.<\/p>\n\n\n\n<p>O inc\u00eandio foi controlado por volta das 6h30 da manh\u00e3. N\u00e3o houve registro de feridos.<\/p>\n\n\n\n<p>As causas do inc\u00eandio ainda s\u00e3o desconhecidas e ser\u00e3o investigadas. T\u00e9cnicos do Corpo de Bombeiros devem realizar uma per\u00edcia para identificar a origem do fogo e avaliar os danos estruturais no entorno.<\/p>\n\n\n\n<p><strong><em>PB Agora<\/em><\/strong><\/p>\n","protected":false},"excerpt":{"rendered":"<p><img decoding=\"async\" width=\"800\" height=\"496\" src=\"https:\/\/www.pbagora.com.br\/storage\/2025\/07\/incendio-pf-800x496-1.jpg\" class=\"attachment-large size-large wp-post-image\" alt=\"\" loading=\"lazy\" srcset=\"https:\/\/www.pbagora.com.br\/storage\/2025\/07\/incendio-pf-800x496-1.jpg 800w, https:\/\/www.pbagora.com.br\/storage\/2025\/07\/incendio-pf-800x496-1-300x186.jpg 300w, https:\/\/www.pbagora.com.br\/storage\/2025\/07\/incendio-pf-800x496-1-150x93.jpg 150w, https:\/\/www.pbagora.com.br\/storage\/2025\/07\/incendio-pf-800x496-1-768x476.jpg 768w, https:\/\/www.pbagora.com.br\/storage\/2025\/07\/incendio-pf-800x496-1-380x236.jpg 380w, https:\/\/www.pbagora.com.br\/storage\/2025\/07\/incendio-pf-800x496-1-80x50.jpg 80w, https:\/\/www.pbagora.com.br\/storage\/2025\/07\/incendio-pf-800x496-1-760x471.jpg 760w, https:\/\/www.pbagora.com.br\/storage\/2025\/07\/incendio-pf-800x496-1-600x372.jpg 600w\" sizes=\"auto, (max-width: 800px) 100vw, 800px\"><\/p>\n<p>Um inc\u00eandio de grandes propor\u00e7\u00f5es destruiu completamente um supermercado localizado na divisa entre os munic\u00edpios de Pedras de\u2026<\/p>\n","protected":false},"author":123457,"featured_media":0,"comment_status":"closed","ping_status":"closed","sticky":false,"template":"","format":"standard","meta":{"advgb_blocks_editor_width":"","advgb_blocks_columns_visual_guide":"","footnotes":""},"categories":[34],"tags":[10841,35,10839],"class_list":["post-59304","post","type-post","status-publish","format-standard","hentry","category-g1","tag-destaque-centro-02","tag-g1","tag-policial"],"author_meta":{"display_name":"Reda\u00e7\u00e3o","author_link":"https:\/\/sindaopcpb.org.br\/author\/redacao\/"},"featured_img":null,"coauthors":[],"tax_additional":{"categories":{"linked":["<a href=\"https:\/\/sindaopcpb.org.br\/g1\/\" class=\"advgb-post-tax-term\">G1<\/a>"],"unlinked":["<span class=\"advgb-post-tax-term\">G1<\/span>"]},"tags":{"linked":["<a href=\"https:\/\/sindaopcpb.org.br\/g1\/\" class=\"advgb-post-tax-term\">Destaque Centro 02<\/a>","<a href=\"https:\/\/sindaopcpb.org.br\/g1\/\" class=\"advgb-post-tax-term\">g1<\/a>","<a href=\"https:\/\/sindaopcpb.org.br\/g1\/\" class=\"advgb-post-tax-term\">Policial<\/a>"],"unlinked":["<span class=\"advgb-post-tax-term\">Destaque Centro 02<\/span>","<span class=\"advgb-post-tax-term\">g1<\/span>","<span class=\"advgb-post-tax-term\">Policial<\/span>"]}},"comment_count":"0","relative_dates":{"created":"Publicado 9 meses atr\u00e1s","modified":"Atualizado 9 meses atr\u00e1s"},"absolute_dates":{"created":"Publicado em 28 de julho de 2025","modified":"Atualizado em 28 de julho de 2025"},"absolute_dates_time":{"created":"Publicado em 28 de julho de 2025 12:12","modified":"Atualizado em 28 de julho de 2025 12:12"},"featured_img_caption":"","series_order":"","_links":{"self":[{"href":"https:\/\/sindaopcpb.org.br\/index.php\/wp-json\/wp\/v2\/posts\/59304","targetHints":{"allow":["GET"]}}],"collection":[{"href":"https:\/\/sindaopcpb.org.br\/index.php\/wp-json\/wp\/v2\/posts"}],"about":[{"href":"https:\/\/sindaopcpb.org.br\/index.php\/wp-json\/wp\/v2\/types\/post"}],"author":[{"embeddable":true,"href":"https:\/\/sindaopcpb.org.br\/index.php\/wp-json\/wp\/v2\/users\/123457"}],"replies":[{"embeddable":true,"href":"https:\/\/sindaopcpb.org.br\/index.php\/wp-json\/wp\/v2\/comments?post=59304"}],"version-history":[{"count":1,"href":"https:\/\/sindaopcpb.org.br\/index.php\/wp-json\/wp\/v2\/posts\/59304\/revisions"}],"predecessor-version":[{"id":59305,"href":"https:\/\/sindaopcpb.org.br\/index.php\/wp-json\/wp\/v2\/posts\/59304\/revisions\/59305"}],"wp:attachment":[{"href":"https:\/\/sindaopcpb.org.br\/index.php\/wp-json\/wp\/v2\/media?parent=59304"}],"wp:term":[{"taxonomy":"category","embeddable":true,"href":"https:\/\/sindaopcpb.org.br\/index.php\/wp-json\/wp\/v2\/categories?post=59304"},{"taxonomy":"post_tag","embeddable":true,"href":"https:\/\/sindaopcpb.org.br\/index.php\/wp-json\/wp\/v2\/tags?post=59304"}],"curies":[{"name":"wp","href":"https:\/\/api.w.org\/{rel}","templated":true}]}}