{"id":59292,"date":"2025-07-28T15:00:25","date_gmt":"2025-07-28T18:00:25","guid":{"rendered":"https:\/\/www.pbagora.com.br\/?p=910147"},"modified":"2025-07-28T15:00:25","modified_gmt":"2025-07-28T18:00:25","slug":"funcionario-acusado-de-furtar-r-250-mil-de-posto-de-combustiveis-e-preso-em-patos","status":"publish","type":"post","link":"https:\/\/sindaopcpb.org.br\/index.php\/2025\/07\/28\/funcionario-acusado-de-furtar-r-250-mil-de-posto-de-combustiveis-e-preso-em-patos\/","title":{"rendered":"Funcion\u00e1rio acusado de furtar R$ 250 mil de posto de combust\u00edveis \u00e9 preso em Patos"},"content":{"rendered":"<p><img width=\"984\" height=\"656\" src=\"https:\/\/www.pbagora.com.br\/storage\/2025\/05\/viatura-civil.avif\" class=\"attachment-large size-large wp-post-image\" alt=\"\" style=\"margin-bottom: 20px;\" decoding=\"async\" loading=\"lazy\" srcset=\"https:\/\/www.pbagora.com.br\/storage\/2025\/05\/viatura-civil.avif 984w, https:\/\/www.pbagora.com.br\/storage\/2025\/05\/viatura-civil-300x200.avif 300w, https:\/\/www.pbagora.com.br\/storage\/2025\/05\/viatura-civil-150x100.avif 150w, https:\/\/www.pbagora.com.br\/storage\/2025\/05\/viatura-civil-768x512.avif 768w, https:\/\/www.pbagora.com.br\/storage\/2025\/05\/viatura-civil-380x253.avif 380w, https:\/\/www.pbagora.com.br\/storage\/2025\/05\/viatura-civil-800x533.avif 800w, https:\/\/www.pbagora.com.br\/storage\/2025\/05\/viatura-civil-80x53.avif 80w, https:\/\/www.pbagora.com.br\/storage\/2025\/05\/viatura-civil-760x507.avif 760w, https:\/\/www.pbagora.com.br\/storage\/2025\/05\/viatura-civil-600x400.avif 600w\" sizes=\"auto, (max-width: 984px) 100vw, 984px\" \/><\/p>\n<p>A Pol\u00edcia Civil da Para\u00edba, por meio da Delegacia de Roubos e Furtos (DRF) de Patos, com apoio da Unintelpol, prendeu em flagrante, nesse domingo (27), um homem de 23 anos suspeito de furtar aproximadamente R$ 250 mil de um posto de combust\u00edveis localizado no munic\u00edpio de Patos, onde ele trabalhava.<\/p>\n\n\n\n<p>As investiga\u00e7\u00f5es foram iniciadas ap\u00f3s a DRF tomar conhecimento da pr\u00e1tica de furtos qualificados no local. A partir disso, o suspeito passou a ser monitorado pela equipe policial. No \u00faltimo domingo, ele teria furtado mais R$ 600,00 do estabelecimento e, em seguida, se evadido do local. O investigado foi localizado no bairro S\u00e3o Sebasti\u00e3o, no interior do pr\u00f3prio ve\u00edculo, onde se encontrava escondido. O carro utilizado na a\u00e7\u00e3o criminosa foi apreendido, e o flagrante devidamente lavrado.<\/p>\n\n\n\n<p>A Pol\u00edcia Civil da Para\u00edba refor\u00e7a seu compromisso com o combate aos crimes patrimoniais e ressalta que casos como esse seguem sendo investigados com rigor pelas unidades especializadas. A popula\u00e7\u00e3o pode colaborar com as investiga\u00e7\u00f5es por meio de den\u00fancias an\u00f4nimas, atrav\u00e9s do Disque 197. O sigilo \u00e9 garantido.<\/p>\n\n\n\n<p><strong><em>Ascom Pol\u00edcia Civil<\/em><\/strong><\/p>\n","protected":false},"excerpt":{"rendered":"<p><img loading=\"lazy\" decoding=\"async\" width=\"984\" height=\"656\" src=\"https:\/\/www.pbagora.com.br\/storage\/2025\/05\/viatura-civil.avif\" class=\"attachment-large size-large wp-post-image\" alt=\"\" srcset=\"https:\/\/www.pbagora.com.br\/storage\/2025\/05\/viatura-civil.avif 984w, https:\/\/www.pbagora.com.br\/storage\/2025\/05\/viatura-civil-300x200.avif 300w, https:\/\/www.pbagora.com.br\/storage\/2025\/05\/viatura-civil-150x100.avif 150w, https:\/\/www.pbagora.com.br\/storage\/2025\/05\/viatura-civil-768x512.avif 768w, https:\/\/www.pbagora.com.br\/storage\/2025\/05\/viatura-civil-380x253.avif 380w, https:\/\/www.pbagora.com.br\/storage\/2025\/05\/viatura-civil-800x533.avif 800w, https:\/\/www.pbagora.com.br\/storage\/2025\/05\/viatura-civil-80x53.avif 80w, https:\/\/www.pbagora.com.br\/storage\/2025\/05\/viatura-civil-760x507.avif 760w, https:\/\/www.pbagora.com.br\/storage\/2025\/05\/viatura-civil-600x400.avif 600w\" sizes=\"auto, (max-width: 984px) 100vw, 984px\"><\/p>\n<p>A Pol\u00edcia Civil da Para\u00edba, por meio da Delegacia de Roubos e Furtos (DRF) de Patos, com apoio\u2026<\/p>\n","protected":false},"author":123457,"featured_media":0,"comment_status":"closed","ping_status":"closed","sticky":false,"template":"","format":"standard","meta":{"advgb_blocks_editor_width":"","advgb_blocks_columns_visual_guide":"","footnotes":""},"categories":[34],"tags":[10841,35,10839],"class_list":["post-59292","post","type-post","status-publish","format-standard","hentry","category-g1","tag-destaque-centro-02","tag-g1","tag-policial"],"author_meta":{"display_name":"Reda\u00e7\u00e3o","author_link":"https:\/\/sindaopcpb.org.br\/author\/redacao\/"},"featured_img":null,"coauthors":[],"tax_additional":{"categories":{"linked":["<a href=\"https:\/\/sindaopcpb.org.br\/g1\/\" class=\"advgb-post-tax-term\">G1<\/a>"],"unlinked":["<span class=\"advgb-post-tax-term\">G1<\/span>"]},"tags":{"linked":["<a href=\"https:\/\/sindaopcpb.org.br\/g1\/\" class=\"advgb-post-tax-term\">Destaque Centro 02<\/a>","<a href=\"https:\/\/sindaopcpb.org.br\/g1\/\" class=\"advgb-post-tax-term\">g1<\/a>","<a href=\"https:\/\/sindaopcpb.org.br\/g1\/\" class=\"advgb-post-tax-term\">Policial<\/a>"],"unlinked":["<span class=\"advgb-post-tax-term\">Destaque Centro 02<\/span>","<span class=\"advgb-post-tax-term\">g1<\/span>","<span class=\"advgb-post-tax-term\">Policial<\/span>"]}},"comment_count":"0","relative_dates":{"created":"Publicado 9 meses atr\u00e1s","modified":"Atualizado 9 meses atr\u00e1s"},"absolute_dates":{"created":"Publicado em 28 de julho de 2025","modified":"Atualizado em 28 de julho de 2025"},"absolute_dates_time":{"created":"Publicado em 28 de julho de 2025 15:00","modified":"Atualizado em 28 de julho de 2025 15:00"},"featured_img_caption":"","series_order":"","_links":{"self":[{"href":"https:\/\/sindaopcpb.org.br\/index.php\/wp-json\/wp\/v2\/posts\/59292","targetHints":{"allow":["GET"]}}],"collection":[{"href":"https:\/\/sindaopcpb.org.br\/index.php\/wp-json\/wp\/v2\/posts"}],"about":[{"href":"https:\/\/sindaopcpb.org.br\/index.php\/wp-json\/wp\/v2\/types\/post"}],"author":[{"embeddable":true,"href":"https:\/\/sindaopcpb.org.br\/index.php\/wp-json\/wp\/v2\/users\/123457"}],"replies":[{"embeddable":true,"href":"https:\/\/sindaopcpb.org.br\/index.php\/wp-json\/wp\/v2\/comments?post=59292"}],"version-history":[{"count":2,"href":"https:\/\/sindaopcpb.org.br\/index.php\/wp-json\/wp\/v2\/posts\/59292\/revisions"}],"predecessor-version":[{"id":59303,"href":"https:\/\/sindaopcpb.org.br\/index.php\/wp-json\/wp\/v2\/posts\/59292\/revisions\/59303"}],"wp:attachment":[{"href":"https:\/\/sindaopcpb.org.br\/index.php\/wp-json\/wp\/v2\/media?parent=59292"}],"wp:term":[{"taxonomy":"category","embeddable":true,"href":"https:\/\/sindaopcpb.org.br\/index.php\/wp-json\/wp\/v2\/categories?post=59292"},{"taxonomy":"post_tag","embeddable":true,"href":"https:\/\/sindaopcpb.org.br\/index.php\/wp-json\/wp\/v2\/tags?post=59292"}],"curies":[{"name":"wp","href":"https:\/\/api.w.org\/{rel}","templated":true}]}}