{"id":59268,"date":"2025-07-28T13:23:46","date_gmt":"2025-07-28T16:23:46","guid":{"rendered":"https:\/\/www.pbagora.com.br\/?p=910187"},"modified":"2025-07-28T15:20:46","modified_gmt":"2025-07-28T18:20:46","slug":"manifestantes-interditam-dois-sentidos-da-avenida-cruz-das-armas-na-regiao-da-feira-de-oitizeiro","status":"publish","type":"post","link":"https:\/\/sindaopcpb.org.br\/index.php\/2025\/07\/28\/manifestantes-interditam-dois-sentidos-da-avenida-cruz-das-armas-na-regiao-da-feira-de-oitizeiro\/","title":{"rendered":"Manifestantes interditam dois sentidos da Avenida Cruz das Armas na regi\u00e3o da Feira de Oitizeiro"},"content":{"rendered":"<p><img width=\"1024\" height=\"576\" src=\"https:\/\/www.pbagora.com.br\/storage\/2025\/07\/WhatsApp-Image-2025-07-28-at-13.03.07-1024x576.jpeg\" class=\"attachment-large size-large wp-post-image\" alt=\"\" style=\"margin-bottom: 20px;\" decoding=\"async\" srcset=\"https:\/\/www.pbagora.com.br\/storage\/2025\/07\/WhatsApp-Image-2025-07-28-at-13.03.07-1024x576.jpeg 1024w, https:\/\/www.pbagora.com.br\/storage\/2025\/07\/WhatsApp-Image-2025-07-28-at-13.03.07-300x169.jpeg 300w, https:\/\/www.pbagora.com.br\/storage\/2025\/07\/WhatsApp-Image-2025-07-28-at-13.03.07-150x84.jpeg 150w, https:\/\/www.pbagora.com.br\/storage\/2025\/07\/WhatsApp-Image-2025-07-28-at-13.03.07-768x432.jpeg 768w, https:\/\/www.pbagora.com.br\/storage\/2025\/07\/WhatsApp-Image-2025-07-28-at-13.03.07-380x214.jpeg 380w, https:\/\/www.pbagora.com.br\/storage\/2025\/07\/WhatsApp-Image-2025-07-28-at-13.03.07-800x450.jpeg 800w, https:\/\/www.pbagora.com.br\/storage\/2025\/07\/WhatsApp-Image-2025-07-28-at-13.03.07-1160x653.jpeg 1160w, https:\/\/www.pbagora.com.br\/storage\/2025\/07\/WhatsApp-Image-2025-07-28-at-13.03.07-80x46.jpeg 80w, https:\/\/www.pbagora.com.br\/storage\/2025\/07\/WhatsApp-Image-2025-07-28-at-13.03.07-760x428.jpeg 760w, https:\/\/www.pbagora.com.br\/storage\/2025\/07\/WhatsApp-Image-2025-07-28-at-13.03.07-600x338.jpeg 600w, https:\/\/www.pbagora.com.br\/storage\/2025\/07\/WhatsApp-Image-2025-07-28-at-13.03.07.jpeg 1280w\" sizes=\"(max-width: 1024px) 100vw, 1024px\" \/><\/p>\n<p>Um protesto est\u00e1 bloqueando totalmente a circula\u00e7\u00e3o de ve\u00edculos nos dois sentidos da Avenida Cruz das Armas, na tarde desta segunda-feira (28), em frente \u00e0 Feira de Oitizeiro em Jo\u00e3o Pessoa. A informa\u00e7\u00e3o foi confirmada pela Superintend\u00eancia Executiva de Mobilidade Urbana de Jo\u00e3o Pessoa (Semob-JP), que at\u00e9 o momento n\u00e3o divulgou o motivo da manifesta\u00e7\u00e3o.<\/p>\n\n\n\n<p>Segundo o \u00f3rg\u00e3o, a obstru\u00e7\u00e3o \u00e9 de 100% da pista, o que tem causado impacto significativo no tr\u00e2nsito da regi\u00e3o. Agentes de mobilidade est\u00e3o sendo direcionados ao local para organizar rotas alternativas e minimizar os transtornos aos condutores.<\/p>\n\n\n\n<p>Ainda n\u00e3o h\u00e1 previs\u00e3o para a libera\u00e7\u00e3o da via. Por conta disso, a Semob-JP orienta que motoristas evitem a \u00e1rea e busquem rotas alternativas at\u00e9 a normaliza\u00e7\u00e3o do fluxo.<\/p>\n\n\n\n<p>Semob-JP<\/p>\n","protected":false},"excerpt":{"rendered":"<p><img loading=\"lazy\" decoding=\"async\" width=\"1024\" height=\"576\" src=\"https:\/\/www.pbagora.com.br\/storage\/2025\/07\/WhatsApp-Image-2025-07-28-at-13.03.07-1024x576.jpeg\" class=\"attachment-large size-large wp-post-image\" alt=\"\" srcset=\"https:\/\/www.pbagora.com.br\/storage\/2025\/07\/WhatsApp-Image-2025-07-28-at-13.03.07-1024x576.jpeg 1024w, https:\/\/www.pbagora.com.br\/storage\/2025\/07\/WhatsApp-Image-2025-07-28-at-13.03.07-300x169.jpeg 300w, https:\/\/www.pbagora.com.br\/storage\/2025\/07\/WhatsApp-Image-2025-07-28-at-13.03.07-150x84.jpeg 150w, https:\/\/www.pbagora.com.br\/storage\/2025\/07\/WhatsApp-Image-2025-07-28-at-13.03.07-768x432.jpeg 768w, https:\/\/www.pbagora.com.br\/storage\/2025\/07\/WhatsApp-Image-2025-07-28-at-13.03.07-380x214.jpeg 380w, https:\/\/www.pbagora.com.br\/storage\/2025\/07\/WhatsApp-Image-2025-07-28-at-13.03.07-800x450.jpeg 800w, https:\/\/www.pbagora.com.br\/storage\/2025\/07\/WhatsApp-Image-2025-07-28-at-13.03.07-1160x653.jpeg 1160w, https:\/\/www.pbagora.com.br\/storage\/2025\/07\/WhatsApp-Image-2025-07-28-at-13.03.07-80x46.jpeg 80w, https:\/\/www.pbagora.com.br\/storage\/2025\/07\/WhatsApp-Image-2025-07-28-at-13.03.07-760x428.jpeg 760w, https:\/\/www.pbagora.com.br\/storage\/2025\/07\/WhatsApp-Image-2025-07-28-at-13.03.07-600x338.jpeg 600w, https:\/\/www.pbagora.com.br\/storage\/2025\/07\/WhatsApp-Image-2025-07-28-at-13.03.07.jpeg 1280w\" sizes=\"auto, (max-width: 1024px) 100vw, 1024px\"><\/p>\n<p>Um protesto est\u00e1 bloqueando totalmente a circula\u00e7\u00e3o de ve\u00edculos nos dois sentidos da Avenida Cruz das Armas, na\u2026<\/p>\n","protected":false},"author":123457,"featured_media":0,"comment_status":"closed","ping_status":"closed","sticky":false,"template":"","format":"standard","meta":{"advgb_blocks_editor_width":"","advgb_blocks_columns_visual_guide":"","footnotes":""},"categories":[34],"tags":[35,10839,10846],"class_list":["post-59268","post","type-post","status-publish","format-standard","hentry","category-g1","tag-g1","tag-policial","tag-rodape-02"],"author_meta":{"display_name":"Reda\u00e7\u00e3o","author_link":"https:\/\/sindaopcpb.org.br\/author\/redacao\/"},"featured_img":null,"coauthors":[],"tax_additional":{"categories":{"linked":["<a href=\"https:\/\/sindaopcpb.org.br\/g1\/\" class=\"advgb-post-tax-term\">G1<\/a>"],"unlinked":["<span class=\"advgb-post-tax-term\">G1<\/span>"]},"tags":{"linked":["<a href=\"https:\/\/sindaopcpb.org.br\/g1\/\" class=\"advgb-post-tax-term\">g1<\/a>","<a href=\"https:\/\/sindaopcpb.org.br\/g1\/\" class=\"advgb-post-tax-term\">Policial<\/a>","<a href=\"https:\/\/sindaopcpb.org.br\/g1\/\" class=\"advgb-post-tax-term\">Rodape 02<\/a>"],"unlinked":["<span class=\"advgb-post-tax-term\">g1<\/span>","<span class=\"advgb-post-tax-term\">Policial<\/span>","<span class=\"advgb-post-tax-term\">Rodape 02<\/span>"]}},"comment_count":"0","relative_dates":{"created":"Publicado 9 meses atr\u00e1s","modified":"Atualizado 9 meses atr\u00e1s"},"absolute_dates":{"created":"Publicado em 28 de julho de 2025","modified":"Atualizado em 28 de julho de 2025"},"absolute_dates_time":{"created":"Publicado em 28 de julho de 2025 13:23","modified":"Atualizado em 28 de julho de 2025 15:20"},"featured_img_caption":"","series_order":"","_links":{"self":[{"href":"https:\/\/sindaopcpb.org.br\/index.php\/wp-json\/wp\/v2\/posts\/59268","targetHints":{"allow":["GET"]}}],"collection":[{"href":"https:\/\/sindaopcpb.org.br\/index.php\/wp-json\/wp\/v2\/posts"}],"about":[{"href":"https:\/\/sindaopcpb.org.br\/index.php\/wp-json\/wp\/v2\/types\/post"}],"author":[{"embeddable":true,"href":"https:\/\/sindaopcpb.org.br\/index.php\/wp-json\/wp\/v2\/users\/123457"}],"replies":[{"embeddable":true,"href":"https:\/\/sindaopcpb.org.br\/index.php\/wp-json\/wp\/v2\/comments?post=59268"}],"version-history":[{"count":3,"href":"https:\/\/sindaopcpb.org.br\/index.php\/wp-json\/wp\/v2\/posts\/59268\/revisions"}],"predecessor-version":[{"id":59301,"href":"https:\/\/sindaopcpb.org.br\/index.php\/wp-json\/wp\/v2\/posts\/59268\/revisions\/59301"}],"wp:attachment":[{"href":"https:\/\/sindaopcpb.org.br\/index.php\/wp-json\/wp\/v2\/media?parent=59268"}],"wp:term":[{"taxonomy":"category","embeddable":true,"href":"https:\/\/sindaopcpb.org.br\/index.php\/wp-json\/wp\/v2\/categories?post=59268"},{"taxonomy":"post_tag","embeddable":true,"href":"https:\/\/sindaopcpb.org.br\/index.php\/wp-json\/wp\/v2\/tags?post=59268"}],"curies":[{"name":"wp","href":"https:\/\/api.w.org\/{rel}","templated":true}]}}