{"id":59237,"date":"2025-07-28T09:00:09","date_gmt":"2025-07-28T12:00:09","guid":{"rendered":"https:\/\/www.pbagora.com.br\/?p=910099"},"modified":"2025-07-28T09:00:09","modified_gmt":"2025-07-28T12:00:09","slug":"pc-prende-homem-suspeito-de-homicidios-e-trafico-de-drogas-no-jardim-camboinha-em-cabedelo","status":"publish","type":"post","link":"https:\/\/sindaopcpb.org.br\/index.php\/2025\/07\/28\/pc-prende-homem-suspeito-de-homicidios-e-trafico-de-drogas-no-jardim-camboinha-em-cabedelo\/","title":{"rendered":"PC prende homem suspeito de homic\u00eddios e tr\u00e1fico de drogas no Jardim Camboinha, em Cabedelo"},"content":{"rendered":"<p><img width=\"930\" height=\"420\" src=\"https:\/\/www.pbagora.com.br\/storage\/2025\/07\/Sem-titulo-26.jpg\" class=\"attachment-large size-large wp-post-image\" alt=\"\" style=\"margin-bottom: 20px;\" decoding=\"async\" loading=\"lazy\" srcset=\"https:\/\/www.pbagora.com.br\/storage\/2025\/07\/Sem-titulo-26.jpg 930w, https:\/\/www.pbagora.com.br\/storage\/2025\/07\/Sem-titulo-26-300x135.jpg 300w, https:\/\/www.pbagora.com.br\/storage\/2025\/07\/Sem-titulo-26-150x68.jpg 150w, https:\/\/www.pbagora.com.br\/storage\/2025\/07\/Sem-titulo-26-768x347.jpg 768w, https:\/\/www.pbagora.com.br\/storage\/2025\/07\/Sem-titulo-26-380x172.jpg 380w, https:\/\/www.pbagora.com.br\/storage\/2025\/07\/Sem-titulo-26-800x361.jpg 800w, https:\/\/www.pbagora.com.br\/storage\/2025\/07\/Sem-titulo-26-80x36.jpg 80w, https:\/\/www.pbagora.com.br\/storage\/2025\/07\/Sem-titulo-26-760x343.jpg 760w, https:\/\/www.pbagora.com.br\/storage\/2025\/07\/Sem-titulo-26-600x271.jpg 600w\" sizes=\"auto, (max-width: 930px) 100vw, 930px\" \/><\/p>\n<p><\/p>\n\n\n\n<p>A Pol\u00edcia Civil da Para\u00edba, por meio da 3\u00aa Delegacia Seccional de Pol\u00edcia Civil (DSPC) de Cabedelo, prendeu na de hoje (28), no bairro Jardim Camboinha, em Cabedelo. A a\u00e7\u00e3o foi realizada pelas equipes do N\u00facleo de Homic\u00eddios e da UNINTELPOL.<\/p>\n\n\n\n<p>Segundo a pol\u00edcia, o mandado de pris\u00e3o foi cumprido contra J.O.N., que teve a identidade preservada. Ele \u00e9 investigado por tr\u00e1fico de drogas e, segundo a Pol\u00edcia Civil, tamb\u00e9m estaria envolvido na pr\u00e1tica de dois homic\u00eddios na localidade. Durante a opera\u00e7\u00e3o, os agentes apreenderam uma pistola de fabrica\u00e7\u00e3o estrangeira calibre 9mm, devidamente municiada, al\u00e9m de uma pequena quantidade de subst\u00e2ncia semelhante ao crack.<\/p>\n\n\n\n<p>Conforme ainda as investiga\u00e7\u00f5es, o suspeito seria integrante de uma organiza\u00e7\u00e3o criminosa que atua na regi\u00e3o.<\/p>\n\n\n\n<p>Reda\u00e7\u00e3o<\/p>\n","protected":false},"excerpt":{"rendered":"<p><img loading=\"lazy\" decoding=\"async\" width=\"930\" height=\"420\" src=\"https:\/\/www.pbagora.com.br\/storage\/2025\/07\/Sem-titulo-26.jpg\" class=\"attachment-large size-large wp-post-image\" alt=\"\" srcset=\"https:\/\/www.pbagora.com.br\/storage\/2025\/07\/Sem-titulo-26.jpg 930w, https:\/\/www.pbagora.com.br\/storage\/2025\/07\/Sem-titulo-26-300x135.jpg 300w, https:\/\/www.pbagora.com.br\/storage\/2025\/07\/Sem-titulo-26-150x68.jpg 150w, https:\/\/www.pbagora.com.br\/storage\/2025\/07\/Sem-titulo-26-768x347.jpg 768w, https:\/\/www.pbagora.com.br\/storage\/2025\/07\/Sem-titulo-26-380x172.jpg 380w, https:\/\/www.pbagora.com.br\/storage\/2025\/07\/Sem-titulo-26-800x361.jpg 800w, https:\/\/www.pbagora.com.br\/storage\/2025\/07\/Sem-titulo-26-80x36.jpg 80w, https:\/\/www.pbagora.com.br\/storage\/2025\/07\/Sem-titulo-26-760x343.jpg 760w, https:\/\/www.pbagora.com.br\/storage\/2025\/07\/Sem-titulo-26-600x271.jpg 600w\" sizes=\"auto, (max-width: 930px) 100vw, 930px\"><\/p>\n<p>A Pol\u00edcia Civil da Para\u00edba, por meio da 3\u00aa Delegacia Seccional de Pol\u00edcia Civil (DSPC) de Cabedelo, prendeu\u2026<\/p>\n","protected":false},"author":123457,"featured_media":0,"comment_status":"closed","ping_status":"closed","sticky":false,"template":"","format":"standard","meta":{"advgb_blocks_editor_width":"","advgb_blocks_columns_visual_guide":"","footnotes":""},"categories":[34],"tags":[10845,35,10839],"class_list":["post-59237","post","type-post","status-publish","format-standard","hentry","category-g1","tag-destaque-centro-01","tag-g1","tag-policial"],"author_meta":{"display_name":"Reda\u00e7\u00e3o","author_link":"https:\/\/sindaopcpb.org.br\/author\/redacao\/"},"featured_img":null,"coauthors":[],"tax_additional":{"categories":{"linked":["<a href=\"https:\/\/sindaopcpb.org.br\/g1\/\" class=\"advgb-post-tax-term\">G1<\/a>"],"unlinked":["<span class=\"advgb-post-tax-term\">G1<\/span>"]},"tags":{"linked":["<a href=\"https:\/\/sindaopcpb.org.br\/g1\/\" class=\"advgb-post-tax-term\">Destaque Centro 01<\/a>","<a href=\"https:\/\/sindaopcpb.org.br\/g1\/\" class=\"advgb-post-tax-term\">g1<\/a>","<a href=\"https:\/\/sindaopcpb.org.br\/g1\/\" class=\"advgb-post-tax-term\">Policial<\/a>"],"unlinked":["<span class=\"advgb-post-tax-term\">Destaque Centro 01<\/span>","<span class=\"advgb-post-tax-term\">g1<\/span>","<span class=\"advgb-post-tax-term\">Policial<\/span>"]}},"comment_count":"0","relative_dates":{"created":"Publicado 9 meses atr\u00e1s","modified":"Atualizado 9 meses atr\u00e1s"},"absolute_dates":{"created":"Publicado em 28 de julho de 2025","modified":"Atualizado em 28 de julho de 2025"},"absolute_dates_time":{"created":"Publicado em 28 de julho de 2025 09:00","modified":"Atualizado em 28 de julho de 2025 09:00"},"featured_img_caption":"","series_order":"","_links":{"self":[{"href":"https:\/\/sindaopcpb.org.br\/index.php\/wp-json\/wp\/v2\/posts\/59237","targetHints":{"allow":["GET"]}}],"collection":[{"href":"https:\/\/sindaopcpb.org.br\/index.php\/wp-json\/wp\/v2\/posts"}],"about":[{"href":"https:\/\/sindaopcpb.org.br\/index.php\/wp-json\/wp\/v2\/types\/post"}],"author":[{"embeddable":true,"href":"https:\/\/sindaopcpb.org.br\/index.php\/wp-json\/wp\/v2\/users\/123457"}],"replies":[{"embeddable":true,"href":"https:\/\/sindaopcpb.org.br\/index.php\/wp-json\/wp\/v2\/comments?post=59237"}],"version-history":[{"count":2,"href":"https:\/\/sindaopcpb.org.br\/index.php\/wp-json\/wp\/v2\/posts\/59237\/revisions"}],"predecessor-version":[{"id":59271,"href":"https:\/\/sindaopcpb.org.br\/index.php\/wp-json\/wp\/v2\/posts\/59237\/revisions\/59271"}],"wp:attachment":[{"href":"https:\/\/sindaopcpb.org.br\/index.php\/wp-json\/wp\/v2\/media?parent=59237"}],"wp:term":[{"taxonomy":"category","embeddable":true,"href":"https:\/\/sindaopcpb.org.br\/index.php\/wp-json\/wp\/v2\/categories?post=59237"},{"taxonomy":"post_tag","embeddable":true,"href":"https:\/\/sindaopcpb.org.br\/index.php\/wp-json\/wp\/v2\/tags?post=59237"}],"curies":[{"name":"wp","href":"https:\/\/api.w.org\/{rel}","templated":true}]}}