{"id":59235,"date":"2025-07-28T09:48:19","date_gmt":"2025-07-28T12:48:19","guid":{"rendered":"https:\/\/www.pbagora.com.br\/?p=910116"},"modified":"2025-07-28T12:10:19","modified_gmt":"2025-07-28T15:10:19","slug":"prf-prende-dois-foragidos-por-roubo-de-veiculo-e-homicidio-em-menos-de-14-horas-na-br-230","status":"publish","type":"post","link":"https:\/\/sindaopcpb.org.br\/index.php\/2025\/07\/28\/prf-prende-dois-foragidos-por-roubo-de-veiculo-e-homicidio-em-menos-de-14-horas-na-br-230\/","title":{"rendered":"PRF prende dois foragidos por roubo de ve\u00edculo e homic\u00eddio em menos de 14 horas na BR-230"},"content":{"rendered":"<p><img width=\"1024\" height=\"614\" src=\"https:\/\/www.pbagora.com.br\/storage\/2025\/07\/WhatsApp-Image-2025-07-28-at-09.13.55-1024x614.jpeg\" class=\"attachment-large size-large wp-post-image\" alt=\"\" style=\"margin-bottom: 20px;\" decoding=\"async\" loading=\"lazy\" srcset=\"https:\/\/www.pbagora.com.br\/storage\/2025\/07\/WhatsApp-Image-2025-07-28-at-09.13.55-1024x614.jpeg 1024w, https:\/\/www.pbagora.com.br\/storage\/2025\/07\/WhatsApp-Image-2025-07-28-at-09.13.55-300x180.jpeg 300w, https:\/\/www.pbagora.com.br\/storage\/2025\/07\/WhatsApp-Image-2025-07-28-at-09.13.55-150x90.jpeg 150w, https:\/\/www.pbagora.com.br\/storage\/2025\/07\/WhatsApp-Image-2025-07-28-at-09.13.55-768x461.jpeg 768w, https:\/\/www.pbagora.com.br\/storage\/2025\/07\/WhatsApp-Image-2025-07-28-at-09.13.55-380x228.jpeg 380w, https:\/\/www.pbagora.com.br\/storage\/2025\/07\/WhatsApp-Image-2025-07-28-at-09.13.55-800x480.jpeg 800w, https:\/\/www.pbagora.com.br\/storage\/2025\/07\/WhatsApp-Image-2025-07-28-at-09.13.55-1160x696.jpeg 1160w, https:\/\/www.pbagora.com.br\/storage\/2025\/07\/WhatsApp-Image-2025-07-28-at-09.13.55-80x48.jpeg 80w, https:\/\/www.pbagora.com.br\/storage\/2025\/07\/WhatsApp-Image-2025-07-28-at-09.13.55-760x456.jpeg 760w, https:\/\/www.pbagora.com.br\/storage\/2025\/07\/WhatsApp-Image-2025-07-28-at-09.13.55-600x360.jpeg 600w, https:\/\/www.pbagora.com.br\/storage\/2025\/07\/WhatsApp-Image-2025-07-28-at-09.13.55.jpeg 1374w\" sizes=\"auto, (max-width: 1024px) 100vw, 1024px\" \/><\/p>\n<p>A Pol\u00edcia Rodovi\u00e1ria Federal (PRF) realizou, na \u00faltima sexta-feira (25), a deten\u00e7\u00e3o de dois homens que possu\u00edam mandados de pris\u00e3o em aberto. As pris\u00f5es, efetuadas durante fiscaliza\u00e7\u00f5es, ocorreram em um intervalo de menos de 14 horas e referem-se aos crimes de roubo de ve\u00edculo e homic\u00eddio, respectivamente.<\/p>\n\n\n\n<p>Em Sobrado, por volta das 08h20, no quil\u00f4metro 69 da BR-230, uma equipe da PRF realizava fiscaliza\u00e7\u00e3o de tr\u00e2nsito quando abordou um ve\u00edculo Fiat Dobl\u00f4, de cor prata. Durante os procedimentos de rotina, foi constatado que o condutor, um homem de 33 anos, possu\u00eda um mandado de pris\u00e3o em aberto, expedido pelo Tribunal de Justi\u00e7a de Pernambuco -TJPE, relacionado ao crime de roubo de ve\u00edculo. O homem, que estava acompanhado de sua esposa e advogada, alegou j\u00e1 ter cumprido parte da pena referente a esse processo. Diante da ordem judicial, ele foi encaminhado \u00e0 Delegacia de Pol\u00edcia Judici\u00e1ria de Sap\u00e9-PB para as provid\u00eancias legais cab\u00edveis.<\/p>\n\n\n\n<p>Em Campina Grande, por volta das 21h30, no quil\u00f4metro 143 da BR-230, uma equipe da PRF realizava fiscaliza\u00e7\u00e3o quando abordou uma motocicleta Honda NXR160 Bros, de cor azul. Ao verificar os dados do condutor, um homem de 51 anos, os policiais constataram que ele havia fornecido um nome falso. A identifica\u00e7\u00e3o correta revelou a exist\u00eancia de um mandado de pris\u00e3o preventiva em aberto por homic\u00eddio, expedido pela 1\u00aa Vara Criminal da Comarca de Paulista-PE, com validade at\u00e9 2038. Diante da constata\u00e7\u00e3o, o homem foi detido e encaminhado \u00e0 autoridade policial competente para o cumprimento da ordem judicial.<\/p>\n\n\n\n<p><strong><em>PB Agora<\/em><\/strong><\/p>\n","protected":false},"excerpt":{"rendered":"<p><img loading=\"lazy\" decoding=\"async\" width=\"1024\" height=\"614\" src=\"https:\/\/www.pbagora.com.br\/storage\/2025\/07\/WhatsApp-Image-2025-07-28-at-09.13.55-1024x614.jpeg\" class=\"attachment-large size-large wp-post-image\" alt=\"\" srcset=\"https:\/\/www.pbagora.com.br\/storage\/2025\/07\/WhatsApp-Image-2025-07-28-at-09.13.55-1024x614.jpeg 1024w, https:\/\/www.pbagora.com.br\/storage\/2025\/07\/WhatsApp-Image-2025-07-28-at-09.13.55-300x180.jpeg 300w, https:\/\/www.pbagora.com.br\/storage\/2025\/07\/WhatsApp-Image-2025-07-28-at-09.13.55-150x90.jpeg 150w, https:\/\/www.pbagora.com.br\/storage\/2025\/07\/WhatsApp-Image-2025-07-28-at-09.13.55-768x461.jpeg 768w, https:\/\/www.pbagora.com.br\/storage\/2025\/07\/WhatsApp-Image-2025-07-28-at-09.13.55-380x228.jpeg 380w, https:\/\/www.pbagora.com.br\/storage\/2025\/07\/WhatsApp-Image-2025-07-28-at-09.13.55-800x480.jpeg 800w, https:\/\/www.pbagora.com.br\/storage\/2025\/07\/WhatsApp-Image-2025-07-28-at-09.13.55-1160x696.jpeg 1160w, https:\/\/www.pbagora.com.br\/storage\/2025\/07\/WhatsApp-Image-2025-07-28-at-09.13.55-80x48.jpeg 80w, https:\/\/www.pbagora.com.br\/storage\/2025\/07\/WhatsApp-Image-2025-07-28-at-09.13.55-760x456.jpeg 760w, https:\/\/www.pbagora.com.br\/storage\/2025\/07\/WhatsApp-Image-2025-07-28-at-09.13.55-600x360.jpeg 600w, https:\/\/www.pbagora.com.br\/storage\/2025\/07\/WhatsApp-Image-2025-07-28-at-09.13.55.jpeg 1374w\" sizes=\"auto, (max-width: 1024px) 100vw, 1024px\"><\/p>\n<p>A Pol\u00edcia Rodovi\u00e1ria Federal (PRF) realizou, na \u00faltima sexta-feira (25), a deten\u00e7\u00e3o de dois homens que possu\u00edam mandados\u2026<\/p>\n","protected":false},"author":123457,"featured_media":0,"comment_status":"closed","ping_status":"closed","sticky":false,"template":"","format":"standard","meta":{"advgb_blocks_editor_width":"","advgb_blocks_columns_visual_guide":"","footnotes":""},"categories":[34],"tags":[10841,35,10839],"class_list":["post-59235","post","type-post","status-publish","format-standard","hentry","category-g1","tag-destaque-centro-02","tag-g1","tag-policial"],"author_meta":{"display_name":"Reda\u00e7\u00e3o","author_link":"https:\/\/sindaopcpb.org.br\/author\/redacao\/"},"featured_img":null,"coauthors":[],"tax_additional":{"categories":{"linked":["<a href=\"https:\/\/sindaopcpb.org.br\/g1\/\" class=\"advgb-post-tax-term\">G1<\/a>"],"unlinked":["<span class=\"advgb-post-tax-term\">G1<\/span>"]},"tags":{"linked":["<a href=\"https:\/\/sindaopcpb.org.br\/g1\/\" class=\"advgb-post-tax-term\">Destaque Centro 02<\/a>","<a href=\"https:\/\/sindaopcpb.org.br\/g1\/\" class=\"advgb-post-tax-term\">g1<\/a>","<a href=\"https:\/\/sindaopcpb.org.br\/g1\/\" class=\"advgb-post-tax-term\">Policial<\/a>"],"unlinked":["<span class=\"advgb-post-tax-term\">Destaque Centro 02<\/span>","<span class=\"advgb-post-tax-term\">g1<\/span>","<span class=\"advgb-post-tax-term\">Policial<\/span>"]}},"comment_count":"0","relative_dates":{"created":"Publicado 9 meses atr\u00e1s","modified":"Atualizado 9 meses atr\u00e1s"},"absolute_dates":{"created":"Publicado em 28 de julho de 2025","modified":"Atualizado em 28 de julho de 2025"},"absolute_dates_time":{"created":"Publicado em 28 de julho de 2025 09:48","modified":"Atualizado em 28 de julho de 2025 12:10"},"featured_img_caption":"","series_order":"","_links":{"self":[{"href":"https:\/\/sindaopcpb.org.br\/index.php\/wp-json\/wp\/v2\/posts\/59235","targetHints":{"allow":["GET"]}}],"collection":[{"href":"https:\/\/sindaopcpb.org.br\/index.php\/wp-json\/wp\/v2\/posts"}],"about":[{"href":"https:\/\/sindaopcpb.org.br\/index.php\/wp-json\/wp\/v2\/types\/post"}],"author":[{"embeddable":true,"href":"https:\/\/sindaopcpb.org.br\/index.php\/wp-json\/wp\/v2\/users\/123457"}],"replies":[{"embeddable":true,"href":"https:\/\/sindaopcpb.org.br\/index.php\/wp-json\/wp\/v2\/comments?post=59235"}],"version-history":[{"count":3,"href":"https:\/\/sindaopcpb.org.br\/index.php\/wp-json\/wp\/v2\/posts\/59235\/revisions"}],"predecessor-version":[{"id":59295,"href":"https:\/\/sindaopcpb.org.br\/index.php\/wp-json\/wp\/v2\/posts\/59235\/revisions\/59295"}],"wp:attachment":[{"href":"https:\/\/sindaopcpb.org.br\/index.php\/wp-json\/wp\/v2\/media?parent=59235"}],"wp:term":[{"taxonomy":"category","embeddable":true,"href":"https:\/\/sindaopcpb.org.br\/index.php\/wp-json\/wp\/v2\/categories?post=59235"},{"taxonomy":"post_tag","embeddable":true,"href":"https:\/\/sindaopcpb.org.br\/index.php\/wp-json\/wp\/v2\/tags?post=59235"}],"curies":[{"name":"wp","href":"https:\/\/api.w.org\/{rel}","templated":true}]}}