{"id":59114,"date":"2025-07-23T14:47:29","date_gmt":"2025-07-23T17:47:29","guid":{"rendered":"https:\/\/sindaopcpb.org.br\/?p=59114"},"modified":"2025-07-25T14:16:38","modified_gmt":"2025-07-25T17:16:38","slug":"valorizacao-da-categoria-investigativa-da-policia-civil-paraibana-uma-luta-necessaria","status":"publish","type":"post","link":"https:\/\/sindaopcpb.org.br\/index.php\/2025\/07\/23\/valorizacao-da-categoria-investigativa-da-policia-civil-paraibana-uma-luta-necessaria\/","title":{"rendered":"Valoriza\u00e7\u00e3o da Categoria Investigativa da Pol\u00edcia Civil Paraibana: Uma Luta Necess\u00e1ria"},"content":{"rendered":"\n<h2 class=\"wp-block-heading\"><strong>A Import\u00e2ncia da Valoriza\u00e7\u00e3o da Pol\u00edcia Civil<\/strong><\/h2>\n\n\n\n<p>A categoria investigativa da Pol\u00edcia Civil paraibana tem se mobilizado de forma incisiva em busca da implementa\u00e7\u00e3o da Lei Org\u00e2nica Nacional da Pol\u00edcia Civil (LOPNC \u2013 Lei n\u00ba 14.735\/2023). Esse movimento \u00e9 essencial para a valoriza\u00e7\u00e3o dos profissionais que desempenham um papel fundamental na seguran\u00e7a p\u00fablica e na justi\u00e7a brasileira.<\/p>\n\n\n\n<p>Recentemente, seis entidades sindicais e associativas se uniram para elaborar uma proposta unificada, com o objetivo de promover o nivelamento salarial entre os cargos de Perito Oficial Criminal e Oficial Investigador de Pol\u00edcia. A proposta prev\u00ea a implanta\u00e7\u00e3o da quinta e \u00faltima parcela da bolsa desempenho, com pagamento confirmado para janeiro de 2026, juntamente com a transi\u00e7\u00e3o do regime remunerat\u00f3rio para subs\u00eddio.<\/p>\n\n\n\n<p>\u00c9 importante destacar que a comiss\u00e3o da Delegacia Geral est\u00e1 na fase final de atualiza\u00e7\u00e3o do texto base da nova Lei Org\u00e2nica da Pol\u00edcia Civil. Conclu\u00eddo esse processo, ter\u00e3o in\u00edcio as discuss\u00f5es sobre a implanta\u00e7\u00e3o do subs\u00eddio, incluindo a recomposi\u00e7\u00e3o salarial e o reconhecimento do n\u00edvel superior da categoria investigativa, equiparando-a aos demais cargos da Pol\u00edcia Civil, em conformidade com a legisla\u00e7\u00e3o federal.<\/p>\n\n\n\n<p><strong>Obs. Momento este firmado durante acordo coletivo para o segundo semestre de 2025.<\/strong><\/p>\n\n\n\n<h2 class=\"wp-block-heading\">Proposta de Unifica\u00e7\u00e3o Salarial<\/h2>\n\n\n\n<p>A proposta em discuss\u00e3o busca a equaliza\u00e7\u00e3o salarial entre os cargos mencionados, refletindo a realidade de que, apesar de receberem avalia\u00e7\u00f5es positivas, os policiais civis da para\u00edba ainda est\u00e3o entre os piores remunerados do pa\u00eds. Essa injusti\u00e7a salarial impacta diretamente na motiva\u00e7\u00e3o e na qualidade de vida desses profissionais, que enfrentam desafios di\u00e1rios em suas fun\u00e7\u00f5es.<\/p>\n\n\n\n<h2 class=\"wp-block-heading\">O Futuro da Categoria e o Papel da Sociedade<\/h2>\n\n\n\n<p>\u00c9 fundamental que a sociedade compreenda a relev\u00e2ncia dessa reivindica\u00e7\u00e3o. O fortalecimento da Pol\u00edcia Civil e a valoriza\u00e7\u00e3o de sua categoria investigativa s\u00e3o essenciais para uma atua\u00e7\u00e3o mais eficaz no combate \u00e0 criminalidade. Portanto, a luta por melhores sal\u00e1rios e condi\u00e7\u00f5es de trabalho n\u00e3o \u00e9 apenas uma demanda corporativa; \u00e9 uma necessidade que beneficia a toda a sociedade paraibana.<\/p>\n","protected":false},"excerpt":{"rendered":"<p>A Import\u00e2ncia da Valoriza\u00e7\u00e3o da Pol\u00edcia Civil A categoria investigativa da Pol\u00edcia Civil paraibana tem<\/p>\n","protected":false},"author":7,"featured_media":59116,"comment_status":"open","ping_status":"open","sticky":false,"template":"","format":"standard","meta":{"advgb_blocks_editor_width":"","advgb_blocks_columns_visual_guide":"","footnotes":""},"categories":[10832,4025,984,10858,3,687],"tags":[10862,7],"class_list":["post-59114","post","type-post","status-publish","format-standard","has-post-thumbnail","hentry","category-sindao-pcpb","category-charles","category-evento","category-eventos-de-seguranca-publica","category-uncategorised","category-policial-civil","tag-eventos","tag-o-sindao-pcpb"],"author_meta":{"display_name":"charles lustosa dos passos","author_link":"https:\/\/sindaopcpb.org.br\/author\/charles\/"},"featured_img":"https:\/\/sindaopcpb.org.br\/wp-content\/uploads\/2025\/07\/WhatsApp-Image-2025-07-23-at-11.04.55-300x212.jpeg","coauthors":[],"tax_additional":{"categories":{"linked":["<a href=\"https:\/\/sindaopcpb.org.br\/sindao-pcpb\/\" class=\"advgb-post-tax-term\">Sindao-PCPB<\/a>","<a href=\"https:\/\/sindaopcpb.org.br\/charles\/\" class=\"advgb-post-tax-term\">Charles<\/a>","<a href=\"https:\/\/sindaopcpb.org.br\/evento\/\" class=\"advgb-post-tax-term\">evento<\/a>","<a href=\"https:\/\/sindaopcpb.org.br\/eventos-de-seguranca-publica\/\" class=\"advgb-post-tax-term\">Eventos de Seguran\u00e7a P\u00fablica<\/a>","<a href=\"https:\/\/sindaopcpb.org.br\/uncategorised\/\" class=\"advgb-post-tax-term\">Geral<\/a>","<a href=\"https:\/\/sindaopcpb.org.br\/policial-civil\/\" class=\"advgb-post-tax-term\">Policial Civil<\/a>"],"unlinked":["<span class=\"advgb-post-tax-term\">Sindao-PCPB<\/span>","<span class=\"advgb-post-tax-term\">Charles<\/span>","<span class=\"advgb-post-tax-term\">evento<\/span>","<span class=\"advgb-post-tax-term\">Eventos de Seguran\u00e7a P\u00fablica<\/span>","<span class=\"advgb-post-tax-term\">Geral<\/span>","<span class=\"advgb-post-tax-term\">Policial Civil<\/span>"]},"tags":{"linked":["<a href=\"https:\/\/sindaopcpb.org.br\/policial-civil\/\" class=\"advgb-post-tax-term\">eventos<\/a>","<a href=\"https:\/\/sindaopcpb.org.br\/policial-civil\/\" class=\"advgb-post-tax-term\">O Sindao-PCPB<\/a>"],"unlinked":["<span class=\"advgb-post-tax-term\">eventos<\/span>","<span class=\"advgb-post-tax-term\">O Sindao-PCPB<\/span>"]}},"comment_count":"0","relative_dates":{"created":"Publicado 9 meses atr\u00e1s","modified":"Atualizado 9 meses atr\u00e1s"},"absolute_dates":{"created":"Publicado em 23 de julho de 2025","modified":"Atualizado em 25 de julho de 2025"},"absolute_dates_time":{"created":"Publicado em 23 de julho de 2025 14:47","modified":"Atualizado em 25 de julho de 2025 14:16"},"featured_img_caption":"","series_order":"","_links":{"self":[{"href":"https:\/\/sindaopcpb.org.br\/index.php\/wp-json\/wp\/v2\/posts\/59114","targetHints":{"allow":["GET"]}}],"collection":[{"href":"https:\/\/sindaopcpb.org.br\/index.php\/wp-json\/wp\/v2\/posts"}],"about":[{"href":"https:\/\/sindaopcpb.org.br\/index.php\/wp-json\/wp\/v2\/types\/post"}],"author":[{"embeddable":true,"href":"https:\/\/sindaopcpb.org.br\/index.php\/wp-json\/wp\/v2\/users\/7"}],"replies":[{"embeddable":true,"href":"https:\/\/sindaopcpb.org.br\/index.php\/wp-json\/wp\/v2\/comments?post=59114"}],"version-history":[{"count":2,"href":"https:\/\/sindaopcpb.org.br\/index.php\/wp-json\/wp\/v2\/posts\/59114\/revisions"}],"predecessor-version":[{"id":59196,"href":"https:\/\/sindaopcpb.org.br\/index.php\/wp-json\/wp\/v2\/posts\/59114\/revisions\/59196"}],"wp:featuredmedia":[{"embeddable":true,"href":"https:\/\/sindaopcpb.org.br\/index.php\/wp-json\/wp\/v2\/media\/59116"}],"wp:attachment":[{"href":"https:\/\/sindaopcpb.org.br\/index.php\/wp-json\/wp\/v2\/media?parent=59114"}],"wp:term":[{"taxonomy":"category","embeddable":true,"href":"https:\/\/sindaopcpb.org.br\/index.php\/wp-json\/wp\/v2\/categories?post=59114"},{"taxonomy":"post_tag","embeddable":true,"href":"https:\/\/sindaopcpb.org.br\/index.php\/wp-json\/wp\/v2\/tags?post=59114"}],"curies":[{"name":"wp","href":"https:\/\/api.w.org\/{rel}","templated":true}]}}