{"id":59083,"date":"2025-07-22T16:50:50","date_gmt":"2025-07-22T19:50:50","guid":{"rendered":"https:\/\/www.pbagora.com.br\/?p=909445"},"modified":"2025-07-22T16:50:50","modified_gmt":"2025-07-22T19:50:50","slug":"homem-suspeito-de-importunacao-dentro-de-onibus-e-preso-em-joao-pessoa","status":"publish","type":"post","link":"https:\/\/sindaopcpb.org.br\/index.php\/2025\/07\/22\/homem-suspeito-de-importunacao-dentro-de-onibus-e-preso-em-joao-pessoa\/","title":{"rendered":"Homem suspeito de importuna\u00e7\u00e3o dentro de \u00f4nibus \u00e9 preso em Jo\u00e3o Pessoa"},"content":{"rendered":"<p><img width=\"696\" height=\"465\" src=\"https:\/\/www.pbagora.com.br\/storage\/2023\/04\/central_de_policia_walla_santos_1-1-696x465-1.jpg\" class=\"attachment-large size-large wp-post-image\" alt=\"\" style=\"margin-bottom: 20px;\" decoding=\"async\" srcset=\"https:\/\/www.pbagora.com.br\/storage\/2023\/04\/central_de_policia_walla_santos_1-1-696x465-1.jpg 696w, https:\/\/www.pbagora.com.br\/storage\/2023\/04\/central_de_policia_walla_santos_1-1-696x465-1-300x200.jpg 300w, https:\/\/www.pbagora.com.br\/storage\/2023\/04\/central_de_policia_walla_santos_1-1-696x465-1-150x100.jpg 150w, https:\/\/www.pbagora.com.br\/storage\/2023\/04\/central_de_policia_walla_santos_1-1-696x465-1-380x254.jpg 380w, https:\/\/www.pbagora.com.br\/storage\/2023\/04\/central_de_policia_walla_santos_1-1-696x465-1-80x53.jpg 80w, https:\/\/www.pbagora.com.br\/storage\/2023\/04\/central_de_policia_walla_santos_1-1-696x465-1-600x401.jpg 600w\" sizes=\"(max-width: 696px) 100vw, 696px\" \/><\/p>\n<p>Na manh\u00e3 desta ter\u00e7a-feira (22), um homem foi preso em flagrante ap\u00f3s, supostamente, importunar sexualmente uma mulher dentro de um \u00f4nibus em Jo\u00e3o Pessoa. O suspeito foi preso no bairro de Mana\u00edra.<\/p>\n\n\n\n<p>De acordo com relatos da v\u00edtima, ela embarcou no coletivo no bairro dos Banc\u00e1rios com destino ao Miramar. Uma vez dentro do \u00f4nibus, o homem teria &#8216;esfregado&#8217; as parte \u00edntimas dele nela, a assediando.<\/p>\n\n\n\n<p>Ao perceber o abuso, a v\u00edtima desembarcou do ve\u00edculo e acionou a Pol\u00edcia Militar. Os policiais iniciaram a busca at\u00e9 localizar o \u00f4nibus pr\u00f3ximo a um shopping no bairro de Mana\u00edra, onde foi feita a abordagem e a deten\u00e7\u00e3o do suspeito.<\/p>\n\n\n\n<p>Ainda segundo a pol\u00edcia, outras duas mulheres estiveram na Delegacia Especializada de Atendimento \u00e0 Mulher (Deam) e identificaram o suspeito como sendo autor de abusos sexuais contra elas. <\/p>\n\n\n\n<p>O homem encontra-se na carceragem da Cidade da Pol\u00edcia \u00e0 disposi\u00e7\u00e3o da Justi\u00e7a.<\/p>\n\n\n\n<p><\/p>\n\n\n\n<p><strong><em>PB Agora<\/em><\/strong><\/p>\n","protected":false},"excerpt":{"rendered":"<p><img loading=\"lazy\" decoding=\"async\" width=\"696\" height=\"465\" src=\"https:\/\/www.pbagora.com.br\/storage\/2023\/04\/central_de_policia_walla_santos_1-1-696x465-1.jpg\" class=\"attachment-large size-large wp-post-image\" alt=\"\" srcset=\"https:\/\/www.pbagora.com.br\/storage\/2023\/04\/central_de_policia_walla_santos_1-1-696x465-1.jpg 696w, https:\/\/www.pbagora.com.br\/storage\/2023\/04\/central_de_policia_walla_santos_1-1-696x465-1-300x200.jpg 300w, https:\/\/www.pbagora.com.br\/storage\/2023\/04\/central_de_policia_walla_santos_1-1-696x465-1-150x100.jpg 150w, https:\/\/www.pbagora.com.br\/storage\/2023\/04\/central_de_policia_walla_santos_1-1-696x465-1-380x254.jpg 380w, https:\/\/www.pbagora.com.br\/storage\/2023\/04\/central_de_policia_walla_santos_1-1-696x465-1-80x53.jpg 80w, https:\/\/www.pbagora.com.br\/storage\/2023\/04\/central_de_policia_walla_santos_1-1-696x465-1-600x401.jpg 600w\" sizes=\"auto, (max-width: 696px) 100vw, 696px\"><\/p>\n<p>Na manh\u00e3 desta ter\u00e7a-feira (22), um homem foi preso em flagrante ap\u00f3s, supostamente, importunar sexualmente uma mulher dentro\u2026<\/p>\n","protected":false},"author":123457,"featured_media":0,"comment_status":"closed","ping_status":"closed","sticky":false,"template":"","format":"standard","meta":{"advgb_blocks_editor_width":"","advgb_blocks_columns_visual_guide":"","footnotes":""},"categories":[34],"tags":[10841,35,10839],"class_list":["post-59083","post","type-post","status-publish","format-standard","hentry","category-g1","tag-destaque-centro-02","tag-g1","tag-policial"],"author_meta":{"display_name":"Reda\u00e7\u00e3o","author_link":"https:\/\/sindaopcpb.org.br\/author\/redacao\/"},"featured_img":null,"coauthors":[],"tax_additional":{"categories":{"linked":["<a href=\"https:\/\/sindaopcpb.org.br\/g1\/\" class=\"advgb-post-tax-term\">G1<\/a>"],"unlinked":["<span class=\"advgb-post-tax-term\">G1<\/span>"]},"tags":{"linked":["<a href=\"https:\/\/sindaopcpb.org.br\/g1\/\" class=\"advgb-post-tax-term\">Destaque Centro 02<\/a>","<a href=\"https:\/\/sindaopcpb.org.br\/g1\/\" class=\"advgb-post-tax-term\">g1<\/a>","<a href=\"https:\/\/sindaopcpb.org.br\/g1\/\" class=\"advgb-post-tax-term\">Policial<\/a>"],"unlinked":["<span class=\"advgb-post-tax-term\">Destaque Centro 02<\/span>","<span class=\"advgb-post-tax-term\">g1<\/span>","<span class=\"advgb-post-tax-term\">Policial<\/span>"]}},"comment_count":"0","relative_dates":{"created":"Publicado 9 meses atr\u00e1s","modified":"Atualizado 9 meses atr\u00e1s"},"absolute_dates":{"created":"Publicado em 22 de julho de 2025","modified":"Atualizado em 22 de julho de 2025"},"absolute_dates_time":{"created":"Publicado em 22 de julho de 2025 16:50","modified":"Atualizado em 22 de julho de 2025 16:50"},"featured_img_caption":"","series_order":"","_links":{"self":[{"href":"https:\/\/sindaopcpb.org.br\/index.php\/wp-json\/wp\/v2\/posts\/59083","targetHints":{"allow":["GET"]}}],"collection":[{"href":"https:\/\/sindaopcpb.org.br\/index.php\/wp-json\/wp\/v2\/posts"}],"about":[{"href":"https:\/\/sindaopcpb.org.br\/index.php\/wp-json\/wp\/v2\/types\/post"}],"author":[{"embeddable":true,"href":"https:\/\/sindaopcpb.org.br\/index.php\/wp-json\/wp\/v2\/users\/123457"}],"replies":[{"embeddable":true,"href":"https:\/\/sindaopcpb.org.br\/index.php\/wp-json\/wp\/v2\/comments?post=59083"}],"version-history":[{"count":3,"href":"https:\/\/sindaopcpb.org.br\/index.php\/wp-json\/wp\/v2\/posts\/59083\/revisions"}],"predecessor-version":[{"id":59094,"href":"https:\/\/sindaopcpb.org.br\/index.php\/wp-json\/wp\/v2\/posts\/59083\/revisions\/59094"}],"wp:attachment":[{"href":"https:\/\/sindaopcpb.org.br\/index.php\/wp-json\/wp\/v2\/media?parent=59083"}],"wp:term":[{"taxonomy":"category","embeddable":true,"href":"https:\/\/sindaopcpb.org.br\/index.php\/wp-json\/wp\/v2\/categories?post=59083"},{"taxonomy":"post_tag","embeddable":true,"href":"https:\/\/sindaopcpb.org.br\/index.php\/wp-json\/wp\/v2\/tags?post=59083"}],"curies":[{"name":"wp","href":"https:\/\/api.w.org\/{rel}","templated":true}]}}