{"id":58849,"date":"2025-07-15T18:20:27","date_gmt":"2025-07-15T21:20:27","guid":{"rendered":"https:\/\/www.pbagora.com.br\/?p=908473"},"modified":"2025-07-15T18:20:27","modified_gmt":"2025-07-15T21:20:27","slug":"homem-e-assassinado-a-tiros-dentro-de-lava-jato-em-joao-pessoa","status":"publish","type":"post","link":"https:\/\/sindaopcpb.org.br\/index.php\/2025\/07\/15\/homem-e-assassinado-a-tiros-dentro-de-lava-jato-em-joao-pessoa\/","title":{"rendered":"Homem \u00e9 assassinado a tiros dentro de lava-jato em Jo\u00e3o Pessoa"},"content":{"rendered":"<p><img width=\"687\" height=\"463\" src=\"https:\/\/www.pbagora.com.br\/storage\/2023\/10\/csm_foto_da_viatura_pmpb_80863bb6aa.webp\" class=\"attachment-large size-large wp-post-image\" alt=\"\" style=\"margin-bottom: 20px;\" decoding=\"async\" loading=\"lazy\" srcset=\"https:\/\/www.pbagora.com.br\/storage\/2023\/10\/csm_foto_da_viatura_pmpb_80863bb6aa.webp 687w, https:\/\/www.pbagora.com.br\/storage\/2023\/10\/csm_foto_da_viatura_pmpb_80863bb6aa-300x202.webp 300w, https:\/\/www.pbagora.com.br\/storage\/2023\/10\/csm_foto_da_viatura_pmpb_80863bb6aa-150x101.webp 150w, https:\/\/www.pbagora.com.br\/storage\/2023\/10\/csm_foto_da_viatura_pmpb_80863bb6aa-380x256.webp 380w, https:\/\/www.pbagora.com.br\/storage\/2023\/10\/csm_foto_da_viatura_pmpb_80863bb6aa-80x54.webp 80w, https:\/\/www.pbagora.com.br\/storage\/2023\/10\/csm_foto_da_viatura_pmpb_80863bb6aa-600x404.webp 600w\" sizes=\"auto, (max-width: 687px) 100vw, 687px\" \/><\/p>\n<p>Na tarde desta quinta-feira (15), um homem foi morto com v\u00e1rios tiros na cabe\u00e7a em um lava-jato no bairro do Funcion\u00e1rios II, em Jo\u00e3o Pessoa.<\/p>\n\n\n\n<p>De acordo com informa\u00e7\u00f5es repassadas \u00e0 imprensa pelo delegado Hector Azevedo, a v\u00edtima levou seu ve\u00edculo at\u00e9 o lava-jato, quando dois suspeitos sa\u00edram de um carro, foram at\u00e9 o estabelecimento, sacaram as armas e efetuaram v\u00e1rios tiros contra ela.<\/p>\n\n\n\n<p>Ainda segundo o delegado, o homem v\u00edtima do ataque, ap\u00f3s ser identificado, constatou-se que tinha passagens pela pol\u00edcia e que, supostamente, a participa\u00e7\u00e3o dele em organiza\u00e7\u00f5es criminosas teria sido a motiva\u00e7\u00e3o do crime.<\/p>\n\n\n\n<p>A pol\u00edcia n\u00e3o descarta que o assassinato tenha rela\u00e7\u00e3o com briga entre fac\u00e7\u00f5es rivais.<\/p>\n\n\n\n<p><\/p>\n\n\n\n<p><strong><em>PB Agora<\/em><\/strong><\/p>\n","protected":false},"excerpt":{"rendered":"<p><img loading=\"lazy\" decoding=\"async\" width=\"687\" height=\"463\" src=\"https:\/\/www.pbagora.com.br\/storage\/2023\/10\/csm_foto_da_viatura_pmpb_80863bb6aa.webp\" class=\"attachment-large size-large wp-post-image\" alt=\"\" srcset=\"https:\/\/www.pbagora.com.br\/storage\/2023\/10\/csm_foto_da_viatura_pmpb_80863bb6aa.webp 687w, https:\/\/www.pbagora.com.br\/storage\/2023\/10\/csm_foto_da_viatura_pmpb_80863bb6aa-300x202.webp 300w, https:\/\/www.pbagora.com.br\/storage\/2023\/10\/csm_foto_da_viatura_pmpb_80863bb6aa-150x101.webp 150w, https:\/\/www.pbagora.com.br\/storage\/2023\/10\/csm_foto_da_viatura_pmpb_80863bb6aa-380x256.webp 380w, https:\/\/www.pbagora.com.br\/storage\/2023\/10\/csm_foto_da_viatura_pmpb_80863bb6aa-80x54.webp 80w, https:\/\/www.pbagora.com.br\/storage\/2023\/10\/csm_foto_da_viatura_pmpb_80863bb6aa-600x404.webp 600w\" sizes=\"auto, (max-width: 687px) 100vw, 687px\"><\/p>\n<p>Na tarde desta quinta-feira (15), um homem foi morto com v\u00e1rios tiros na cabe\u00e7a em um lava-jato no\u2026<\/p>\n","protected":false},"author":123457,"featured_media":0,"comment_status":"closed","ping_status":"closed","sticky":false,"template":"","format":"standard","meta":{"advgb_blocks_editor_width":"","advgb_blocks_columns_visual_guide":"","footnotes":""},"categories":[34],"tags":[10841,35,10839],"class_list":["post-58849","post","type-post","status-publish","format-standard","hentry","category-g1","tag-destaque-centro-02","tag-g1","tag-policial"],"author_meta":{"display_name":"Reda\u00e7\u00e3o","author_link":"https:\/\/sindaopcpb.org.br\/author\/redacao\/"},"featured_img":null,"coauthors":[],"tax_additional":{"categories":{"linked":["<a href=\"https:\/\/sindaopcpb.org.br\/g1\/\" class=\"advgb-post-tax-term\">G1<\/a>"],"unlinked":["<span class=\"advgb-post-tax-term\">G1<\/span>"]},"tags":{"linked":["<a href=\"https:\/\/sindaopcpb.org.br\/g1\/\" class=\"advgb-post-tax-term\">Destaque Centro 02<\/a>","<a href=\"https:\/\/sindaopcpb.org.br\/g1\/\" class=\"advgb-post-tax-term\">g1<\/a>","<a href=\"https:\/\/sindaopcpb.org.br\/g1\/\" class=\"advgb-post-tax-term\">Policial<\/a>"],"unlinked":["<span class=\"advgb-post-tax-term\">Destaque Centro 02<\/span>","<span class=\"advgb-post-tax-term\">g1<\/span>","<span class=\"advgb-post-tax-term\">Policial<\/span>"]}},"comment_count":"0","relative_dates":{"created":"Publicado 10 meses atr\u00e1s","modified":"Atualizado 10 meses atr\u00e1s"},"absolute_dates":{"created":"Publicado em 15 de julho de 2025","modified":"Atualizado em 15 de julho de 2025"},"absolute_dates_time":{"created":"Publicado em 15 de julho de 2025 18:20","modified":"Atualizado em 15 de julho de 2025 18:20"},"featured_img_caption":"","series_order":"","_links":{"self":[{"href":"https:\/\/sindaopcpb.org.br\/index.php\/wp-json\/wp\/v2\/posts\/58849","targetHints":{"allow":["GET"]}}],"collection":[{"href":"https:\/\/sindaopcpb.org.br\/index.php\/wp-json\/wp\/v2\/posts"}],"about":[{"href":"https:\/\/sindaopcpb.org.br\/index.php\/wp-json\/wp\/v2\/types\/post"}],"author":[{"embeddable":true,"href":"https:\/\/sindaopcpb.org.br\/index.php\/wp-json\/wp\/v2\/users\/123457"}],"replies":[{"embeddable":true,"href":"https:\/\/sindaopcpb.org.br\/index.php\/wp-json\/wp\/v2\/comments?post=58849"}],"version-history":[{"count":2,"href":"https:\/\/sindaopcpb.org.br\/index.php\/wp-json\/wp\/v2\/posts\/58849\/revisions"}],"predecessor-version":[{"id":58858,"href":"https:\/\/sindaopcpb.org.br\/index.php\/wp-json\/wp\/v2\/posts\/58849\/revisions\/58858"}],"wp:attachment":[{"href":"https:\/\/sindaopcpb.org.br\/index.php\/wp-json\/wp\/v2\/media?parent=58849"}],"wp:term":[{"taxonomy":"category","embeddable":true,"href":"https:\/\/sindaopcpb.org.br\/index.php\/wp-json\/wp\/v2\/categories?post=58849"},{"taxonomy":"post_tag","embeddable":true,"href":"https:\/\/sindaopcpb.org.br\/index.php\/wp-json\/wp\/v2\/tags?post=58849"}],"curies":[{"name":"wp","href":"https:\/\/api.w.org\/{rel}","templated":true}]}}