{"id":58769,"date":"2025-07-13T16:11:17","date_gmt":"2025-07-13T19:11:17","guid":{"rendered":"https:\/\/www.pbagora.com.br\/?p=908068"},"modified":"2025-07-13T16:11:17","modified_gmt":"2025-07-13T19:11:17","slug":"lider-de-faccao-responsavel-por-ataques-em-bayeux-e-preso-no-rj","status":"publish","type":"post","link":"https:\/\/sindaopcpb.org.br\/index.php\/2025\/07\/13\/lider-de-faccao-responsavel-por-ataques-em-bayeux-e-preso-no-rj\/","title":{"rendered":"L\u00edder de fac\u00e7\u00e3o respons\u00e1vel por ataques em Bayeux \u00e9 preso no RJ"},"content":{"rendered":"<p><img width=\"840\" height=\"542\" src=\"https:\/\/www.pbagora.com.br\/storage\/2022\/09\/algema.jpg\" class=\"attachment-large size-large wp-post-image\" alt=\"\" style=\"margin-bottom: 20px;\" decoding=\"async\" srcset=\"https:\/\/www.pbagora.com.br\/storage\/2022\/09\/algema.jpg 840w, https:\/\/www.pbagora.com.br\/storage\/2022\/09\/algema-300x194.jpg 300w, https:\/\/www.pbagora.com.br\/storage\/2022\/09\/algema-150x97.jpg 150w, https:\/\/www.pbagora.com.br\/storage\/2022\/09\/algema-768x496.jpg 768w, https:\/\/www.pbagora.com.br\/storage\/2022\/09\/algema-380x245.jpg 380w, https:\/\/www.pbagora.com.br\/storage\/2022\/09\/algema-800x516.jpg 800w, https:\/\/www.pbagora.com.br\/storage\/2022\/09\/algema-80x52.jpg 80w, https:\/\/www.pbagora.com.br\/storage\/2022\/09\/algema-760x490.jpg 760w, https:\/\/www.pbagora.com.br\/storage\/2022\/09\/algema-600x387.jpg 600w\" sizes=\"(max-width: 840px) 100vw, 840px\" \/><\/p>\n<p>Um homem apontado como um dos l\u00edderes de uma fac\u00e7\u00e3o criminosa com atua\u00e7\u00e3o na Grande Jo\u00e3o Pessoa foi preso na manh\u00e3 deste domingo (13), no Rio de Janeiro. Ele \u00e9 suspeito de coordenar diversos ataques a tiros registrados nos \u00faltimos meses no munic\u00edpio de Bayeux, na Regi\u00e3o Metropolitana da capital paraibana.<\/p>\n\n\n\n<p>A captura foi resultado de uma opera\u00e7\u00e3o conjunta entre setores de intelig\u00eancia das pol\u00edcias militares da Para\u00edba e do Rio de Janeiro. Conforme as investiga\u00e7\u00f5es, o suspeito operava a partir da comunidade do bairro Mutir\u00e3o, em Bayeux, onde articulava ofensivas contra grupos rivais em v\u00e1rias localidades.<\/p>\n\n\n\n<p>Considerado um dos criminosos mais procurados da regi\u00e3o, o homem tamb\u00e9m \u00e9 investigado por envolvimento direto em execu\u00e7\u00f5es, incluindo assassinatos de pessoas de diferentes idades. Havia contra ele um mandado de pris\u00e3o em aberto por tr\u00e1fico de drogas.<\/p>\n\n\n\n<p>Segundo a pol\u00edcia, ele rompeu a tornozeleira eletr\u00f4nica que utilizava e fugiu para o Rio de Janeiro, onde estaria buscando apoio para reorganizar sua atua\u00e7\u00e3o criminosa e retornar \u00e0 Para\u00edba.<\/p>\n\n\n\n<p>Ap\u00f3s ser preso, o suspeito foi levado para uma delegacia carioca, onde deve passar por audi\u00eancia de cust\u00f3dia antes de ser transferido de volta ao estado de origem.<\/p>\n\n\n\n<p><\/p>\n","protected":false},"excerpt":{"rendered":"<p><img loading=\"lazy\" decoding=\"async\" width=\"840\" height=\"542\" src=\"https:\/\/www.pbagora.com.br\/storage\/2022\/09\/algema.jpg\" class=\"attachment-large size-large wp-post-image\" alt=\"\" srcset=\"https:\/\/www.pbagora.com.br\/storage\/2022\/09\/algema.jpg 840w, https:\/\/www.pbagora.com.br\/storage\/2022\/09\/algema-300x194.jpg 300w, https:\/\/www.pbagora.com.br\/storage\/2022\/09\/algema-150x97.jpg 150w, https:\/\/www.pbagora.com.br\/storage\/2022\/09\/algema-768x496.jpg 768w, https:\/\/www.pbagora.com.br\/storage\/2022\/09\/algema-380x245.jpg 380w, https:\/\/www.pbagora.com.br\/storage\/2022\/09\/algema-800x516.jpg 800w, https:\/\/www.pbagora.com.br\/storage\/2022\/09\/algema-80x52.jpg 80w, https:\/\/www.pbagora.com.br\/storage\/2022\/09\/algema-760x490.jpg 760w, https:\/\/www.pbagora.com.br\/storage\/2022\/09\/algema-600x387.jpg 600w\" sizes=\"auto, (max-width: 840px) 100vw, 840px\"><\/p>\n<p>Um homem apontado como um dos l\u00edderes de uma fac\u00e7\u00e3o criminosa com atua\u00e7\u00e3o na Grande Jo\u00e3o Pessoa foi\u2026<\/p>\n","protected":false},"author":123457,"featured_media":0,"comment_status":"closed","ping_status":"closed","sticky":false,"template":"","format":"standard","meta":{"advgb_blocks_editor_width":"","advgb_blocks_columns_visual_guide":"","footnotes":""},"categories":[34],"tags":[35,10839,10843],"class_list":["post-58769","post","type-post","status-publish","format-standard","hentry","category-g1","tag-g1","tag-policial","tag-principal1"],"author_meta":{"display_name":"Reda\u00e7\u00e3o","author_link":"https:\/\/sindaopcpb.org.br\/author\/redacao\/"},"featured_img":null,"coauthors":[],"tax_additional":{"categories":{"linked":["<a href=\"https:\/\/sindaopcpb.org.br\/g1\/\" class=\"advgb-post-tax-term\">G1<\/a>"],"unlinked":["<span class=\"advgb-post-tax-term\">G1<\/span>"]},"tags":{"linked":["<a href=\"https:\/\/sindaopcpb.org.br\/g1\/\" class=\"advgb-post-tax-term\">g1<\/a>","<a href=\"https:\/\/sindaopcpb.org.br\/g1\/\" class=\"advgb-post-tax-term\">Policial<\/a>","<a href=\"https:\/\/sindaopcpb.org.br\/g1\/\" class=\"advgb-post-tax-term\">Principal1<\/a>"],"unlinked":["<span class=\"advgb-post-tax-term\">g1<\/span>","<span class=\"advgb-post-tax-term\">Policial<\/span>","<span class=\"advgb-post-tax-term\">Principal1<\/span>"]}},"comment_count":"0","relative_dates":{"created":"Publicado 10 meses atr\u00e1s","modified":"Atualizado 10 meses atr\u00e1s"},"absolute_dates":{"created":"Publicado em 13 de julho de 2025","modified":"Atualizado em 13 de julho de 2025"},"absolute_dates_time":{"created":"Publicado em 13 de julho de 2025 16:11","modified":"Atualizado em 13 de julho de 2025 16:11"},"featured_img_caption":"","series_order":"","_links":{"self":[{"href":"https:\/\/sindaopcpb.org.br\/index.php\/wp-json\/wp\/v2\/posts\/58769","targetHints":{"allow":["GET"]}}],"collection":[{"href":"https:\/\/sindaopcpb.org.br\/index.php\/wp-json\/wp\/v2\/posts"}],"about":[{"href":"https:\/\/sindaopcpb.org.br\/index.php\/wp-json\/wp\/v2\/types\/post"}],"author":[{"embeddable":true,"href":"https:\/\/sindaopcpb.org.br\/index.php\/wp-json\/wp\/v2\/users\/123457"}],"replies":[{"embeddable":true,"href":"https:\/\/sindaopcpb.org.br\/index.php\/wp-json\/wp\/v2\/comments?post=58769"}],"version-history":[{"count":3,"href":"https:\/\/sindaopcpb.org.br\/index.php\/wp-json\/wp\/v2\/posts\/58769\/revisions"}],"predecessor-version":[{"id":58782,"href":"https:\/\/sindaopcpb.org.br\/index.php\/wp-json\/wp\/v2\/posts\/58769\/revisions\/58782"}],"wp:attachment":[{"href":"https:\/\/sindaopcpb.org.br\/index.php\/wp-json\/wp\/v2\/media?parent=58769"}],"wp:term":[{"taxonomy":"category","embeddable":true,"href":"https:\/\/sindaopcpb.org.br\/index.php\/wp-json\/wp\/v2\/categories?post=58769"},{"taxonomy":"post_tag","embeddable":true,"href":"https:\/\/sindaopcpb.org.br\/index.php\/wp-json\/wp\/v2\/tags?post=58769"}],"curies":[{"name":"wp","href":"https:\/\/api.w.org\/{rel}","templated":true}]}}