{"id":58765,"date":"2025-07-13T13:51:02","date_gmt":"2025-07-13T16:51:02","guid":{"rendered":"https:\/\/www.pbagora.com.br\/?p=908056"},"modified":"2025-07-13T13:51:02","modified_gmt":"2025-07-13T16:51:02","slug":"corpo-decapitado-e-encontrado-na-zona-rural-de-sao-jose-dos-ramos","status":"publish","type":"post","link":"https:\/\/sindaopcpb.org.br\/index.php\/2025\/07\/13\/corpo-decapitado-e-encontrado-na-zona-rural-de-sao-jose-dos-ramos\/","title":{"rendered":"Corpo decapitado \u00e9 encontrado na zona rural de S\u00e3o Jos\u00e9 dos Ramos"},"content":{"rendered":"<p><img width=\"515\" height=\"518\" src=\"https:\/\/www.pbagora.com.br\/storage\/2021\/10\/A3-e1621887984311.jpg\" class=\"attachment-large size-large wp-post-image\" alt=\"\" style=\"margin-bottom: 20px;\" decoding=\"async\" srcset=\"https:\/\/www.pbagora.com.br\/storage\/2021\/10\/A3-e1621887984311.jpg 515w, https:\/\/www.pbagora.com.br\/storage\/2021\/10\/A3-e1621887984311-298x300.jpg 298w, https:\/\/www.pbagora.com.br\/storage\/2021\/10\/A3-e1621887984311-150x150.jpg 150w, https:\/\/www.pbagora.com.br\/storage\/2021\/10\/A3-e1621887984311-80x80.jpg 80w, https:\/\/www.pbagora.com.br\/storage\/2021\/10\/A3-e1621887984311-110x110.jpg 110w, https:\/\/www.pbagora.com.br\/storage\/2021\/10\/A3-e1621887984311-380x382.jpg 380w, https:\/\/www.pbagora.com.br\/storage\/2021\/10\/A3-e1621887984311-160x160.jpg 160w\" sizes=\"(max-width: 515px) 100vw, 515px\" \/><\/p>\n<p>Um corpo com sinais de decapita\u00e7\u00e3o foi encontrado na manh\u00e3 deste domingo (13) na zona rural de S\u00e3o Jos\u00e9 dos Ramos, munic\u00edpio localizado no Vale do Para\u00edba. A v\u00edtima, do sexo masculino, ainda n\u00e3o havia sido identificada at\u00e9 o in\u00edcio da tarde.<\/p>\n\n\n\n<p>A Pol\u00edcia Militar do 8\u00ba Batalh\u00e3o foi acionada ap\u00f3s moradores da regi\u00e3o localizarem o corpo. A \u00e1rea foi imediatamente isolada para preservar a cena do crime, enquanto se aguarda a chegada da Pol\u00edcia Civil e da per\u00edcia, que ir\u00e3o conduzir as investiga\u00e7\u00f5es.<\/p>\n\n\n\n<p>As circunst\u00e2ncias do crime ainda s\u00e3o desconhecidas. A Pol\u00edcia Civil deve ouvir testemunhas e buscar imagens de c\u00e2meras da regi\u00e3o para tentar identificar suspeitos e esclarecer a motiva\u00e7\u00e3o do homic\u00eddio.<\/p>\n\n\n\n<p><strong><em>Reda\u00e7\u00e3o<\/em><\/strong><\/p>\n","protected":false},"excerpt":{"rendered":"<p><img loading=\"lazy\" decoding=\"async\" width=\"515\" height=\"518\" src=\"https:\/\/www.pbagora.com.br\/storage\/2021\/10\/A3-e1621887984311.jpg\" class=\"attachment-large size-large wp-post-image\" alt=\"\" srcset=\"https:\/\/www.pbagora.com.br\/storage\/2021\/10\/A3-e1621887984311.jpg 515w, https:\/\/www.pbagora.com.br\/storage\/2021\/10\/A3-e1621887984311-298x300.jpg 298w, https:\/\/www.pbagora.com.br\/storage\/2021\/10\/A3-e1621887984311-150x150.jpg 150w, https:\/\/www.pbagora.com.br\/storage\/2021\/10\/A3-e1621887984311-80x80.jpg 80w, https:\/\/www.pbagora.com.br\/storage\/2021\/10\/A3-e1621887984311-110x110.jpg 110w, https:\/\/www.pbagora.com.br\/storage\/2021\/10\/A3-e1621887984311-380x382.jpg 380w, https:\/\/www.pbagora.com.br\/storage\/2021\/10\/A3-e1621887984311-160x160.jpg 160w\" sizes=\"auto, (max-width: 515px) 100vw, 515px\"><\/p>\n<p>Um corpo com sinais de decapita\u00e7\u00e3o foi encontrado na manh\u00e3 deste domingo (13) na zona rural de S\u00e3o\u2026<\/p>\n","protected":false},"author":123457,"featured_media":0,"comment_status":"closed","ping_status":"closed","sticky":false,"template":"","format":"standard","meta":{"advgb_blocks_editor_width":"","advgb_blocks_columns_visual_guide":"","footnotes":""},"categories":[34],"tags":[10841,35,10839],"class_list":["post-58765","post","type-post","status-publish","format-standard","hentry","category-g1","tag-destaque-centro-02","tag-g1","tag-policial"],"author_meta":{"display_name":"Reda\u00e7\u00e3o","author_link":"https:\/\/sindaopcpb.org.br\/author\/redacao\/"},"featured_img":null,"coauthors":[],"tax_additional":{"categories":{"linked":["<a href=\"https:\/\/sindaopcpb.org.br\/g1\/\" class=\"advgb-post-tax-term\">G1<\/a>"],"unlinked":["<span class=\"advgb-post-tax-term\">G1<\/span>"]},"tags":{"linked":["<a href=\"https:\/\/sindaopcpb.org.br\/g1\/\" class=\"advgb-post-tax-term\">Destaque Centro 02<\/a>","<a href=\"https:\/\/sindaopcpb.org.br\/g1\/\" class=\"advgb-post-tax-term\">g1<\/a>","<a href=\"https:\/\/sindaopcpb.org.br\/g1\/\" class=\"advgb-post-tax-term\">Policial<\/a>"],"unlinked":["<span class=\"advgb-post-tax-term\">Destaque Centro 02<\/span>","<span class=\"advgb-post-tax-term\">g1<\/span>","<span class=\"advgb-post-tax-term\">Policial<\/span>"]}},"comment_count":"0","relative_dates":{"created":"Publicado 10 meses atr\u00e1s","modified":"Atualizado 10 meses atr\u00e1s"},"absolute_dates":{"created":"Publicado em 13 de julho de 2025","modified":"Atualizado em 13 de julho de 2025"},"absolute_dates_time":{"created":"Publicado em 13 de julho de 2025 13:51","modified":"Atualizado em 13 de julho de 2025 13:51"},"featured_img_caption":"","series_order":"","_links":{"self":[{"href":"https:\/\/sindaopcpb.org.br\/index.php\/wp-json\/wp\/v2\/posts\/58765","targetHints":{"allow":["GET"]}}],"collection":[{"href":"https:\/\/sindaopcpb.org.br\/index.php\/wp-json\/wp\/v2\/posts"}],"about":[{"href":"https:\/\/sindaopcpb.org.br\/index.php\/wp-json\/wp\/v2\/types\/post"}],"author":[{"embeddable":true,"href":"https:\/\/sindaopcpb.org.br\/index.php\/wp-json\/wp\/v2\/users\/123457"}],"replies":[{"embeddable":true,"href":"https:\/\/sindaopcpb.org.br\/index.php\/wp-json\/wp\/v2\/comments?post=58765"}],"version-history":[{"count":3,"href":"https:\/\/sindaopcpb.org.br\/index.php\/wp-json\/wp\/v2\/posts\/58765\/revisions"}],"predecessor-version":[{"id":58776,"href":"https:\/\/sindaopcpb.org.br\/index.php\/wp-json\/wp\/v2\/posts\/58765\/revisions\/58776"}],"wp:attachment":[{"href":"https:\/\/sindaopcpb.org.br\/index.php\/wp-json\/wp\/v2\/media?parent=58765"}],"wp:term":[{"taxonomy":"category","embeddable":true,"href":"https:\/\/sindaopcpb.org.br\/index.php\/wp-json\/wp\/v2\/categories?post=58765"},{"taxonomy":"post_tag","embeddable":true,"href":"https:\/\/sindaopcpb.org.br\/index.php\/wp-json\/wp\/v2\/tags?post=58765"}],"curies":[{"name":"wp","href":"https:\/\/api.w.org\/{rel}","templated":true}]}}