{"id":58759,"date":"2025-07-13T11:46:20","date_gmt":"2025-07-13T14:46:20","guid":{"rendered":"https:\/\/www.pbagora.com.br\/?p=908045"},"modified":"2025-07-13T11:46:20","modified_gmt":"2025-07-13T14:46:20","slug":"homem-e-morto-a-tiros-em-bar-na-praca-da-mangueira-em-pedras-de-fogo","status":"publish","type":"post","link":"https:\/\/sindaopcpb.org.br\/index.php\/2025\/07\/13\/homem-e-morto-a-tiros-em-bar-na-praca-da-mangueira-em-pedras-de-fogo\/","title":{"rendered":"Homem \u00e9 morto a tiros em bar na Pra\u00e7a da Mangueira, em Pedras de Fogo"},"content":{"rendered":"<p><img width=\"633\" height=\"404\" src=\"https:\/\/www.pbagora.com.br\/storage\/2022\/04\/iml.jpg\" class=\"attachment-large size-large wp-post-image\" alt=\"\" style=\"margin-bottom: 20px;\" decoding=\"async\" srcset=\"https:\/\/www.pbagora.com.br\/storage\/2022\/04\/iml.jpg 633w, https:\/\/www.pbagora.com.br\/storage\/2022\/04\/iml-300x191.jpg 300w, https:\/\/www.pbagora.com.br\/storage\/2022\/04\/iml-150x96.jpg 150w, https:\/\/www.pbagora.com.br\/storage\/2022\/04\/iml-380x243.jpg 380w, https:\/\/www.pbagora.com.br\/storage\/2022\/04\/iml-80x50.jpg 80w, https:\/\/www.pbagora.com.br\/storage\/2022\/04\/iml-600x383.jpg 600w\" sizes=\"(max-width: 633px) 100vw, 633px\" \/><\/p>\n<p>Um crime violento marcou a noite do \u00faltimo s\u00e1bado (12) na cidade de Pedras de Fogo, no Litoral Sul da Para\u00edba. M\u00e1rcio Calixto Cordeiro, de 31 anos, foi assassinado com v\u00e1rios disparos de arma de fogo dentro de um bar localizado ao lado do Posto de Sa\u00fade da Fam\u00edlia (PSF), na Pra\u00e7a da Mangueira.<\/p>\n\n\n\n<p>O homic\u00eddio ocorreu por volta das 19h, quando homens armados chegaram ao local e efetuaram os tiros contra M\u00e1rcio, que n\u00e3o resistiu e morreu no local. A Pol\u00edcia Militar foi acionada imediatamente para isolar a \u00e1rea, enquanto equipes da Pol\u00edcia Civil e Per\u00edcia Cient\u00edfica iniciaram os procedimentos de investiga\u00e7\u00e3o.<\/p>\n\n\n\n<p>Al\u00e9m da v\u00edtima fatal, um segundo homem foi atingido na regi\u00e3o das n\u00e1degas durante o ataque e foi socorrido para o hospital municipal de Pedras de Fogo. O estado de sa\u00fade dele ainda n\u00e3o foi divulgado oficialmente.<\/p>\n\n\n\n<p>O delegado Marcos Paulo e o perito Tony M\u00e1ximo conduziram o levantamento inicial do crime. A 6\u00aa Delegacia Seccional de Pedras de Fogo, com o apoio do N\u00facleo de Homic\u00eddios de Alhandra, continua investigando o caso. At\u00e9 o momento, ningu\u00e9m foi preso, e a motiva\u00e7\u00e3o do crime ainda \u00e9 desconhecida.<\/p>\n\n\n\n<p>O corpo de M\u00e1rcio foi encaminhado para o N\u00facleo de Medicina e Odontologia Legal (NUMOL), em Jo\u00e3o Pessoa.<\/p>\n\n\n\n<p><\/p>\n","protected":false},"excerpt":{"rendered":"<p><img loading=\"lazy\" decoding=\"async\" width=\"633\" height=\"404\" src=\"https:\/\/www.pbagora.com.br\/storage\/2022\/04\/iml.jpg\" class=\"attachment-large size-large wp-post-image\" alt=\"\" srcset=\"https:\/\/www.pbagora.com.br\/storage\/2022\/04\/iml.jpg 633w, https:\/\/www.pbagora.com.br\/storage\/2022\/04\/iml-300x191.jpg 300w, https:\/\/www.pbagora.com.br\/storage\/2022\/04\/iml-150x96.jpg 150w, https:\/\/www.pbagora.com.br\/storage\/2022\/04\/iml-380x243.jpg 380w, https:\/\/www.pbagora.com.br\/storage\/2022\/04\/iml-80x50.jpg 80w, https:\/\/www.pbagora.com.br\/storage\/2022\/04\/iml-600x383.jpg 600w\" sizes=\"auto, (max-width: 633px) 100vw, 633px\"><\/p>\n<p>Um crime violento marcou a noite do \u00faltimo s\u00e1bado (12) na cidade de Pedras de Fogo, no Litoral\u2026<\/p>\n","protected":false},"author":123457,"featured_media":0,"comment_status":"closed","ping_status":"closed","sticky":false,"template":"","format":"standard","meta":{"advgb_blocks_editor_width":"","advgb_blocks_columns_visual_guide":"","footnotes":""},"categories":[34],"tags":[10840,35,10839],"class_list":["post-58759","post","type-post","status-publish","format-standard","hentry","category-g1","tag-destaque-centro-03","tag-g1","tag-policial"],"author_meta":{"display_name":"Reda\u00e7\u00e3o","author_link":"https:\/\/sindaopcpb.org.br\/author\/redacao\/"},"featured_img":null,"coauthors":[],"tax_additional":{"categories":{"linked":["<a href=\"https:\/\/sindaopcpb.org.br\/g1\/\" class=\"advgb-post-tax-term\">G1<\/a>"],"unlinked":["<span class=\"advgb-post-tax-term\">G1<\/span>"]},"tags":{"linked":["<a href=\"https:\/\/sindaopcpb.org.br\/g1\/\" class=\"advgb-post-tax-term\">Destaque Centro 03<\/a>","<a href=\"https:\/\/sindaopcpb.org.br\/g1\/\" class=\"advgb-post-tax-term\">g1<\/a>","<a href=\"https:\/\/sindaopcpb.org.br\/g1\/\" class=\"advgb-post-tax-term\">Policial<\/a>"],"unlinked":["<span class=\"advgb-post-tax-term\">Destaque Centro 03<\/span>","<span class=\"advgb-post-tax-term\">g1<\/span>","<span class=\"advgb-post-tax-term\">Policial<\/span>"]}},"comment_count":"0","relative_dates":{"created":"Publicado 10 meses atr\u00e1s","modified":"Atualizado 10 meses atr\u00e1s"},"absolute_dates":{"created":"Publicado em 13 de julho de 2025","modified":"Atualizado em 13 de julho de 2025"},"absolute_dates_time":{"created":"Publicado em 13 de julho de 2025 11:46","modified":"Atualizado em 13 de julho de 2025 11:46"},"featured_img_caption":"","series_order":"","_links":{"self":[{"href":"https:\/\/sindaopcpb.org.br\/index.php\/wp-json\/wp\/v2\/posts\/58759","targetHints":{"allow":["GET"]}}],"collection":[{"href":"https:\/\/sindaopcpb.org.br\/index.php\/wp-json\/wp\/v2\/posts"}],"about":[{"href":"https:\/\/sindaopcpb.org.br\/index.php\/wp-json\/wp\/v2\/types\/post"}],"author":[{"embeddable":true,"href":"https:\/\/sindaopcpb.org.br\/index.php\/wp-json\/wp\/v2\/users\/123457"}],"replies":[{"embeddable":true,"href":"https:\/\/sindaopcpb.org.br\/index.php\/wp-json\/wp\/v2\/comments?post=58759"}],"version-history":[{"count":3,"href":"https:\/\/sindaopcpb.org.br\/index.php\/wp-json\/wp\/v2\/posts\/58759\/revisions"}],"predecessor-version":[{"id":58772,"href":"https:\/\/sindaopcpb.org.br\/index.php\/wp-json\/wp\/v2\/posts\/58759\/revisions\/58772"}],"wp:attachment":[{"href":"https:\/\/sindaopcpb.org.br\/index.php\/wp-json\/wp\/v2\/media?parent=58759"}],"wp:term":[{"taxonomy":"category","embeddable":true,"href":"https:\/\/sindaopcpb.org.br\/index.php\/wp-json\/wp\/v2\/categories?post=58759"},{"taxonomy":"post_tag","embeddable":true,"href":"https:\/\/sindaopcpb.org.br\/index.php\/wp-json\/wp\/v2\/tags?post=58759"}],"curies":[{"name":"wp","href":"https:\/\/api.w.org\/{rel}","templated":true}]}}