{"id":58755,"date":"2025-07-13T08:15:22","date_gmt":"2025-07-13T11:15:22","guid":{"rendered":"https:\/\/www.pbagora.com.br\/?p=908026"},"modified":"2025-07-13T08:15:22","modified_gmt":"2025-07-13T11:15:22","slug":"motociclista-morre-atropelado-apos-tentar-desviar-de-pedestre-na-br-230-em-santa-rita","status":"publish","type":"post","link":"https:\/\/sindaopcpb.org.br\/index.php\/2025\/07\/13\/motociclista-morre-atropelado-apos-tentar-desviar-de-pedestre-na-br-230-em-santa-rita\/","title":{"rendered":"Motociclista morre atropelado ap\u00f3s tentar desviar de pedestre na BR-230, em Santa Rita"},"content":{"rendered":"<p><img width=\"876\" height=\"585\" src=\"https:\/\/www.pbagora.com.br\/storage\/2021\/04\/samu-10.jpg\" class=\"attachment-large size-large wp-post-image\" alt=\"\" style=\"margin-bottom: 20px;\" decoding=\"async\" srcset=\"https:\/\/www.pbagora.com.br\/storage\/2021\/04\/samu-10.jpg 876w, https:\/\/www.pbagora.com.br\/storage\/2021\/04\/samu-10-300x200.jpg 300w, https:\/\/www.pbagora.com.br\/storage\/2021\/04\/samu-10-150x100.jpg 150w, https:\/\/www.pbagora.com.br\/storage\/2021\/04\/samu-10-768x513.jpg 768w, https:\/\/www.pbagora.com.br\/storage\/2021\/04\/samu-10-380x254.jpg 380w, https:\/\/www.pbagora.com.br\/storage\/2021\/04\/samu-10-800x534.jpg 800w, https:\/\/www.pbagora.com.br\/storage\/2021\/04\/samu-10-80x53.jpg 80w, https:\/\/www.pbagora.com.br\/storage\/2021\/04\/samu-10-760x508.jpg 760w, https:\/\/www.pbagora.com.br\/storage\/2021\/04\/samu-10-600x401.jpg 600w\" sizes=\"(max-width: 876px) 100vw, 876px\" \/><\/p>\n<p>Um grave acidente com v\u00edtima fatal foi registrado na noite deste s\u00e1bado (12) na BR-230, no trecho que passa pelo munic\u00edpio de Santa Rita, na Regi\u00e3o Metropolitana de Jo\u00e3o Pessoa.<\/p>\n\n\n\n<p>De acordo com informa\u00e7\u00f5es iniciais, o condutor de uma motocicleta tentou desviar de um pedestre que estaria caminhando sob efeito de \u00e1lcool pela rodovia. Durante a manobra, o motociclista perdeu o controle do ve\u00edculo, caiu e foi atropelado por um caminh\u00e3o que trafegava no mesmo sentido.<\/p>\n\n\n\n<p>O acidente aconteceu nas proximidades da passarela do bairro V\u00e1rzea Nova, no sentido Santa Rita\u2013Campina Grande.<\/p>\n\n\n\n<p>Equipes da Pol\u00edcia Militar e da Pol\u00edcia Rodovi\u00e1ria Federal (PRF) foram acionadas por populares. At\u00e9 o fechamento desta mat\u00e9ria, \u00e0s 18h52, n\u00e3o havia mais detalhes sobre a identidade da v\u00edtima ou o estado do pedestre.<\/p>\n\n\n\n<p><\/p>\n","protected":false},"excerpt":{"rendered":"<p><img loading=\"lazy\" decoding=\"async\" width=\"876\" height=\"585\" src=\"https:\/\/www.pbagora.com.br\/storage\/2021\/04\/samu-10.jpg\" class=\"attachment-large size-large wp-post-image\" alt=\"\" srcset=\"https:\/\/www.pbagora.com.br\/storage\/2021\/04\/samu-10.jpg 876w, https:\/\/www.pbagora.com.br\/storage\/2021\/04\/samu-10-300x200.jpg 300w, https:\/\/www.pbagora.com.br\/storage\/2021\/04\/samu-10-150x100.jpg 150w, https:\/\/www.pbagora.com.br\/storage\/2021\/04\/samu-10-768x513.jpg 768w, https:\/\/www.pbagora.com.br\/storage\/2021\/04\/samu-10-380x254.jpg 380w, https:\/\/www.pbagora.com.br\/storage\/2021\/04\/samu-10-800x534.jpg 800w, https:\/\/www.pbagora.com.br\/storage\/2021\/04\/samu-10-80x53.jpg 80w, https:\/\/www.pbagora.com.br\/storage\/2021\/04\/samu-10-760x508.jpg 760w, https:\/\/www.pbagora.com.br\/storage\/2021\/04\/samu-10-600x401.jpg 600w\" sizes=\"auto, (max-width: 876px) 100vw, 876px\"><\/p>\n<p>Um grave acidente com v\u00edtima fatal foi registrado na noite deste s\u00e1bado (12) na BR-230, no trecho que\u2026<\/p>\n","protected":false},"author":123457,"featured_media":0,"comment_status":"closed","ping_status":"closed","sticky":false,"template":"","format":"standard","meta":{"advgb_blocks_editor_width":"","advgb_blocks_columns_visual_guide":"","footnotes":""},"categories":[34],"tags":[35,10839,10842],"class_list":["post-58755","post","type-post","status-publish","format-standard","hentry","category-g1","tag-g1","tag-policial","tag-principal3"],"author_meta":{"display_name":"Reda\u00e7\u00e3o","author_link":"https:\/\/sindaopcpb.org.br\/author\/redacao\/"},"featured_img":null,"coauthors":[],"tax_additional":{"categories":{"linked":["<a href=\"https:\/\/sindaopcpb.org.br\/g1\/\" class=\"advgb-post-tax-term\">G1<\/a>"],"unlinked":["<span class=\"advgb-post-tax-term\">G1<\/span>"]},"tags":{"linked":["<a href=\"https:\/\/sindaopcpb.org.br\/g1\/\" class=\"advgb-post-tax-term\">g1<\/a>","<a href=\"https:\/\/sindaopcpb.org.br\/g1\/\" class=\"advgb-post-tax-term\">Policial<\/a>","<a href=\"https:\/\/sindaopcpb.org.br\/g1\/\" class=\"advgb-post-tax-term\">Principal3<\/a>"],"unlinked":["<span class=\"advgb-post-tax-term\">g1<\/span>","<span class=\"advgb-post-tax-term\">Policial<\/span>","<span class=\"advgb-post-tax-term\">Principal3<\/span>"]}},"comment_count":"0","relative_dates":{"created":"Publicado 10 meses atr\u00e1s","modified":"Atualizado 10 meses atr\u00e1s"},"absolute_dates":{"created":"Publicado em 13 de julho de 2025","modified":"Atualizado em 13 de julho de 2025"},"absolute_dates_time":{"created":"Publicado em 13 de julho de 2025 08:15","modified":"Atualizado em 13 de julho de 2025 08:15"},"featured_img_caption":"","series_order":"","_links":{"self":[{"href":"https:\/\/sindaopcpb.org.br\/index.php\/wp-json\/wp\/v2\/posts\/58755","targetHints":{"allow":["GET"]}}],"collection":[{"href":"https:\/\/sindaopcpb.org.br\/index.php\/wp-json\/wp\/v2\/posts"}],"about":[{"href":"https:\/\/sindaopcpb.org.br\/index.php\/wp-json\/wp\/v2\/types\/post"}],"author":[{"embeddable":true,"href":"https:\/\/sindaopcpb.org.br\/index.php\/wp-json\/wp\/v2\/users\/123457"}],"replies":[{"embeddable":true,"href":"https:\/\/sindaopcpb.org.br\/index.php\/wp-json\/wp\/v2\/comments?post=58755"}],"version-history":[{"count":2,"href":"https:\/\/sindaopcpb.org.br\/index.php\/wp-json\/wp\/v2\/posts\/58755\/revisions"}],"predecessor-version":[{"id":58763,"href":"https:\/\/sindaopcpb.org.br\/index.php\/wp-json\/wp\/v2\/posts\/58755\/revisions\/58763"}],"wp:attachment":[{"href":"https:\/\/sindaopcpb.org.br\/index.php\/wp-json\/wp\/v2\/media?parent=58755"}],"wp:term":[{"taxonomy":"category","embeddable":true,"href":"https:\/\/sindaopcpb.org.br\/index.php\/wp-json\/wp\/v2\/categories?post=58755"},{"taxonomy":"post_tag","embeddable":true,"href":"https:\/\/sindaopcpb.org.br\/index.php\/wp-json\/wp\/v2\/tags?post=58755"}],"curies":[{"name":"wp","href":"https:\/\/api.w.org\/{rel}","templated":true}]}}