{"id":58707,"date":"2025-07-10T12:40:55","date_gmt":"2025-07-10T15:40:55","guid":{"rendered":"https:\/\/www.pbagora.com.br\/?p=907661"},"modified":"2025-07-10T12:40:55","modified_gmt":"2025-07-10T15:40:55","slug":"dupla-acusada-de-trafico-de-drogas-e-presa-em-flagrante-com-drogas-e-celulares-no-sertao-paraibano","status":"publish","type":"post","link":"https:\/\/sindaopcpb.org.br\/index.php\/2025\/07\/10\/dupla-acusada-de-trafico-de-drogas-e-presa-em-flagrante-com-drogas-e-celulares-no-sertao-paraibano\/","title":{"rendered":"Dupla acusada de tr\u00e1fico de drogas \u00e9 presa em flagrante com drogas e celulares no Sert\u00e3o paraibano"},"content":{"rendered":"<p><img width=\"1024\" height=\"768\" src=\"https:\/\/www.pbagora.com.br\/storage\/2025\/07\/WhatsApp-Image-2025-07-10-at-11.35.37-1024x768.jpeg\" class=\"attachment-large size-large wp-post-image\" alt=\"\" style=\"margin-bottom: 20px;\" decoding=\"async\" loading=\"lazy\" srcset=\"https:\/\/www.pbagora.com.br\/storage\/2025\/07\/WhatsApp-Image-2025-07-10-at-11.35.37-1024x768.jpeg 1024w, https:\/\/www.pbagora.com.br\/storage\/2025\/07\/WhatsApp-Image-2025-07-10-at-11.35.37-300x225.jpeg 300w, https:\/\/www.pbagora.com.br\/storage\/2025\/07\/WhatsApp-Image-2025-07-10-at-11.35.37-150x113.jpeg 150w, https:\/\/www.pbagora.com.br\/storage\/2025\/07\/WhatsApp-Image-2025-07-10-at-11.35.37-768x576.jpeg 768w, https:\/\/www.pbagora.com.br\/storage\/2025\/07\/WhatsApp-Image-2025-07-10-at-11.35.37-1536x1152.jpeg 1536w, https:\/\/www.pbagora.com.br\/storage\/2025\/07\/WhatsApp-Image-2025-07-10-at-11.35.37-2048x1536.jpeg 2048w, https:\/\/www.pbagora.com.br\/storage\/2025\/07\/WhatsApp-Image-2025-07-10-at-11.35.37-200x150.jpeg 200w, https:\/\/www.pbagora.com.br\/storage\/2025\/07\/WhatsApp-Image-2025-07-10-at-11.35.37-260x195.jpeg 260w, https:\/\/www.pbagora.com.br\/storage\/2025\/07\/WhatsApp-Image-2025-07-10-at-11.35.37-380x285.jpeg 380w, https:\/\/www.pbagora.com.br\/storage\/2025\/07\/WhatsApp-Image-2025-07-10-at-11.35.37-800x600.jpeg 800w, https:\/\/www.pbagora.com.br\/storage\/2025\/07\/WhatsApp-Image-2025-07-10-at-11.35.37-1160x870.jpeg 1160w, https:\/\/www.pbagora.com.br\/storage\/2025\/07\/WhatsApp-Image-2025-07-10-at-11.35.37-80x60.jpeg 80w, https:\/\/www.pbagora.com.br\/storage\/2025\/07\/WhatsApp-Image-2025-07-10-at-11.35.37-3072x2304.jpeg 3072w, https:\/\/www.pbagora.com.br\/storage\/2025\/07\/WhatsApp-Image-2025-07-10-at-11.35.37-600x450.jpeg 600w, https:\/\/www.pbagora.com.br\/storage\/2025\/07\/WhatsApp-Image-2025-07-10-at-11.35.37-520x390.jpeg 520w, https:\/\/www.pbagora.com.br\/storage\/2025\/07\/WhatsApp-Image-2025-07-10-at-11.35.37-760x570.jpeg 760w, https:\/\/www.pbagora.com.br\/storage\/2025\/07\/WhatsApp-Image-2025-07-10-at-11.35.37-scaled.jpeg 2560w\" sizes=\"auto, (max-width: 1024px) 100vw, 1024px\" \/><\/p>\n<p>Dois homens foram presos em flagrante, acusados de tr\u00e1fico de drogas no conjunto Chagas Soares, na cidade de Itaporanga, no Sert\u00e3o Paraibano. A a\u00e7\u00e3o foi realizada pela Pol\u00edcia Civil, atrav\u00e9s do Grupo T\u00e1tico Especial de Itaporanga.<\/p>\n\n\n\n<p>De acordo com as investiga\u00e7\u00f5es, um dos suspeitos tem de 28 anos e natural de Pianc\u00f3. O segundo acusado tem 21 anos e \u00e9 natural de Itaporanga. A dupla \u00e9 suspeita de comercializar drogas na regi\u00e3o.<\/p>\n\n\n\n<p>No momento da pris\u00e3o, tamb\u00e9m foram apreendidas v\u00e1rias pedras de crack, certa quantidade de maconha, al\u00e9m de dinheiro trocado e celulares.<\/p>\n\n\n\n<p>Os indiv\u00edduos ser\u00e3o apresentados na audi\u00eancia de cust\u00f3dia e ficar\u00e3o \u00e0 disposi\u00e7\u00e3o do Poder Judici\u00e1rio.<\/p>\n\n\n\n<p><strong><em>PB Agora<\/em><\/strong><\/p>\n\n\n\n<p><\/p>\n","protected":false},"excerpt":{"rendered":"<p><img loading=\"lazy\" decoding=\"async\" width=\"1024\" height=\"768\" src=\"https:\/\/www.pbagora.com.br\/storage\/2025\/07\/WhatsApp-Image-2025-07-10-at-11.35.37-1024x768.jpeg\" class=\"attachment-large size-large wp-post-image\" alt=\"\" srcset=\"https:\/\/www.pbagora.com.br\/storage\/2025\/07\/WhatsApp-Image-2025-07-10-at-11.35.37-1024x768.jpeg 1024w, https:\/\/www.pbagora.com.br\/storage\/2025\/07\/WhatsApp-Image-2025-07-10-at-11.35.37-300x225.jpeg 300w, https:\/\/www.pbagora.com.br\/storage\/2025\/07\/WhatsApp-Image-2025-07-10-at-11.35.37-150x113.jpeg 150w, https:\/\/www.pbagora.com.br\/storage\/2025\/07\/WhatsApp-Image-2025-07-10-at-11.35.37-768x576.jpeg 768w, https:\/\/www.pbagora.com.br\/storage\/2025\/07\/WhatsApp-Image-2025-07-10-at-11.35.37-1536x1152.jpeg 1536w, https:\/\/www.pbagora.com.br\/storage\/2025\/07\/WhatsApp-Image-2025-07-10-at-11.35.37-2048x1536.jpeg 2048w, https:\/\/www.pbagora.com.br\/storage\/2025\/07\/WhatsApp-Image-2025-07-10-at-11.35.37-200x150.jpeg 200w, https:\/\/www.pbagora.com.br\/storage\/2025\/07\/WhatsApp-Image-2025-07-10-at-11.35.37-260x195.jpeg 260w, https:\/\/www.pbagora.com.br\/storage\/2025\/07\/WhatsApp-Image-2025-07-10-at-11.35.37-380x285.jpeg 380w, https:\/\/www.pbagora.com.br\/storage\/2025\/07\/WhatsApp-Image-2025-07-10-at-11.35.37-800x600.jpeg 800w, https:\/\/www.pbagora.com.br\/storage\/2025\/07\/WhatsApp-Image-2025-07-10-at-11.35.37-1160x870.jpeg 1160w, https:\/\/www.pbagora.com.br\/storage\/2025\/07\/WhatsApp-Image-2025-07-10-at-11.35.37-80x60.jpeg 80w, https:\/\/www.pbagora.com.br\/storage\/2025\/07\/WhatsApp-Image-2025-07-10-at-11.35.37-3072x2304.jpeg 3072w, https:\/\/www.pbagora.com.br\/storage\/2025\/07\/WhatsApp-Image-2025-07-10-at-11.35.37-600x450.jpeg 600w, https:\/\/www.pbagora.com.br\/storage\/2025\/07\/WhatsApp-Image-2025-07-10-at-11.35.37-520x390.jpeg 520w, https:\/\/www.pbagora.com.br\/storage\/2025\/07\/WhatsApp-Image-2025-07-10-at-11.35.37-760x570.jpeg 760w, https:\/\/www.pbagora.com.br\/storage\/2025\/07\/WhatsApp-Image-2025-07-10-at-11.35.37-scaled.jpeg 2560w\" sizes=\"auto, (max-width: 1024px) 100vw, 1024px\"><\/p>\n<p>Dois homens foram presos em flagrante, acusados de tr\u00e1fico de drogas no conjunto Chagas Soares, na cidade de\u2026<\/p>\n","protected":false},"author":123457,"featured_media":0,"comment_status":"closed","ping_status":"closed","sticky":false,"template":"","format":"standard","meta":{"advgb_blocks_editor_width":"","advgb_blocks_columns_visual_guide":"","footnotes":""},"categories":[34],"tags":[10841,35,10839],"class_list":["post-58707","post","type-post","status-publish","format-standard","hentry","category-g1","tag-destaque-centro-02","tag-g1","tag-policial"],"author_meta":{"display_name":"Reda\u00e7\u00e3o","author_link":"https:\/\/sindaopcpb.org.br\/author\/redacao\/"},"featured_img":null,"coauthors":[],"tax_additional":{"categories":{"linked":["<a href=\"https:\/\/sindaopcpb.org.br\/g1\/\" class=\"advgb-post-tax-term\">G1<\/a>"],"unlinked":["<span class=\"advgb-post-tax-term\">G1<\/span>"]},"tags":{"linked":["<a href=\"https:\/\/sindaopcpb.org.br\/g1\/\" class=\"advgb-post-tax-term\">Destaque Centro 02<\/a>","<a href=\"https:\/\/sindaopcpb.org.br\/g1\/\" class=\"advgb-post-tax-term\">g1<\/a>","<a href=\"https:\/\/sindaopcpb.org.br\/g1\/\" class=\"advgb-post-tax-term\">Policial<\/a>"],"unlinked":["<span class=\"advgb-post-tax-term\">Destaque Centro 02<\/span>","<span class=\"advgb-post-tax-term\">g1<\/span>","<span class=\"advgb-post-tax-term\">Policial<\/span>"]}},"comment_count":"0","relative_dates":{"created":"Publicado 10 meses atr\u00e1s","modified":"Atualizado 10 meses atr\u00e1s"},"absolute_dates":{"created":"Publicado em 10 de julho de 2025","modified":"Atualizado em 10 de julho de 2025"},"absolute_dates_time":{"created":"Publicado em 10 de julho de 2025 12:40","modified":"Atualizado em 10 de julho de 2025 12:40"},"featured_img_caption":"","series_order":"","_links":{"self":[{"href":"https:\/\/sindaopcpb.org.br\/index.php\/wp-json\/wp\/v2\/posts\/58707","targetHints":{"allow":["GET"]}}],"collection":[{"href":"https:\/\/sindaopcpb.org.br\/index.php\/wp-json\/wp\/v2\/posts"}],"about":[{"href":"https:\/\/sindaopcpb.org.br\/index.php\/wp-json\/wp\/v2\/types\/post"}],"author":[{"embeddable":true,"href":"https:\/\/sindaopcpb.org.br\/index.php\/wp-json\/wp\/v2\/users\/123457"}],"replies":[{"embeddable":true,"href":"https:\/\/sindaopcpb.org.br\/index.php\/wp-json\/wp\/v2\/comments?post=58707"}],"version-history":[{"count":2,"href":"https:\/\/sindaopcpb.org.br\/index.php\/wp-json\/wp\/v2\/posts\/58707\/revisions"}],"predecessor-version":[{"id":58717,"href":"https:\/\/sindaopcpb.org.br\/index.php\/wp-json\/wp\/v2\/posts\/58707\/revisions\/58717"}],"wp:attachment":[{"href":"https:\/\/sindaopcpb.org.br\/index.php\/wp-json\/wp\/v2\/media?parent=58707"}],"wp:term":[{"taxonomy":"category","embeddable":true,"href":"https:\/\/sindaopcpb.org.br\/index.php\/wp-json\/wp\/v2\/categories?post=58707"},{"taxonomy":"post_tag","embeddable":true,"href":"https:\/\/sindaopcpb.org.br\/index.php\/wp-json\/wp\/v2\/tags?post=58707"}],"curies":[{"name":"wp","href":"https:\/\/api.w.org\/{rel}","templated":true}]}}