{"id":58698,"date":"2025-07-10T11:15:06","date_gmt":"2025-07-10T14:15:06","guid":{"rendered":"https:\/\/www.pbagora.com.br\/?p=907652"},"modified":"2025-07-10T12:15:06","modified_gmt":"2025-07-10T15:15:06","slug":"corpo-em-estado-avancado-de-decomposicao-e-encontrado-enrolado-em-lencol-entre-a-pb-e-pe","status":"publish","type":"post","link":"https:\/\/sindaopcpb.org.br\/index.php\/2025\/07\/10\/corpo-em-estado-avancado-de-decomposicao-e-encontrado-enrolado-em-lencol-entre-a-pb-e-pe\/","title":{"rendered":"Corpo em estado avan\u00e7ado de decomposi\u00e7\u00e3o \u00e9 encontrado enrolado em len\u00e7ol entre a PB e PE"},"content":{"rendered":"<p><img width=\"687\" height=\"463\" src=\"https:\/\/www.pbagora.com.br\/storage\/2023\/11\/csm_csm_csm_numol_ipc_paraiba_pb_viatura_homicidio_235df1b1b6_f5403bcde5_1b010ebc90.jpg\" class=\"attachment-large size-large wp-post-image\" alt=\"\" style=\"margin-bottom: 20px;\" decoding=\"async\" loading=\"lazy\" srcset=\"https:\/\/www.pbagora.com.br\/storage\/2023\/11\/csm_csm_csm_numol_ipc_paraiba_pb_viatura_homicidio_235df1b1b6_f5403bcde5_1b010ebc90.jpg 687w, https:\/\/www.pbagora.com.br\/storage\/2023\/11\/csm_csm_csm_numol_ipc_paraiba_pb_viatura_homicidio_235df1b1b6_f5403bcde5_1b010ebc90-300x202.jpg 300w, https:\/\/www.pbagora.com.br\/storage\/2023\/11\/csm_csm_csm_numol_ipc_paraiba_pb_viatura_homicidio_235df1b1b6_f5403bcde5_1b010ebc90-150x101.jpg 150w, https:\/\/www.pbagora.com.br\/storage\/2023\/11\/csm_csm_csm_numol_ipc_paraiba_pb_viatura_homicidio_235df1b1b6_f5403bcde5_1b010ebc90-380x256.jpg 380w, https:\/\/www.pbagora.com.br\/storage\/2023\/11\/csm_csm_csm_numol_ipc_paraiba_pb_viatura_homicidio_235df1b1b6_f5403bcde5_1b010ebc90-80x54.jpg 80w, https:\/\/www.pbagora.com.br\/storage\/2023\/11\/csm_csm_csm_numol_ipc_paraiba_pb_viatura_homicidio_235df1b1b6_f5403bcde5_1b010ebc90-600x404.jpg 600w\" sizes=\"auto, (max-width: 687px) 100vw, 687px\" \/><\/p>\n<p>Um corpo do sexo masculino foi encontrado nessa quarta-feira (09) nas proximidades do munic\u00edpio de Pedras de Fogo, na divisa entre a Para\u00edba e Pernambuco. De acordo com a Pol\u00edcia Civil da Para\u00edba, o cad\u00e1ver estava enrolado em um len\u00e7ol e amarrado com fios e cordas, j\u00e1 apresentando sinais de avan\u00e7ada decomposi\u00e7\u00e3o.<\/p>\n\n\n\n<p>A v\u00edtima, at\u00e9 o momento, n\u00e3o foi identificada. O corpo foi recolhido por equipes do Instituto de Pol\u00edcia Cient\u00edfica (IPC) e encaminhado ao Instituto M\u00e9dico Legal (IML) de Jo\u00e3o Pessoa, onde passar\u00e1 por exames de necropsia e identifica\u00e7\u00e3o oficial.<\/p>\n\n\n\n<p>As circunst\u00e2ncias da morte ainda s\u00e3o desconhecidas, e a autoria do crime \u00e9 tratada como um mist\u00e9rio. O caso ser\u00e1 investigado pela Delegacia de Homic\u00eddios da regi\u00e3o, que busca esclarecer a motiva\u00e7\u00e3o do homic\u00eddio e identificar os respons\u00e1veis.<\/p>\n\n\n\n<p><strong><em>PB Agora<\/em><\/strong><\/p>\n","protected":false},"excerpt":{"rendered":"<p><img decoding=\"async\" width=\"687\" height=\"463\" src=\"https:\/\/www.pbagora.com.br\/storage\/2023\/11\/csm_csm_csm_numol_ipc_paraiba_pb_viatura_homicidio_235df1b1b6_f5403bcde5_1b010ebc90.jpg\" class=\"attachment-large size-large wp-post-image\" alt=\"\" loading=\"lazy\" srcset=\"https:\/\/www.pbagora.com.br\/storage\/2023\/11\/csm_csm_csm_numol_ipc_paraiba_pb_viatura_homicidio_235df1b1b6_f5403bcde5_1b010ebc90.jpg 687w, https:\/\/www.pbagora.com.br\/storage\/2023\/11\/csm_csm_csm_numol_ipc_paraiba_pb_viatura_homicidio_235df1b1b6_f5403bcde5_1b010ebc90-300x202.jpg 300w, https:\/\/www.pbagora.com.br\/storage\/2023\/11\/csm_csm_csm_numol_ipc_paraiba_pb_viatura_homicidio_235df1b1b6_f5403bcde5_1b010ebc90-150x101.jpg 150w, https:\/\/www.pbagora.com.br\/storage\/2023\/11\/csm_csm_csm_numol_ipc_paraiba_pb_viatura_homicidio_235df1b1b6_f5403bcde5_1b010ebc90-380x256.jpg 380w, https:\/\/www.pbagora.com.br\/storage\/2023\/11\/csm_csm_csm_numol_ipc_paraiba_pb_viatura_homicidio_235df1b1b6_f5403bcde5_1b010ebc90-80x54.jpg 80w, https:\/\/www.pbagora.com.br\/storage\/2023\/11\/csm_csm_csm_numol_ipc_paraiba_pb_viatura_homicidio_235df1b1b6_f5403bcde5_1b010ebc90-600x404.jpg 600w\" sizes=\"auto, (max-width: 687px) 100vw, 687px\"><\/p>\n<p>Um corpo do sexo masculino foi encontrado nessa quarta-feira (09) nas proximidades do munic\u00edpio de Pedras de Fogo,\u2026<\/p>\n","protected":false},"author":123457,"featured_media":0,"comment_status":"closed","ping_status":"closed","sticky":false,"template":"","format":"standard","meta":{"advgb_blocks_editor_width":"","advgb_blocks_columns_visual_guide":"","footnotes":""},"categories":[34],"tags":[10840,35,10839],"class_list":["post-58698","post","type-post","status-publish","format-standard","hentry","category-g1","tag-destaque-centro-03","tag-g1","tag-policial"],"author_meta":{"display_name":"Reda\u00e7\u00e3o","author_link":"https:\/\/sindaopcpb.org.br\/author\/redacao\/"},"featured_img":null,"coauthors":[],"tax_additional":{"categories":{"linked":["<a href=\"https:\/\/sindaopcpb.org.br\/g1\/\" class=\"advgb-post-tax-term\">G1<\/a>"],"unlinked":["<span class=\"advgb-post-tax-term\">G1<\/span>"]},"tags":{"linked":["<a href=\"https:\/\/sindaopcpb.org.br\/g1\/\" class=\"advgb-post-tax-term\">Destaque Centro 03<\/a>","<a href=\"https:\/\/sindaopcpb.org.br\/g1\/\" class=\"advgb-post-tax-term\">g1<\/a>","<a href=\"https:\/\/sindaopcpb.org.br\/g1\/\" class=\"advgb-post-tax-term\">Policial<\/a>"],"unlinked":["<span class=\"advgb-post-tax-term\">Destaque Centro 03<\/span>","<span class=\"advgb-post-tax-term\">g1<\/span>","<span class=\"advgb-post-tax-term\">Policial<\/span>"]}},"comment_count":"0","relative_dates":{"created":"Publicado 10 meses atr\u00e1s","modified":"Atualizado 10 meses atr\u00e1s"},"absolute_dates":{"created":"Publicado em 10 de julho de 2025","modified":"Atualizado em 10 de julho de 2025"},"absolute_dates_time":{"created":"Publicado em 10 de julho de 2025 11:15","modified":"Atualizado em 10 de julho de 2025 12:15"},"featured_img_caption":"","series_order":"","_links":{"self":[{"href":"https:\/\/sindaopcpb.org.br\/index.php\/wp-json\/wp\/v2\/posts\/58698","targetHints":{"allow":["GET"]}}],"collection":[{"href":"https:\/\/sindaopcpb.org.br\/index.php\/wp-json\/wp\/v2\/posts"}],"about":[{"href":"https:\/\/sindaopcpb.org.br\/index.php\/wp-json\/wp\/v2\/types\/post"}],"author":[{"embeddable":true,"href":"https:\/\/sindaopcpb.org.br\/index.php\/wp-json\/wp\/v2\/users\/123457"}],"replies":[{"embeddable":true,"href":"https:\/\/sindaopcpb.org.br\/index.php\/wp-json\/wp\/v2\/comments?post=58698"}],"version-history":[{"count":3,"href":"https:\/\/sindaopcpb.org.br\/index.php\/wp-json\/wp\/v2\/posts\/58698\/revisions"}],"predecessor-version":[{"id":58709,"href":"https:\/\/sindaopcpb.org.br\/index.php\/wp-json\/wp\/v2\/posts\/58698\/revisions\/58709"}],"wp:attachment":[{"href":"https:\/\/sindaopcpb.org.br\/index.php\/wp-json\/wp\/v2\/media?parent=58698"}],"wp:term":[{"taxonomy":"category","embeddable":true,"href":"https:\/\/sindaopcpb.org.br\/index.php\/wp-json\/wp\/v2\/categories?post=58698"},{"taxonomy":"post_tag","embeddable":true,"href":"https:\/\/sindaopcpb.org.br\/index.php\/wp-json\/wp\/v2\/tags?post=58698"}],"curies":[{"name":"wp","href":"https:\/\/api.w.org\/{rel}","templated":true}]}}