{"id":58697,"date":"2025-07-10T11:15:28","date_gmt":"2025-07-10T14:15:28","guid":{"rendered":"https:\/\/www.pbagora.com.br\/?p=907654"},"modified":"2025-07-10T11:15:28","modified_gmt":"2025-07-10T14:15:28","slug":"dupla-furta-portoes-de-casa-desocupada-no-bairro-de-manaira-em-jp","status":"publish","type":"post","link":"https:\/\/sindaopcpb.org.br\/index.php\/2025\/07\/10\/dupla-furta-portoes-de-casa-desocupada-no-bairro-de-manaira-em-jp\/","title":{"rendered":"Dupla furta port\u00f5es de casa desocupada no bairro de Mana\u00edra, em JP"},"content":{"rendered":"<p><img width=\"998\" height=\"588\" src=\"https:\/\/www.pbagora.com.br\/storage\/2025\/07\/image-16.png\" class=\"attachment-large size-large wp-post-image\" alt=\"\" style=\"margin-bottom: 20px;\" decoding=\"async\" loading=\"lazy\" srcset=\"https:\/\/www.pbagora.com.br\/storage\/2025\/07\/image-16.png 998w, https:\/\/www.pbagora.com.br\/storage\/2025\/07\/image-16-300x177.png 300w, https:\/\/www.pbagora.com.br\/storage\/2025\/07\/image-16-150x88.png 150w, https:\/\/www.pbagora.com.br\/storage\/2025\/07\/image-16-768x452.png 768w, https:\/\/www.pbagora.com.br\/storage\/2025\/07\/image-16-380x224.png 380w, https:\/\/www.pbagora.com.br\/storage\/2025\/07\/image-16-800x471.png 800w, https:\/\/www.pbagora.com.br\/storage\/2025\/07\/image-16-80x46.png 80w, https:\/\/www.pbagora.com.br\/storage\/2025\/07\/image-16-760x448.png 760w, https:\/\/www.pbagora.com.br\/storage\/2025\/07\/image-16-600x354.png 600w\" sizes=\"auto, (max-width: 998px) 100vw, 998px\" \/><\/p>\n<p>Dois homens furtaram o port\u00e3o e um tambor de lixo de uma casa desocupada no bairro de Mana\u00edra, em Jo\u00e3o Pessoa, em uma a\u00e7\u00e3o que foi registrada por c\u00e2meras de seguran\u00e7a de um pr\u00e9dio vizinho. O crime aconteceu por volta das 22h da \u00faltima ter\u00e7a-feira (08).<\/p>\n\n\n\n<p>Nas imagens, os suspeitos aparecem for\u00e7ando a estrutura met\u00e1lica do port\u00e3o at\u00e9 arranc\u00e1-lo completamente. Em seguida, tamb\u00e9m carregam o tambor de lixo que estava na frente da casa. O im\u00f3vel, segundo moradores da regi\u00e3o, est\u00e1 desocupado e dispon\u00edvel para aluguel, sendo alvo constante de vandalismo e invas\u00f5es.<\/p>\n\n\n\n<p>A Pol\u00edcia Civil deve utilizar as imagens para tentar identificar os autores do furto. At\u00e9 o momento, ningu\u00e9m foi preso.<\/p>\n\n\n\n<p><strong><em>PB Agora<\/em><\/strong><\/p>\n","protected":false},"excerpt":{"rendered":"<p><img loading=\"lazy\" decoding=\"async\" width=\"998\" height=\"588\" src=\"https:\/\/www.pbagora.com.br\/storage\/2025\/07\/image-16.png\" class=\"attachment-large size-large wp-post-image\" alt=\"\" srcset=\"https:\/\/www.pbagora.com.br\/storage\/2025\/07\/image-16.png 998w, https:\/\/www.pbagora.com.br\/storage\/2025\/07\/image-16-300x177.png 300w, https:\/\/www.pbagora.com.br\/storage\/2025\/07\/image-16-150x88.png 150w, https:\/\/www.pbagora.com.br\/storage\/2025\/07\/image-16-768x452.png 768w, https:\/\/www.pbagora.com.br\/storage\/2025\/07\/image-16-380x224.png 380w, https:\/\/www.pbagora.com.br\/storage\/2025\/07\/image-16-800x471.png 800w, https:\/\/www.pbagora.com.br\/storage\/2025\/07\/image-16-80x46.png 80w, https:\/\/www.pbagora.com.br\/storage\/2025\/07\/image-16-760x448.png 760w, https:\/\/www.pbagora.com.br\/storage\/2025\/07\/image-16-600x354.png 600w\" sizes=\"auto, (max-width: 998px) 100vw, 998px\"><\/p>\n<p>Dois homens furtaram o port\u00e3o e um tambor de lixo de uma casa desocupada no bairro de Mana\u00edra,\u2026<\/p>\n","protected":false},"author":123457,"featured_media":0,"comment_status":"closed","ping_status":"closed","sticky":false,"template":"","format":"standard","meta":{"advgb_blocks_editor_width":"","advgb_blocks_columns_visual_guide":"","footnotes":""},"categories":[34],"tags":[35,10839,10842],"class_list":["post-58697","post","type-post","status-publish","format-standard","hentry","category-g1","tag-g1","tag-policial","tag-principal3"],"author_meta":{"display_name":"Reda\u00e7\u00e3o","author_link":"https:\/\/sindaopcpb.org.br\/author\/redacao\/"},"featured_img":null,"coauthors":[],"tax_additional":{"categories":{"linked":["<a href=\"https:\/\/sindaopcpb.org.br\/g1\/\" class=\"advgb-post-tax-term\">G1<\/a>"],"unlinked":["<span class=\"advgb-post-tax-term\">G1<\/span>"]},"tags":{"linked":["<a href=\"https:\/\/sindaopcpb.org.br\/g1\/\" class=\"advgb-post-tax-term\">g1<\/a>","<a href=\"https:\/\/sindaopcpb.org.br\/g1\/\" class=\"advgb-post-tax-term\">Policial<\/a>","<a href=\"https:\/\/sindaopcpb.org.br\/g1\/\" class=\"advgb-post-tax-term\">Principal3<\/a>"],"unlinked":["<span class=\"advgb-post-tax-term\">g1<\/span>","<span class=\"advgb-post-tax-term\">Policial<\/span>","<span class=\"advgb-post-tax-term\">Principal3<\/span>"]}},"comment_count":"0","relative_dates":{"created":"Publicado 10 meses atr\u00e1s","modified":"Atualizado 10 meses atr\u00e1s"},"absolute_dates":{"created":"Publicado em 10 de julho de 2025","modified":"Atualizado em 10 de julho de 2025"},"absolute_dates_time":{"created":"Publicado em 10 de julho de 2025 11:15","modified":"Atualizado em 10 de julho de 2025 11:15"},"featured_img_caption":"","series_order":"","_links":{"self":[{"href":"https:\/\/sindaopcpb.org.br\/index.php\/wp-json\/wp\/v2\/posts\/58697","targetHints":{"allow":["GET"]}}],"collection":[{"href":"https:\/\/sindaopcpb.org.br\/index.php\/wp-json\/wp\/v2\/posts"}],"about":[{"href":"https:\/\/sindaopcpb.org.br\/index.php\/wp-json\/wp\/v2\/types\/post"}],"author":[{"embeddable":true,"href":"https:\/\/sindaopcpb.org.br\/index.php\/wp-json\/wp\/v2\/users\/123457"}],"replies":[{"embeddable":true,"href":"https:\/\/sindaopcpb.org.br\/index.php\/wp-json\/wp\/v2\/comments?post=58697"}],"version-history":[{"count":2,"href":"https:\/\/sindaopcpb.org.br\/index.php\/wp-json\/wp\/v2\/posts\/58697\/revisions"}],"predecessor-version":[{"id":58710,"href":"https:\/\/sindaopcpb.org.br\/index.php\/wp-json\/wp\/v2\/posts\/58697\/revisions\/58710"}],"wp:attachment":[{"href":"https:\/\/sindaopcpb.org.br\/index.php\/wp-json\/wp\/v2\/media?parent=58697"}],"wp:term":[{"taxonomy":"category","embeddable":true,"href":"https:\/\/sindaopcpb.org.br\/index.php\/wp-json\/wp\/v2\/categories?post=58697"},{"taxonomy":"post_tag","embeddable":true,"href":"https:\/\/sindaopcpb.org.br\/index.php\/wp-json\/wp\/v2\/tags?post=58697"}],"curies":[{"name":"wp","href":"https:\/\/api.w.org\/{rel}","templated":true}]}}