{"id":58690,"date":"2025-07-10T09:22:37","date_gmt":"2025-07-10T12:22:37","guid":{"rendered":"https:\/\/www.pbagora.com.br\/?p=907635"},"modified":"2025-07-10T11:10:37","modified_gmt":"2025-07-10T14:10:37","slug":"ataque-em-espetinho-termina-com-homem-baleado-e-dois-jovens-sequestrados-em-bayeux","status":"publish","type":"post","link":"https:\/\/sindaopcpb.org.br\/index.php\/2025\/07\/10\/ataque-em-espetinho-termina-com-homem-baleado-e-dois-jovens-sequestrados-em-bayeux\/","title":{"rendered":"Ataque em espetinho termina com homem baleado e dois jovens sequestrados em Bayeux"},"content":{"rendered":"<p><img width=\"687\" height=\"463\" src=\"https:\/\/www.pbagora.com.br\/storage\/2023\/11\/csm_samu_no_hospital_de_trauma_JP_702d9f635d.jpeg\" class=\"attachment-large size-large wp-post-image\" alt=\"\" style=\"margin-bottom: 20px;\" decoding=\"async\" loading=\"lazy\" srcset=\"https:\/\/www.pbagora.com.br\/storage\/2023\/11\/csm_samu_no_hospital_de_trauma_JP_702d9f635d.jpeg 687w, https:\/\/www.pbagora.com.br\/storage\/2023\/11\/csm_samu_no_hospital_de_trauma_JP_702d9f635d-300x202.jpeg 300w, https:\/\/www.pbagora.com.br\/storage\/2023\/11\/csm_samu_no_hospital_de_trauma_JP_702d9f635d-150x101.jpeg 150w, https:\/\/www.pbagora.com.br\/storage\/2023\/11\/csm_samu_no_hospital_de_trauma_JP_702d9f635d-380x256.jpeg 380w, https:\/\/www.pbagora.com.br\/storage\/2023\/11\/csm_samu_no_hospital_de_trauma_JP_702d9f635d-80x54.jpeg 80w, https:\/\/www.pbagora.com.br\/storage\/2023\/11\/csm_samu_no_hospital_de_trauma_JP_702d9f635d-600x404.jpeg 600w\" sizes=\"auto, (max-width: 687px) 100vw, 687px\" \/><\/p>\n<p>Um ataque a tiros registrado na noite dessa quarta-feira (09), no bairro Jardim Aeroporto, em Bayeux, na Regi\u00e3o Metropolitana de Jo\u00e3o Pessoa, deixou um homem baleado e dois jovens sequestrados. O caso, que tem ind\u00edcios de liga\u00e7\u00e3o com a atua\u00e7\u00e3o de fac\u00e7\u00f5es criminosas, est\u00e1 sendo investigado pela Pol\u00edcia Civil.<\/p>\n\n\n\n<p>Segundo informa\u00e7\u00f5es repassadas pela Pol\u00edcia Militar, um grupo de criminosos chegou em um carro ao espetinho onde as v\u00edtimas estavam. Armados, os suspeitos mandaram que ningu\u00e9m sa\u00edsse do local. Um dos homens tentou escapar e acabou sendo atingido por disparos de arma de fogo. Ele foi socorrido por populares ao Hospital de Emerg\u00eancia e Trauma da capital e, de acordo com boletim m\u00e9dico divulgado na manh\u00e3 desta quinta-feira (10), seu estado de sa\u00fade \u00e9 est\u00e1vel.<\/p>\n\n\n\n<p>Durante a a\u00e7\u00e3o criminosa, os agressores ainda sequestraram dois jovens: um adolescente de 14 anos, filho do homem baleado, e outro rapaz que tamb\u00e9m estava no local. As v\u00edtimas foram levadas para uma \u00e1rea de mata nas proximidades do antigo lepros\u00e1rio da cidade.<\/p>\n\n\n\n<p>De acordo com a PM, os jovens relataram que foram interrogados pelos criminosos sobre suposto envolvimento com o tr\u00e1fico de drogas. Ap\u00f3s negarem qualquer liga\u00e7\u00e3o com fac\u00e7\u00f5es, os dois foram liberados e localizados pela pol\u00edcia, j\u00e1 durante a madrugada, em uma comunidade pr\u00f3xima. Apesar do susto, ambos estavam fisicamente bem e n\u00e3o apresentavam ferimentos.<\/p>\n\n\n\n<p>A pol\u00edcia segue em dilig\u00eancia nesta quinta-feira para tentar localizar os suspeitos. At\u00e9 o momento, ningu\u00e9m foi preso.<\/p>\n\n\n\n<p><strong><em>PB Agora<\/em><\/strong><\/p>\n","protected":false},"excerpt":{"rendered":"<p><img decoding=\"async\" width=\"687\" height=\"463\" src=\"https:\/\/www.pbagora.com.br\/storage\/2023\/11\/csm_samu_no_hospital_de_trauma_JP_702d9f635d.jpeg\" class=\"attachment-large size-large wp-post-image\" alt=\"\" loading=\"lazy\" srcset=\"https:\/\/www.pbagora.com.br\/storage\/2023\/11\/csm_samu_no_hospital_de_trauma_JP_702d9f635d.jpeg 687w, https:\/\/www.pbagora.com.br\/storage\/2023\/11\/csm_samu_no_hospital_de_trauma_JP_702d9f635d-300x202.jpeg 300w, https:\/\/www.pbagora.com.br\/storage\/2023\/11\/csm_samu_no_hospital_de_trauma_JP_702d9f635d-150x101.jpeg 150w, https:\/\/www.pbagora.com.br\/storage\/2023\/11\/csm_samu_no_hospital_de_trauma_JP_702d9f635d-380x256.jpeg 380w, https:\/\/www.pbagora.com.br\/storage\/2023\/11\/csm_samu_no_hospital_de_trauma_JP_702d9f635d-80x54.jpeg 80w, https:\/\/www.pbagora.com.br\/storage\/2023\/11\/csm_samu_no_hospital_de_trauma_JP_702d9f635d-600x404.jpeg 600w\" sizes=\"auto, (max-width: 687px) 100vw, 687px\"><\/p>\n<p>Um ataque a tiros registrado na noite dessa quarta-feira (09), no bairro Jardim Aeroporto, em Bayeux, na Regi\u00e3o\u2026<\/p>\n","protected":false},"author":123457,"featured_media":0,"comment_status":"closed","ping_status":"closed","sticky":false,"template":"","format":"standard","meta":{"advgb_blocks_editor_width":"","advgb_blocks_columns_visual_guide":"","footnotes":""},"categories":[34],"tags":[10841,35,10839],"class_list":["post-58690","post","type-post","status-publish","format-standard","hentry","category-g1","tag-destaque-centro-02","tag-g1","tag-policial"],"author_meta":{"display_name":"Reda\u00e7\u00e3o","author_link":"https:\/\/sindaopcpb.org.br\/author\/redacao\/"},"featured_img":null,"coauthors":[],"tax_additional":{"categories":{"linked":["<a href=\"https:\/\/sindaopcpb.org.br\/g1\/\" class=\"advgb-post-tax-term\">G1<\/a>"],"unlinked":["<span class=\"advgb-post-tax-term\">G1<\/span>"]},"tags":{"linked":["<a href=\"https:\/\/sindaopcpb.org.br\/g1\/\" class=\"advgb-post-tax-term\">Destaque Centro 02<\/a>","<a href=\"https:\/\/sindaopcpb.org.br\/g1\/\" class=\"advgb-post-tax-term\">g1<\/a>","<a href=\"https:\/\/sindaopcpb.org.br\/g1\/\" class=\"advgb-post-tax-term\">Policial<\/a>"],"unlinked":["<span class=\"advgb-post-tax-term\">Destaque Centro 02<\/span>","<span class=\"advgb-post-tax-term\">g1<\/span>","<span class=\"advgb-post-tax-term\">Policial<\/span>"]}},"comment_count":"0","relative_dates":{"created":"Publicado 10 meses atr\u00e1s","modified":"Atualizado 10 meses atr\u00e1s"},"absolute_dates":{"created":"Publicado em 10 de julho de 2025","modified":"Atualizado em 10 de julho de 2025"},"absolute_dates_time":{"created":"Publicado em 10 de julho de 2025 09:22","modified":"Atualizado em 10 de julho de 2025 11:10"},"featured_img_caption":"","series_order":"","_links":{"self":[{"href":"https:\/\/sindaopcpb.org.br\/index.php\/wp-json\/wp\/v2\/posts\/58690","targetHints":{"allow":["GET"]}}],"collection":[{"href":"https:\/\/sindaopcpb.org.br\/index.php\/wp-json\/wp\/v2\/posts"}],"about":[{"href":"https:\/\/sindaopcpb.org.br\/index.php\/wp-json\/wp\/v2\/types\/post"}],"author":[{"embeddable":true,"href":"https:\/\/sindaopcpb.org.br\/index.php\/wp-json\/wp\/v2\/users\/123457"}],"replies":[{"embeddable":true,"href":"https:\/\/sindaopcpb.org.br\/index.php\/wp-json\/wp\/v2\/comments?post=58690"}],"version-history":[{"count":2,"href":"https:\/\/sindaopcpb.org.br\/index.php\/wp-json\/wp\/v2\/posts\/58690\/revisions"}],"predecessor-version":[{"id":58701,"href":"https:\/\/sindaopcpb.org.br\/index.php\/wp-json\/wp\/v2\/posts\/58690\/revisions\/58701"}],"wp:attachment":[{"href":"https:\/\/sindaopcpb.org.br\/index.php\/wp-json\/wp\/v2\/media?parent=58690"}],"wp:term":[{"taxonomy":"category","embeddable":true,"href":"https:\/\/sindaopcpb.org.br\/index.php\/wp-json\/wp\/v2\/categories?post=58690"},{"taxonomy":"post_tag","embeddable":true,"href":"https:\/\/sindaopcpb.org.br\/index.php\/wp-json\/wp\/v2\/tags?post=58690"}],"curies":[{"name":"wp","href":"https:\/\/api.w.org\/{rel}","templated":true}]}}