{"id":58688,"date":"2025-07-10T09:30:26","date_gmt":"2025-07-10T12:30:26","guid":{"rendered":"https:\/\/www.pbagora.com.br\/?p=907638"},"modified":"2025-07-10T09:30:26","modified_gmt":"2025-07-10T12:30:26","slug":"policia-civil-prende-terceiro-envolvido-em-assassinato-cometido-em-cruz-do-espirito-santo","status":"publish","type":"post","link":"https:\/\/sindaopcpb.org.br\/index.php\/2025\/07\/10\/policia-civil-prende-terceiro-envolvido-em-assassinato-cometido-em-cruz-do-espirito-santo\/","title":{"rendered":"Pol\u00edcia Civil prende terceiro envolvido em assassinato cometido em Cruz do Esp\u00edrito Santo"},"content":{"rendered":"<p><img width=\"1024\" height=\"683\" src=\"https:\/\/www.pbagora.com.br\/storage\/2025\/06\/WhatsApp-Image-2025-06-06-at-09.07.35-1024x683.jpeg\" class=\"attachment-large size-large wp-post-image\" alt=\"\" style=\"margin-bottom: 20px;\" decoding=\"async\" loading=\"lazy\" srcset=\"https:\/\/www.pbagora.com.br\/storage\/2025\/06\/WhatsApp-Image-2025-06-06-at-09.07.35-1024x683.jpeg 1024w, https:\/\/www.pbagora.com.br\/storage\/2025\/06\/WhatsApp-Image-2025-06-06-at-09.07.35-300x200.jpeg 300w, https:\/\/www.pbagora.com.br\/storage\/2025\/06\/WhatsApp-Image-2025-06-06-at-09.07.35-150x100.jpeg 150w, https:\/\/www.pbagora.com.br\/storage\/2025\/06\/WhatsApp-Image-2025-06-06-at-09.07.35-768x512.jpeg 768w, https:\/\/www.pbagora.com.br\/storage\/2025\/06\/WhatsApp-Image-2025-06-06-at-09.07.35-1536x1024.jpeg 1536w, https:\/\/www.pbagora.com.br\/storage\/2025\/06\/WhatsApp-Image-2025-06-06-at-09.07.35-380x253.jpeg 380w, https:\/\/www.pbagora.com.br\/storage\/2025\/06\/WhatsApp-Image-2025-06-06-at-09.07.35-800x534.jpeg 800w, https:\/\/www.pbagora.com.br\/storage\/2025\/06\/WhatsApp-Image-2025-06-06-at-09.07.35-1160x774.jpeg 1160w, https:\/\/www.pbagora.com.br\/storage\/2025\/06\/WhatsApp-Image-2025-06-06-at-09.07.35-80x53.jpeg 80w, https:\/\/www.pbagora.com.br\/storage\/2025\/06\/WhatsApp-Image-2025-06-06-at-09.07.35-760x507.jpeg 760w, https:\/\/www.pbagora.com.br\/storage\/2025\/06\/WhatsApp-Image-2025-06-06-at-09.07.35-600x400.jpeg 600w, https:\/\/www.pbagora.com.br\/storage\/2025\/06\/WhatsApp-Image-2025-06-06-at-09.07.35.jpeg 1600w\" sizes=\"auto, (max-width: 1024px) 100vw, 1024px\" \/><\/p>\n<p>A Pol\u00edcia Civil da Para\u00edba prendeu nessa quarta-feira (09) o terceiro homem envolvido no assassinato de Tiago Santos de Souza, crime cometido em 27 de mar\u00e7o de 2024, no munic\u00edpio de Cruz do Esp\u00edrito Santo. A pris\u00e3o foi realizada por equipes do N\u00facleo de Homic\u00eddios da 5\u00aa Delegacia Seccional, sediada em Santa Rita.<\/p>\n\n\n\n<p>O investigado de 30 anos foi preso na cidade de Sobrado. Ele \u00e9 o terceiro homem identificado nas investiga\u00e7\u00f5es da PCPB, envolvidos no crime, e preso pelas equipes da 5\u00aa Delegacia Seccional.<\/p>\n\n\n\n<p>\u201cCom a pris\u00e3o realizada na data de hoje, a Pol\u00edcia Civil da Para\u00edba conclui mais um inqu\u00e9rito com \u00eaxito, retirando de circula\u00e7\u00e3o todos os envolvidos nesse crime b\u00e1rbaro. \u00c9 resultado direto do trabalho t\u00e9cnico, comprometido e incessante dos nossos investigadores. Aproveito a oportunidade para refor\u00e7ar a import\u00e2ncia da parceria com a sociedade: den\u00fancias an\u00f4nimas feitas pelo 197 s\u00e3o fundamentais para avan\u00e7armos ainda mais no combate \u00e0 criminalidade. A identidade do denunciante \u00e9 totalmente preservada, e sua colabora\u00e7\u00e3o pode salvar vidas.\u201d disse o delegado seccional Aneilton Castro.<\/p>\n\n\n\n<p><strong><em>PB Agora<\/em><\/strong><\/p>\n","protected":false},"excerpt":{"rendered":"<p><img loading=\"lazy\" decoding=\"async\" width=\"1024\" height=\"683\" src=\"https:\/\/www.pbagora.com.br\/storage\/2025\/06\/WhatsApp-Image-2025-06-06-at-09.07.35-1024x683.jpeg\" class=\"attachment-large size-large wp-post-image\" alt=\"\" srcset=\"https:\/\/www.pbagora.com.br\/storage\/2025\/06\/WhatsApp-Image-2025-06-06-at-09.07.35-1024x683.jpeg 1024w, https:\/\/www.pbagora.com.br\/storage\/2025\/06\/WhatsApp-Image-2025-06-06-at-09.07.35-300x200.jpeg 300w, https:\/\/www.pbagora.com.br\/storage\/2025\/06\/WhatsApp-Image-2025-06-06-at-09.07.35-150x100.jpeg 150w, https:\/\/www.pbagora.com.br\/storage\/2025\/06\/WhatsApp-Image-2025-06-06-at-09.07.35-768x512.jpeg 768w, https:\/\/www.pbagora.com.br\/storage\/2025\/06\/WhatsApp-Image-2025-06-06-at-09.07.35-1536x1024.jpeg 1536w, https:\/\/www.pbagora.com.br\/storage\/2025\/06\/WhatsApp-Image-2025-06-06-at-09.07.35-380x253.jpeg 380w, https:\/\/www.pbagora.com.br\/storage\/2025\/06\/WhatsApp-Image-2025-06-06-at-09.07.35-800x534.jpeg 800w, https:\/\/www.pbagora.com.br\/storage\/2025\/06\/WhatsApp-Image-2025-06-06-at-09.07.35-1160x774.jpeg 1160w, https:\/\/www.pbagora.com.br\/storage\/2025\/06\/WhatsApp-Image-2025-06-06-at-09.07.35-80x53.jpeg 80w, https:\/\/www.pbagora.com.br\/storage\/2025\/06\/WhatsApp-Image-2025-06-06-at-09.07.35-760x507.jpeg 760w, https:\/\/www.pbagora.com.br\/storage\/2025\/06\/WhatsApp-Image-2025-06-06-at-09.07.35-600x400.jpeg 600w, https:\/\/www.pbagora.com.br\/storage\/2025\/06\/WhatsApp-Image-2025-06-06-at-09.07.35.jpeg 1600w\" sizes=\"auto, (max-width: 1024px) 100vw, 1024px\"><\/p>\n<p>A Pol\u00edcia Civil da Para\u00edba prendeu nessa quarta-feira (09) o terceiro homem envolvido no assassinato de Tiago Santos\u2026<\/p>\n","protected":false},"author":123457,"featured_media":0,"comment_status":"closed","ping_status":"closed","sticky":false,"template":"","format":"standard","meta":{"advgb_blocks_editor_width":"","advgb_blocks_columns_visual_guide":"","footnotes":""},"categories":[34],"tags":[10841,35,10839],"class_list":["post-58688","post","type-post","status-publish","format-standard","hentry","category-g1","tag-destaque-centro-02","tag-g1","tag-policial"],"author_meta":{"display_name":"Reda\u00e7\u00e3o","author_link":"https:\/\/sindaopcpb.org.br\/author\/redacao\/"},"featured_img":null,"coauthors":[],"tax_additional":{"categories":{"linked":["<a href=\"https:\/\/sindaopcpb.org.br\/g1\/\" class=\"advgb-post-tax-term\">G1<\/a>"],"unlinked":["<span class=\"advgb-post-tax-term\">G1<\/span>"]},"tags":{"linked":["<a href=\"https:\/\/sindaopcpb.org.br\/g1\/\" class=\"advgb-post-tax-term\">Destaque Centro 02<\/a>","<a href=\"https:\/\/sindaopcpb.org.br\/g1\/\" class=\"advgb-post-tax-term\">g1<\/a>","<a href=\"https:\/\/sindaopcpb.org.br\/g1\/\" class=\"advgb-post-tax-term\">Policial<\/a>"],"unlinked":["<span class=\"advgb-post-tax-term\">Destaque Centro 02<\/span>","<span class=\"advgb-post-tax-term\">g1<\/span>","<span class=\"advgb-post-tax-term\">Policial<\/span>"]}},"comment_count":"0","relative_dates":{"created":"Publicado 10 meses atr\u00e1s","modified":"Atualizado 10 meses atr\u00e1s"},"absolute_dates":{"created":"Publicado em 10 de julho de 2025","modified":"Atualizado em 10 de julho de 2025"},"absolute_dates_time":{"created":"Publicado em 10 de julho de 2025 09:30","modified":"Atualizado em 10 de julho de 2025 09:30"},"featured_img_caption":"","series_order":"","_links":{"self":[{"href":"https:\/\/sindaopcpb.org.br\/index.php\/wp-json\/wp\/v2\/posts\/58688","targetHints":{"allow":["GET"]}}],"collection":[{"href":"https:\/\/sindaopcpb.org.br\/index.php\/wp-json\/wp\/v2\/posts"}],"about":[{"href":"https:\/\/sindaopcpb.org.br\/index.php\/wp-json\/wp\/v2\/types\/post"}],"author":[{"embeddable":true,"href":"https:\/\/sindaopcpb.org.br\/index.php\/wp-json\/wp\/v2\/users\/123457"}],"replies":[{"embeddable":true,"href":"https:\/\/sindaopcpb.org.br\/index.php\/wp-json\/wp\/v2\/comments?post=58688"}],"version-history":[{"count":1,"href":"https:\/\/sindaopcpb.org.br\/index.php\/wp-json\/wp\/v2\/posts\/58688\/revisions"}],"predecessor-version":[{"id":58689,"href":"https:\/\/sindaopcpb.org.br\/index.php\/wp-json\/wp\/v2\/posts\/58688\/revisions\/58689"}],"wp:attachment":[{"href":"https:\/\/sindaopcpb.org.br\/index.php\/wp-json\/wp\/v2\/media?parent=58688"}],"wp:term":[{"taxonomy":"category","embeddable":true,"href":"https:\/\/sindaopcpb.org.br\/index.php\/wp-json\/wp\/v2\/categories?post=58688"},{"taxonomy":"post_tag","embeddable":true,"href":"https:\/\/sindaopcpb.org.br\/index.php\/wp-json\/wp\/v2\/tags?post=58688"}],"curies":[{"name":"wp","href":"https:\/\/api.w.org\/{rel}","templated":true}]}}