{"id":58686,"date":"2025-07-10T09:33:44","date_gmt":"2025-07-10T12:33:44","guid":{"rendered":"https:\/\/www.pbagora.com.br\/?p=907640"},"modified":"2025-07-10T09:33:44","modified_gmt":"2025-07-10T12:33:44","slug":"veiculo-roubado-arma-de-fogo-e-colete-balistico-sao-apreendidos-durante-operacao-em-monteiro","status":"publish","type":"post","link":"https:\/\/sindaopcpb.org.br\/index.php\/2025\/07\/10\/veiculo-roubado-arma-de-fogo-e-colete-balistico-sao-apreendidos-durante-operacao-em-monteiro\/","title":{"rendered":"Ve\u00edculo roubado, arma de fogo e colete bal\u00edstico s\u00e3o apreendidos durante opera\u00e7\u00e3o em Monteiro"},"content":{"rendered":"<p><img width=\"928\" height=\"1024\" src=\"https:\/\/www.pbagora.com.br\/storage\/2025\/07\/image-15-928x1024.png\" class=\"attachment-large size-large wp-post-image\" alt=\"\" style=\"margin-bottom: 20px;\" decoding=\"async\" srcset=\"https:\/\/www.pbagora.com.br\/storage\/2025\/07\/image-15-928x1024.png 928w, https:\/\/www.pbagora.com.br\/storage\/2025\/07\/image-15-272x300.png 272w, https:\/\/www.pbagora.com.br\/storage\/2025\/07\/image-15-136x150.png 136w, https:\/\/www.pbagora.com.br\/storage\/2025\/07\/image-15-768x847.png 768w, https:\/\/www.pbagora.com.br\/storage\/2025\/07\/image-15-1392x1536.png 1392w, https:\/\/www.pbagora.com.br\/storage\/2025\/07\/image-15-380x419.png 380w, https:\/\/www.pbagora.com.br\/storage\/2025\/07\/image-15-800x883.png 800w, https:\/\/www.pbagora.com.br\/storage\/2025\/07\/image-15-1160x1280.png 1160w, https:\/\/www.pbagora.com.br\/storage\/2025\/07\/image-15-80x88.png 80w, https:\/\/www.pbagora.com.br\/storage\/2025\/07\/image-15-73x80.png 73w, https:\/\/www.pbagora.com.br\/storage\/2025\/07\/image-15-760x839.png 760w, https:\/\/www.pbagora.com.br\/storage\/2025\/07\/image-15-544x600.png 544w, https:\/\/www.pbagora.com.br\/storage\/2025\/07\/image-15.png 1450w\" sizes=\"(max-width: 928px) 100vw, 928px\" \/><\/p>\n<p>A Pol\u00edcia Civil da Para\u00edba, por meio do Grupo T\u00e1tico Especial (GTE) da 14\u00aa Delegacia Seccional de Pol\u00edcia Civil (DSPC), realizou, nessa quarta-feira (09), uma opera\u00e7\u00e3o que resultou na apreens\u00e3o de um ve\u00edculo com sinais de adultera\u00e7\u00e3o e restri\u00e7\u00e3o de roubo, al\u00e9m de uma arma de fogo, muni\u00e7\u00f5es e um colete bal\u00edstico. Um homem foi preso em flagrante.<\/p>\n\n\n\n<p>A a\u00e7\u00e3o teve in\u00edcio a partir de informa\u00e7\u00f5es de intelig\u00eancia repassadas ao delegado respons\u00e1vel pela unidade, que imediatamente acionou a equipe t\u00e1tica. O alvo da investiga\u00e7\u00e3o era um ve\u00edculo modelo Onix Plus, de cor preta, suspeito de ser produto de roubo.<\/p>\n\n\n\n<p>Com base nas informa\u00e7\u00f5es recebidas, os policiais civis iniciaram dilig\u00eancias nas cidades de Prata e Monteiro. O carro foi localizado circulando em Monteiro e passou a ser monitorado. Ao perceber a aproxima\u00e7\u00e3o da viatura, o condutor tentou fugir, mas foi interceptado pelos agentes.<\/p>\n\n\n\n<p>Durante a abordagem, os policiais apreenderam uma pistola calibre .380, dois carregadores, 32 muni\u00e7\u00f5es e um colete bal\u00edstico. Foi constatado que o ve\u00edculo apresentava adultera\u00e7\u00e3o no chassi e no n\u00famero do motor, al\u00e9m de estar cadastrado como roubado. O suspeito recebeu voz de pris\u00e3o e foi encaminhado \u00e0 Delegacia de Pol\u00edcia Civil, onde foram adotadas todas as medidas cab\u00edveis.<\/p>\n\n\n\n<p><strong><em>PB Agora<\/em><\/strong><\/p>\n","protected":false},"excerpt":{"rendered":"<p><img loading=\"lazy\" decoding=\"async\" width=\"928\" height=\"1024\" src=\"https:\/\/www.pbagora.com.br\/storage\/2025\/07\/image-15-928x1024.png\" class=\"attachment-large size-large wp-post-image\" alt=\"\" srcset=\"https:\/\/www.pbagora.com.br\/storage\/2025\/07\/image-15-928x1024.png 928w, https:\/\/www.pbagora.com.br\/storage\/2025\/07\/image-15-272x300.png 272w, https:\/\/www.pbagora.com.br\/storage\/2025\/07\/image-15-136x150.png 136w, https:\/\/www.pbagora.com.br\/storage\/2025\/07\/image-15-768x847.png 768w, https:\/\/www.pbagora.com.br\/storage\/2025\/07\/image-15-1392x1536.png 1392w, https:\/\/www.pbagora.com.br\/storage\/2025\/07\/image-15-380x419.png 380w, https:\/\/www.pbagora.com.br\/storage\/2025\/07\/image-15-800x883.png 800w, https:\/\/www.pbagora.com.br\/storage\/2025\/07\/image-15-1160x1280.png 1160w, https:\/\/www.pbagora.com.br\/storage\/2025\/07\/image-15-80x88.png 80w, https:\/\/www.pbagora.com.br\/storage\/2025\/07\/image-15-73x80.png 73w, https:\/\/www.pbagora.com.br\/storage\/2025\/07\/image-15-760x839.png 760w, https:\/\/www.pbagora.com.br\/storage\/2025\/07\/image-15-544x600.png 544w, https:\/\/www.pbagora.com.br\/storage\/2025\/07\/image-15.png 1450w\" sizes=\"auto, (max-width: 928px) 100vw, 928px\"><\/p>\n<p>A Pol\u00edcia Civil da Para\u00edba, por meio do Grupo T\u00e1tico Especial (GTE) da 14\u00aa Delegacia Seccional de Pol\u00edcia\u2026<\/p>\n","protected":false},"author":123457,"featured_media":0,"comment_status":"closed","ping_status":"closed","sticky":false,"template":"","format":"standard","meta":{"advgb_blocks_editor_width":"","advgb_blocks_columns_visual_guide":"","footnotes":""},"categories":[34],"tags":[10840,35,10839],"class_list":["post-58686","post","type-post","status-publish","format-standard","hentry","category-g1","tag-destaque-centro-03","tag-g1","tag-policial"],"author_meta":{"display_name":"Reda\u00e7\u00e3o","author_link":"https:\/\/sindaopcpb.org.br\/author\/redacao\/"},"featured_img":null,"coauthors":[],"tax_additional":{"categories":{"linked":["<a href=\"https:\/\/sindaopcpb.org.br\/g1\/\" class=\"advgb-post-tax-term\">G1<\/a>"],"unlinked":["<span class=\"advgb-post-tax-term\">G1<\/span>"]},"tags":{"linked":["<a href=\"https:\/\/sindaopcpb.org.br\/g1\/\" class=\"advgb-post-tax-term\">Destaque Centro 03<\/a>","<a href=\"https:\/\/sindaopcpb.org.br\/g1\/\" class=\"advgb-post-tax-term\">g1<\/a>","<a href=\"https:\/\/sindaopcpb.org.br\/g1\/\" class=\"advgb-post-tax-term\">Policial<\/a>"],"unlinked":["<span class=\"advgb-post-tax-term\">Destaque Centro 03<\/span>","<span class=\"advgb-post-tax-term\">g1<\/span>","<span class=\"advgb-post-tax-term\">Policial<\/span>"]}},"comment_count":"0","relative_dates":{"created":"Publicado 10 meses atr\u00e1s","modified":"Atualizado 10 meses atr\u00e1s"},"absolute_dates":{"created":"Publicado em 10 de julho de 2025","modified":"Atualizado em 10 de julho de 2025"},"absolute_dates_time":{"created":"Publicado em 10 de julho de 2025 09:33","modified":"Atualizado em 10 de julho de 2025 09:33"},"featured_img_caption":"","series_order":"","_links":{"self":[{"href":"https:\/\/sindaopcpb.org.br\/index.php\/wp-json\/wp\/v2\/posts\/58686","targetHints":{"allow":["GET"]}}],"collection":[{"href":"https:\/\/sindaopcpb.org.br\/index.php\/wp-json\/wp\/v2\/posts"}],"about":[{"href":"https:\/\/sindaopcpb.org.br\/index.php\/wp-json\/wp\/v2\/types\/post"}],"author":[{"embeddable":true,"href":"https:\/\/sindaopcpb.org.br\/index.php\/wp-json\/wp\/v2\/users\/123457"}],"replies":[{"embeddable":true,"href":"https:\/\/sindaopcpb.org.br\/index.php\/wp-json\/wp\/v2\/comments?post=58686"}],"version-history":[{"count":2,"href":"https:\/\/sindaopcpb.org.br\/index.php\/wp-json\/wp\/v2\/posts\/58686\/revisions"}],"predecessor-version":[{"id":58704,"href":"https:\/\/sindaopcpb.org.br\/index.php\/wp-json\/wp\/v2\/posts\/58686\/revisions\/58704"}],"wp:attachment":[{"href":"https:\/\/sindaopcpb.org.br\/index.php\/wp-json\/wp\/v2\/media?parent=58686"}],"wp:term":[{"taxonomy":"category","embeddable":true,"href":"https:\/\/sindaopcpb.org.br\/index.php\/wp-json\/wp\/v2\/categories?post=58686"},{"taxonomy":"post_tag","embeddable":true,"href":"https:\/\/sindaopcpb.org.br\/index.php\/wp-json\/wp\/v2\/tags?post=58686"}],"curies":[{"name":"wp","href":"https:\/\/api.w.org\/{rel}","templated":true}]}}