{"id":58328,"date":"2025-06-28T13:30:38","date_gmt":"2025-06-28T16:30:38","guid":{"rendered":"https:\/\/www.pbagora.com.br\/?p=905998"},"modified":"2025-06-28T18:30:38","modified_gmt":"2025-06-28T21:30:38","slug":"policia-militar-prende-homem-por-violencia-domestica-e-apreende-arma-de-fogo-em-ibiara-2","status":"publish","type":"post","link":"https:\/\/sindaopcpb.org.br\/index.php\/2025\/06\/28\/policia-militar-prende-homem-por-violencia-domestica-e-apreende-arma-de-fogo-em-ibiara-2\/","title":{"rendered":"PM prende homem por viol\u00eancia dom\u00e9stica e apreende arma de fogo em Ibiara"},"content":{"rendered":"<p><img width=\"576\" height=\"1024\" src=\"https:\/\/www.pbagora.com.br\/storage\/2025\/06\/arma-apreendida-576x1024.jpg\" class=\"attachment-large size-large wp-post-image\" alt=\"\" style=\"margin-bottom: 20px;\" decoding=\"async\" srcset=\"https:\/\/www.pbagora.com.br\/storage\/2025\/06\/arma-apreendida-576x1024.jpg 576w, https:\/\/www.pbagora.com.br\/storage\/2025\/06\/arma-apreendida-169x300.jpg 169w, https:\/\/www.pbagora.com.br\/storage\/2025\/06\/arma-apreendida-84x150.jpg 84w, https:\/\/www.pbagora.com.br\/storage\/2025\/06\/arma-apreendida-768x1366.jpg 768w, https:\/\/www.pbagora.com.br\/storage\/2025\/06\/arma-apreendida-864x1536.jpg 864w, https:\/\/www.pbagora.com.br\/storage\/2025\/06\/arma-apreendida-380x676.jpg 380w, https:\/\/www.pbagora.com.br\/storage\/2025\/06\/arma-apreendida-800x1423.jpg 800w, https:\/\/www.pbagora.com.br\/storage\/2025\/06\/arma-apreendida-80x142.jpg 80w, https:\/\/www.pbagora.com.br\/storage\/2025\/06\/arma-apreendida-45x80.jpg 45w, https:\/\/www.pbagora.com.br\/storage\/2025\/06\/arma-apreendida-760x1352.jpg 760w, https:\/\/www.pbagora.com.br\/storage\/2025\/06\/arma-apreendida-337x600.jpg 337w, https:\/\/www.pbagora.com.br\/storage\/2025\/06\/arma-apreendida.jpg 899w\" sizes=\"(max-width: 576px) 100vw, 576px\" \/><\/p>\n<p>Na noite dessa sexta-feira (27), policiais militares do 13\u00ba BPM prenderam um suspeito por viol\u00eancia dom\u00e9stica e posse ilegal de arma na cidade de Ibiara-PB. O suspeito foi preso ap\u00f3s den\u00fancia de disparos de arma de fogo, no centro da cidade.<\/p>\n\n\n\n<p>Ap\u00f3s den\u00fancia por viol\u00eancia dom\u00e9stica, os policiais se deslocaram at\u00e9 a resid\u00eancia da v\u00edtima, esposa do suspeito, onde encontraram o suspeito com fortes sinais de embriaguez. A v\u00edtima informou aos policiais que seu companheiro havia efetuado disparos de arma de fogo na porta da resid\u00eancia do casal, o que foi constatado pelas marcas e estojos no local.<\/p>\n\n\n\n<p>A mulher ainda relatou que recebia amea\u00e7as constantes, pois o suspeito n\u00e3o aceitava o t\u00e9rmino do relacionamento. Com isso, os policiais realizaram a pris\u00e3o do homem e nas buscas foi encontrada uma pistola 9mm, com treze muni\u00e7\u00f5es, que estava escondida no interior de uma m\u00e1quina de lavar roupas.<\/p>\n\n\n\n<p>O suspeito e a arma de fogo apreendida foram encaminhados \u00e0 Delegacia de Pol\u00edcia Civil de Concei\u00e7\u00e3o-PB.<\/p>\n\n\n\n<p><strong><em>PB Agora<\/em><\/strong><\/p>\n","protected":false},"excerpt":{"rendered":"<p><img loading=\"lazy\" decoding=\"async\" width=\"576\" height=\"1024\" src=\"https:\/\/www.pbagora.com.br\/storage\/2025\/06\/arma-apreendida-576x1024.jpg\" class=\"attachment-large size-large wp-post-image\" alt=\"\" srcset=\"https:\/\/www.pbagora.com.br\/storage\/2025\/06\/arma-apreendida-576x1024.jpg 576w, https:\/\/www.pbagora.com.br\/storage\/2025\/06\/arma-apreendida-169x300.jpg 169w, https:\/\/www.pbagora.com.br\/storage\/2025\/06\/arma-apreendida-84x150.jpg 84w, https:\/\/www.pbagora.com.br\/storage\/2025\/06\/arma-apreendida-768x1366.jpg 768w, https:\/\/www.pbagora.com.br\/storage\/2025\/06\/arma-apreendida-864x1536.jpg 864w, https:\/\/www.pbagora.com.br\/storage\/2025\/06\/arma-apreendida-380x676.jpg 380w, https:\/\/www.pbagora.com.br\/storage\/2025\/06\/arma-apreendida-800x1423.jpg 800w, https:\/\/www.pbagora.com.br\/storage\/2025\/06\/arma-apreendida-80x142.jpg 80w, https:\/\/www.pbagora.com.br\/storage\/2025\/06\/arma-apreendida-45x80.jpg 45w, https:\/\/www.pbagora.com.br\/storage\/2025\/06\/arma-apreendida-760x1352.jpg 760w, https:\/\/www.pbagora.com.br\/storage\/2025\/06\/arma-apreendida-337x600.jpg 337w, https:\/\/www.pbagora.com.br\/storage\/2025\/06\/arma-apreendida.jpg 899w\" sizes=\"auto, (max-width: 576px) 100vw, 576px\"><\/p>\n<p>Na noite dessa sexta-feira (27), policiais militares do 13\u00ba BPM prenderam um suspeito por viol\u00eancia dom\u00e9stica e posse\u2026<\/p>\n","protected":false},"author":123457,"featured_media":0,"comment_status":"closed","ping_status":"closed","sticky":false,"template":"","format":"standard","meta":{"advgb_blocks_editor_width":"","advgb_blocks_columns_visual_guide":"","footnotes":""},"categories":[34],"tags":[10841,35,10839],"class_list":["post-58328","post","type-post","status-publish","format-standard","hentry","category-g1","tag-destaque-centro-02","tag-g1","tag-policial"],"author_meta":{"display_name":"Reda\u00e7\u00e3o","author_link":"https:\/\/sindaopcpb.org.br\/author\/redacao\/"},"featured_img":null,"coauthors":[],"tax_additional":{"categories":{"linked":["<a href=\"https:\/\/sindaopcpb.org.br\/g1\/\" class=\"advgb-post-tax-term\">G1<\/a>"],"unlinked":["<span class=\"advgb-post-tax-term\">G1<\/span>"]},"tags":{"linked":["<a href=\"https:\/\/sindaopcpb.org.br\/g1\/\" class=\"advgb-post-tax-term\">Destaque Centro 02<\/a>","<a href=\"https:\/\/sindaopcpb.org.br\/g1\/\" class=\"advgb-post-tax-term\">g1<\/a>","<a href=\"https:\/\/sindaopcpb.org.br\/g1\/\" class=\"advgb-post-tax-term\">Policial<\/a>"],"unlinked":["<span class=\"advgb-post-tax-term\">Destaque Centro 02<\/span>","<span class=\"advgb-post-tax-term\">g1<\/span>","<span class=\"advgb-post-tax-term\">Policial<\/span>"]}},"comment_count":"0","relative_dates":{"created":"Publicado 10 meses atr\u00e1s","modified":"Atualizado 10 meses atr\u00e1s"},"absolute_dates":{"created":"Publicado em 28 de junho de 2025","modified":"Atualizado em 28 de junho de 2025"},"absolute_dates_time":{"created":"Publicado em 28 de junho de 2025 13:30","modified":"Atualizado em 28 de junho de 2025 18:30"},"featured_img_caption":"","series_order":"","_links":{"self":[{"href":"https:\/\/sindaopcpb.org.br\/index.php\/wp-json\/wp\/v2\/posts\/58328","targetHints":{"allow":["GET"]}}],"collection":[{"href":"https:\/\/sindaopcpb.org.br\/index.php\/wp-json\/wp\/v2\/posts"}],"about":[{"href":"https:\/\/sindaopcpb.org.br\/index.php\/wp-json\/wp\/v2\/types\/post"}],"author":[{"embeddable":true,"href":"https:\/\/sindaopcpb.org.br\/index.php\/wp-json\/wp\/v2\/users\/123457"}],"replies":[{"embeddable":true,"href":"https:\/\/sindaopcpb.org.br\/index.php\/wp-json\/wp\/v2\/comments?post=58328"}],"version-history":[{"count":4,"href":"https:\/\/sindaopcpb.org.br\/index.php\/wp-json\/wp\/v2\/posts\/58328\/revisions"}],"predecessor-version":[{"id":58342,"href":"https:\/\/sindaopcpb.org.br\/index.php\/wp-json\/wp\/v2\/posts\/58328\/revisions\/58342"}],"wp:attachment":[{"href":"https:\/\/sindaopcpb.org.br\/index.php\/wp-json\/wp\/v2\/media?parent=58328"}],"wp:term":[{"taxonomy":"category","embeddable":true,"href":"https:\/\/sindaopcpb.org.br\/index.php\/wp-json\/wp\/v2\/categories?post=58328"},{"taxonomy":"post_tag","embeddable":true,"href":"https:\/\/sindaopcpb.org.br\/index.php\/wp-json\/wp\/v2\/tags?post=58328"}],"curies":[{"name":"wp","href":"https:\/\/api.w.org\/{rel}","templated":true}]}}