{"id":58321,"date":"2025-06-28T09:34:04","date_gmt":"2025-06-28T12:34:04","guid":{"rendered":"https:\/\/www.pbagora.com.br\/?p=905988"},"modified":"2025-06-28T13:34:04","modified_gmt":"2025-06-28T16:34:04","slug":"motorista-e-preso-em-jp-por-desvio-de-carga-milionaria-de-eletronicos-e-joias","status":"publish","type":"post","link":"https:\/\/sindaopcpb.org.br\/index.php\/2025\/06\/28\/motorista-e-preso-em-jp-por-desvio-de-carga-milionaria-de-eletronicos-e-joias\/","title":{"rendered":"Motorista \u00e9 preso em JP por desvio de carga milion\u00e1ria de eletr\u00f4nicos e joias"},"content":{"rendered":"<p><img width=\"656\" height=\"376\" src=\"https:\/\/www.pbagora.com.br\/storage\/2025\/06\/image-71.png\" class=\"attachment-large size-large wp-post-image\" alt=\"\" style=\"margin-bottom: 20px;\" decoding=\"async\" srcset=\"https:\/\/www.pbagora.com.br\/storage\/2025\/06\/image-71.png 656w, https:\/\/www.pbagora.com.br\/storage\/2025\/06\/image-71-300x172.png 300w, https:\/\/www.pbagora.com.br\/storage\/2025\/06\/image-71-150x86.png 150w, https:\/\/www.pbagora.com.br\/storage\/2025\/06\/image-71-380x218.png 380w, https:\/\/www.pbagora.com.br\/storage\/2025\/06\/image-71-80x46.png 80w, https:\/\/www.pbagora.com.br\/storage\/2025\/06\/image-71-600x344.png 600w\" sizes=\"(max-width: 656px) 100vw, 656px\" \/><\/p>\n<p>Uma opera\u00e7\u00e3o integrada entre as for\u00e7as de seguran\u00e7a da Para\u00edba e de Minas Gerais resultou, na tarde desta sexta-feira (27), na pris\u00e3o em flagrante de um motorista de carreta acusado de desviar eletr\u00f4nicos e joias de alto valor. A carga, que deveria ser entregue em Jo\u00e3o Pessoa, estava parcialmente escondida na cabine do caminh\u00e3o no momento da abordagem.<\/p>\n\n\n\n<p>A a\u00e7\u00e3o foi coordenada pelas equipes da For\u00e7a Integrada de Combate ao Crime Organizado da Para\u00edba (FICCO\/PB) e de Minas Gerais (FICCO\/MG), ap\u00f3s uma investiga\u00e7\u00e3o iniciada na tarde da quinta-feira (26). O caso come\u00e7ou quando policiais militares mineiros encontraram pacotes rasgados de um grande e-commerce abandonados \u00e0s margens da BR-381, na regi\u00e3o de Oliveira (MG).<\/p>\n\n\n\n<p>Diante da suspeita de crime, a Pol\u00edcia Civil de Minas foi acionada e, em conjunto com a FICCO\/MG, identificou que os produtos pertenciam a uma carga que seguia de S\u00e3o Paulo com destino final \u00e0 capital paraibana. A partir disso, as for\u00e7as de seguran\u00e7a passaram a monitorar a carreta, que continuou viagem at\u00e9 Jo\u00e3o Pessoa.<\/p>\n\n\n\n<p>Ao chegar \u00e0 cidade, o ve\u00edculo foi abordado por agentes da FICCO\/PB. Na inspe\u00e7\u00e3o da cabine, foram encontrados diversos itens desviados da carga original, incluindo eletr\u00f4nicos e joias avaliados em valores elevados. O motorista, cujo nome n\u00e3o foi divulgado, confessou o crime e foi preso em flagrante.<\/p>\n\n\n\n<p>Ele foi encaminhado \u00e0 delegacia de plant\u00e3o da Pol\u00edcia Civil, onde permanecer\u00e1 \u00e0 disposi\u00e7\u00e3o da Justi\u00e7a. A carga recuperada ser\u00e1 periciada e posteriormente devolvida \u00e0 empresa respons\u00e1vel.<\/p>\n\n\n\n<p><strong><em>PB Agora<\/em><\/strong><\/p>\n","protected":false},"excerpt":{"rendered":"<p><img loading=\"lazy\" decoding=\"async\" width=\"656\" height=\"376\" src=\"https:\/\/www.pbagora.com.br\/storage\/2025\/06\/image-71.png\" class=\"attachment-large size-large wp-post-image\" alt=\"\" srcset=\"https:\/\/www.pbagora.com.br\/storage\/2025\/06\/image-71.png 656w, https:\/\/www.pbagora.com.br\/storage\/2025\/06\/image-71-300x172.png 300w, https:\/\/www.pbagora.com.br\/storage\/2025\/06\/image-71-150x86.png 150w, https:\/\/www.pbagora.com.br\/storage\/2025\/06\/image-71-380x218.png 380w, https:\/\/www.pbagora.com.br\/storage\/2025\/06\/image-71-80x46.png 80w, https:\/\/www.pbagora.com.br\/storage\/2025\/06\/image-71-600x344.png 600w\" sizes=\"auto, (max-width: 656px) 100vw, 656px\"><\/p>\n<p>Uma opera\u00e7\u00e3o integrada entre as for\u00e7as de seguran\u00e7a da Para\u00edba e de Minas Gerais resultou, na tarde desta\u2026<\/p>\n","protected":false},"author":123457,"featured_media":0,"comment_status":"closed","ping_status":"closed","sticky":false,"template":"","format":"standard","meta":{"advgb_blocks_editor_width":"","advgb_blocks_columns_visual_guide":"","footnotes":""},"categories":[34],"tags":[35,10839,10848],"class_list":["post-58321","post","type-post","status-publish","format-standard","hentry","category-g1","tag-g1","tag-policial","tag-rodape-01"],"author_meta":{"display_name":"Reda\u00e7\u00e3o","author_link":"https:\/\/sindaopcpb.org.br\/author\/redacao\/"},"featured_img":null,"coauthors":[],"tax_additional":{"categories":{"linked":["<a href=\"https:\/\/sindaopcpb.org.br\/g1\/\" class=\"advgb-post-tax-term\">G1<\/a>"],"unlinked":["<span class=\"advgb-post-tax-term\">G1<\/span>"]},"tags":{"linked":["<a href=\"https:\/\/sindaopcpb.org.br\/g1\/\" class=\"advgb-post-tax-term\">g1<\/a>","<a href=\"https:\/\/sindaopcpb.org.br\/g1\/\" class=\"advgb-post-tax-term\">Policial<\/a>","<a href=\"https:\/\/sindaopcpb.org.br\/g1\/\" class=\"advgb-post-tax-term\">Rodape 01<\/a>"],"unlinked":["<span class=\"advgb-post-tax-term\">g1<\/span>","<span class=\"advgb-post-tax-term\">Policial<\/span>","<span class=\"advgb-post-tax-term\">Rodape 01<\/span>"]}},"comment_count":"0","relative_dates":{"created":"Publicado 10 meses atr\u00e1s","modified":"Atualizado 10 meses atr\u00e1s"},"absolute_dates":{"created":"Publicado em 28 de junho de 2025","modified":"Atualizado em 28 de junho de 2025"},"absolute_dates_time":{"created":"Publicado em 28 de junho de 2025 09:34","modified":"Atualizado em 28 de junho de 2025 13:34"},"featured_img_caption":"","series_order":"","_links":{"self":[{"href":"https:\/\/sindaopcpb.org.br\/index.php\/wp-json\/wp\/v2\/posts\/58321","targetHints":{"allow":["GET"]}}],"collection":[{"href":"https:\/\/sindaopcpb.org.br\/index.php\/wp-json\/wp\/v2\/posts"}],"about":[{"href":"https:\/\/sindaopcpb.org.br\/index.php\/wp-json\/wp\/v2\/types\/post"}],"author":[{"embeddable":true,"href":"https:\/\/sindaopcpb.org.br\/index.php\/wp-json\/wp\/v2\/users\/123457"}],"replies":[{"embeddable":true,"href":"https:\/\/sindaopcpb.org.br\/index.php\/wp-json\/wp\/v2\/comments?post=58321"}],"version-history":[{"count":4,"href":"https:\/\/sindaopcpb.org.br\/index.php\/wp-json\/wp\/v2\/posts\/58321\/revisions"}],"predecessor-version":[{"id":58339,"href":"https:\/\/sindaopcpb.org.br\/index.php\/wp-json\/wp\/v2\/posts\/58321\/revisions\/58339"}],"wp:attachment":[{"href":"https:\/\/sindaopcpb.org.br\/index.php\/wp-json\/wp\/v2\/media?parent=58321"}],"wp:term":[{"taxonomy":"category","embeddable":true,"href":"https:\/\/sindaopcpb.org.br\/index.php\/wp-json\/wp\/v2\/categories?post=58321"},{"taxonomy":"post_tag","embeddable":true,"href":"https:\/\/sindaopcpb.org.br\/index.php\/wp-json\/wp\/v2\/tags?post=58321"}],"curies":[{"name":"wp","href":"https:\/\/api.w.org\/{rel}","templated":true}]}}