{"id":58319,"date":"2025-06-27T13:20:23","date_gmt":"2025-06-27T16:20:23","guid":{"rendered":"https:\/\/www.pbagora.com.br\/?p=905891"},"modified":"2025-06-27T13:20:23","modified_gmt":"2025-06-27T16:20:23","slug":"quadrilha-acusada-de-arrombamentos-e-desarticulada-durante-operacao-na-cidade-de-cabedelo","status":"publish","type":"post","link":"https:\/\/sindaopcpb.org.br\/index.php\/2025\/06\/27\/quadrilha-acusada-de-arrombamentos-e-desarticulada-durante-operacao-na-cidade-de-cabedelo\/","title":{"rendered":"Quadrilha acusada de arrombamentos \u00e9 desarticulada durante opera\u00e7\u00e3o na cidade de Cabedelo"},"content":{"rendered":"<p><img width=\"800\" height=\"445\" src=\"https:\/\/www.pbagora.com.br\/storage\/2025\/06\/Operacao-Cabddelo.jpeg\" class=\"attachment-large size-large wp-post-image\" alt=\"\" style=\"margin-bottom: 20px;\" decoding=\"async\" loading=\"lazy\" srcset=\"https:\/\/www.pbagora.com.br\/storage\/2025\/06\/Operacao-Cabddelo.jpeg 800w, https:\/\/www.pbagora.com.br\/storage\/2025\/06\/Operacao-Cabddelo-300x167.jpeg 300w, https:\/\/www.pbagora.com.br\/storage\/2025\/06\/Operacao-Cabddelo-150x83.jpeg 150w, https:\/\/www.pbagora.com.br\/storage\/2025\/06\/Operacao-Cabddelo-768x427.jpeg 768w, https:\/\/www.pbagora.com.br\/storage\/2025\/06\/Operacao-Cabddelo-380x211.jpeg 380w, https:\/\/www.pbagora.com.br\/storage\/2025\/06\/Operacao-Cabddelo-80x46.jpeg 80w, https:\/\/www.pbagora.com.br\/storage\/2025\/06\/Operacao-Cabddelo-760x423.jpeg 760w, https:\/\/www.pbagora.com.br\/storage\/2025\/06\/Operacao-Cabddelo-600x334.jpeg 600w\" sizes=\"auto, (max-width: 800px) 100vw, 800px\" \/><\/p>\n<p>A Pol\u00edcia Militar prendeu, nas primeiras horas da manh\u00e3 desta sexta-feira (27), quatro integrantes de uma quadrilha que vinha praticando arrombamentos na cidade de Cabedelo. Um dos alvos do bando foi uma loja de materiais b\u00e9licos. O grupo foi localizado e preso em uma casa, no bairro do Renascer, onde foram recuperados materiais dos crimes, uma moto roubada e apreendida uma arma.<\/p>\n\n\n\n<p>Um dos presos j\u00e1 responde processo por roubo e tinha rompido a tornozeleira de monitoramento eletr\u00f4nico. Ele seria l\u00edder do bando. A pris\u00e3o do grupo e resposta aos crimes foi consequ\u00eancia de um trabalho da 6\u00aa Companhia Independente da Pol\u00edcia Militar, que fez levantamentos e deflagrou a opera\u00e7\u00e3o que culminou na localiza\u00e7\u00e3o dos quatro acusados. Uma quinta pessoa foi presa por desacato.<\/p>\n\n\n\n<p>Tudo foi levado para a 7\u00aa Delegacia Distrital, em Cabedelo.<\/p>\n\n\n\n<p><strong><em>Ascom PMPB<\/em><\/strong><\/p>\n","protected":false},"excerpt":{"rendered":"<p><img decoding=\"async\" width=\"800\" height=\"445\" src=\"https:\/\/www.pbagora.com.br\/storage\/2025\/06\/Operacao-Cabddelo.jpeg\" class=\"attachment-large size-large wp-post-image\" alt=\"\" loading=\"lazy\" srcset=\"https:\/\/www.pbagora.com.br\/storage\/2025\/06\/Operacao-Cabddelo.jpeg 800w, https:\/\/www.pbagora.com.br\/storage\/2025\/06\/Operacao-Cabddelo-300x167.jpeg 300w, https:\/\/www.pbagora.com.br\/storage\/2025\/06\/Operacao-Cabddelo-150x83.jpeg 150w, https:\/\/www.pbagora.com.br\/storage\/2025\/06\/Operacao-Cabddelo-768x427.jpeg 768w, https:\/\/www.pbagora.com.br\/storage\/2025\/06\/Operacao-Cabddelo-380x211.jpeg 380w, https:\/\/www.pbagora.com.br\/storage\/2025\/06\/Operacao-Cabddelo-80x46.jpeg 80w, https:\/\/www.pbagora.com.br\/storage\/2025\/06\/Operacao-Cabddelo-760x423.jpeg 760w, https:\/\/www.pbagora.com.br\/storage\/2025\/06\/Operacao-Cabddelo-600x334.jpeg 600w\" sizes=\"auto, (max-width: 800px) 100vw, 800px\"><\/p>\n<p>A Pol\u00edcia Militar prendeu, nas primeiras horas da manh\u00e3 desta sexta-feira (27), quatro integrantes de uma quadrilha que\u2026<\/p>\n","protected":false},"author":123457,"featured_media":0,"comment_status":"closed","ping_status":"closed","sticky":false,"template":"","format":"standard","meta":{"advgb_blocks_editor_width":"","advgb_blocks_columns_visual_guide":"","footnotes":""},"categories":[34],"tags":[35,10839],"class_list":["post-58319","post","type-post","status-publish","format-standard","hentry","category-g1","tag-g1","tag-policial"],"author_meta":{"display_name":"Reda\u00e7\u00e3o","author_link":"https:\/\/sindaopcpb.org.br\/author\/redacao\/"},"featured_img":null,"coauthors":[],"tax_additional":{"categories":{"linked":["<a href=\"https:\/\/sindaopcpb.org.br\/g1\/\" class=\"advgb-post-tax-term\">G1<\/a>"],"unlinked":["<span class=\"advgb-post-tax-term\">G1<\/span>"]},"tags":{"linked":["<a href=\"https:\/\/sindaopcpb.org.br\/g1\/\" class=\"advgb-post-tax-term\">g1<\/a>","<a href=\"https:\/\/sindaopcpb.org.br\/g1\/\" class=\"advgb-post-tax-term\">Policial<\/a>"],"unlinked":["<span class=\"advgb-post-tax-term\">g1<\/span>","<span class=\"advgb-post-tax-term\">Policial<\/span>"]}},"comment_count":"0","relative_dates":{"created":"Publicado 10 meses atr\u00e1s","modified":"Atualizado 10 meses atr\u00e1s"},"absolute_dates":{"created":"Publicado em 27 de junho de 2025","modified":"Atualizado em 27 de junho de 2025"},"absolute_dates_time":{"created":"Publicado em 27 de junho de 2025 13:20","modified":"Atualizado em 27 de junho de 2025 13:20"},"featured_img_caption":"","series_order":"","_links":{"self":[{"href":"https:\/\/sindaopcpb.org.br\/index.php\/wp-json\/wp\/v2\/posts\/58319","targetHints":{"allow":["GET"]}}],"collection":[{"href":"https:\/\/sindaopcpb.org.br\/index.php\/wp-json\/wp\/v2\/posts"}],"about":[{"href":"https:\/\/sindaopcpb.org.br\/index.php\/wp-json\/wp\/v2\/types\/post"}],"author":[{"embeddable":true,"href":"https:\/\/sindaopcpb.org.br\/index.php\/wp-json\/wp\/v2\/users\/123457"}],"replies":[{"embeddable":true,"href":"https:\/\/sindaopcpb.org.br\/index.php\/wp-json\/wp\/v2\/comments?post=58319"}],"version-history":[{"count":1,"href":"https:\/\/sindaopcpb.org.br\/index.php\/wp-json\/wp\/v2\/posts\/58319\/revisions"}],"predecessor-version":[{"id":58320,"href":"https:\/\/sindaopcpb.org.br\/index.php\/wp-json\/wp\/v2\/posts\/58319\/revisions\/58320"}],"wp:attachment":[{"href":"https:\/\/sindaopcpb.org.br\/index.php\/wp-json\/wp\/v2\/media?parent=58319"}],"wp:term":[{"taxonomy":"category","embeddable":true,"href":"https:\/\/sindaopcpb.org.br\/index.php\/wp-json\/wp\/v2\/categories?post=58319"},{"taxonomy":"post_tag","embeddable":true,"href":"https:\/\/sindaopcpb.org.br\/index.php\/wp-json\/wp\/v2\/tags?post=58319"}],"curies":[{"name":"wp","href":"https:\/\/api.w.org\/{rel}","templated":true}]}}