{"id":58316,"date":"2025-06-27T15:50:50","date_gmt":"2025-06-27T18:50:50","guid":{"rendered":"https:\/\/www.pbagora.com.br\/?p=905934"},"modified":"2025-06-27T15:50:50","modified_gmt":"2025-06-27T18:50:50","slug":"preso-na-pb-integrante-de-organizacao-criminosa-suspeito-de-tentativa-de-homicidio","status":"publish","type":"post","link":"https:\/\/sindaopcpb.org.br\/index.php\/2025\/06\/27\/preso-na-pb-integrante-de-organizacao-criminosa-suspeito-de-tentativa-de-homicidio\/","title":{"rendered":"Preso na PB integrante de organiza\u00e7\u00e3o criminosa suspeito de tentativa de homic\u00eddio"},"content":{"rendered":"<p><img width=\"1024\" height=\"768\" src=\"https:\/\/www.pbagora.com.br\/storage\/2025\/06\/WhatsApp-Image-2025-06-27-at-13.27.57-1-1024x768.jpeg\" class=\"attachment-large size-large wp-post-image\" alt=\"\" style=\"margin-bottom: 20px;\" decoding=\"async\" loading=\"lazy\" srcset=\"https:\/\/www.pbagora.com.br\/storage\/2025\/06\/WhatsApp-Image-2025-06-27-at-13.27.57-1-1024x768.jpeg 1024w, https:\/\/www.pbagora.com.br\/storage\/2025\/06\/WhatsApp-Image-2025-06-27-at-13.27.57-1-300x225.jpeg 300w, https:\/\/www.pbagora.com.br\/storage\/2025\/06\/WhatsApp-Image-2025-06-27-at-13.27.57-1-150x113.jpeg 150w, https:\/\/www.pbagora.com.br\/storage\/2025\/06\/WhatsApp-Image-2025-06-27-at-13.27.57-1-768x576.jpeg 768w, https:\/\/www.pbagora.com.br\/storage\/2025\/06\/WhatsApp-Image-2025-06-27-at-13.27.57-1-200x150.jpeg 200w, https:\/\/www.pbagora.com.br\/storage\/2025\/06\/WhatsApp-Image-2025-06-27-at-13.27.57-1-260x195.jpeg 260w, https:\/\/www.pbagora.com.br\/storage\/2025\/06\/WhatsApp-Image-2025-06-27-at-13.27.57-1-380x285.jpeg 380w, https:\/\/www.pbagora.com.br\/storage\/2025\/06\/WhatsApp-Image-2025-06-27-at-13.27.57-1-800x600.jpeg 800w, https:\/\/www.pbagora.com.br\/storage\/2025\/06\/WhatsApp-Image-2025-06-27-at-13.27.57-1-1160x870.jpeg 1160w, https:\/\/www.pbagora.com.br\/storage\/2025\/06\/WhatsApp-Image-2025-06-27-at-13.27.57-1-80x60.jpeg 80w, https:\/\/www.pbagora.com.br\/storage\/2025\/06\/WhatsApp-Image-2025-06-27-at-13.27.57-1-600x450.jpeg 600w, https:\/\/www.pbagora.com.br\/storage\/2025\/06\/WhatsApp-Image-2025-06-27-at-13.27.57-1-520x390.jpeg 520w, https:\/\/www.pbagora.com.br\/storage\/2025\/06\/WhatsApp-Image-2025-06-27-at-13.27.57-1-760x570.jpeg 760w, https:\/\/www.pbagora.com.br\/storage\/2025\/06\/WhatsApp-Image-2025-06-27-at-13.27.57-1.jpeg 1280w\" sizes=\"auto, (max-width: 1024px) 100vw, 1024px\" \/><\/p>\n<p>A Pol\u00edcia Civil da Para\u00edba, por meio da Delegacia de Pol\u00edcia de Lagoa Seca, com apoio da 10\u00aa Delegacia Seccional (10\u00aa DSPC), em a\u00e7\u00e3o integrada com a Delegacia de Homic\u00eddios de Campina Grande, realizou, nesta sexta-feira (27), a pris\u00e3o de um integrante de uma organiza\u00e7\u00e3o criminosa com atua\u00e7\u00e3o na regi\u00e3o.<\/p>\n\n\n\n<p>O investigado \u00e9 apontado como principal suspeito de uma tentativa de homic\u00eddio ocorrida no dia 13 de maio deste ano, na cidade de Lagoa Seca. De acordo com as investiga\u00e7\u00f5es, a v\u00edtima j\u00e1 havia sofrido outro atentado semanas antes, tamb\u00e9m por disparos de arma de fogo, o que indicava uma escalada de viol\u00eancia direcionada.<\/p>\n\n\n\n<p>A Delegacia de Homic\u00eddios de Campina Grande representou pela pris\u00e3o preventiva do suspeito. Apesar de diversas dilig\u00eancias realizadas ao longo das semanas, o indiv\u00edduo conseguiu evitar a captura.<\/p>\n\n\n\n<p>No entanto, ap\u00f3s informa\u00e7\u00f5es sobre o paradeiro do investigado, equipes da Delegacia de Lagoa Seca iniciaram nova dilig\u00eancia, localizando o suspeito. Ao perceber a presen\u00e7a dos policiais, o suspeito tentou fugir e se desfazer de duas armas de fogo que portava, sendo detido e preso em flagrante delito pelo crime de porte ilegal de arma de fogo.<\/p>\n\n\n\n<p>Durante a abordagem, os policiais constataram a presen\u00e7a de malas prontas na resid\u00eancia do suspeito, confirmando ind\u00edcios de que ele se preparava para deixar o munic\u00edpio, por ordem de seu grupo criminoso.<\/p>\n\n\n\n<p>Com a pris\u00e3o em flagrante consumada, a Delegacia de Homic\u00eddios deu cumprimento ao mandado de pris\u00e3o preventiva. O suspeito j\u00e1 possui antecedentes por porte ilegal de arma de fogo.<\/p>\n\n\n\n<p>O homem foi recolhido ao sistema prisional, onde permanecer\u00e1 \u00e0 disposi\u00e7\u00e3o da Justi\u00e7a, aguardando audi\u00eancia de cust\u00f3dia.<\/p>\n","protected":false},"excerpt":{"rendered":"<p><img loading=\"lazy\" decoding=\"async\" width=\"1024\" height=\"768\" src=\"https:\/\/www.pbagora.com.br\/storage\/2025\/06\/WhatsApp-Image-2025-06-27-at-13.27.57-1-1024x768.jpeg\" class=\"attachment-large size-large wp-post-image\" alt=\"\" srcset=\"https:\/\/www.pbagora.com.br\/storage\/2025\/06\/WhatsApp-Image-2025-06-27-at-13.27.57-1-1024x768.jpeg 1024w, https:\/\/www.pbagora.com.br\/storage\/2025\/06\/WhatsApp-Image-2025-06-27-at-13.27.57-1-300x225.jpeg 300w, https:\/\/www.pbagora.com.br\/storage\/2025\/06\/WhatsApp-Image-2025-06-27-at-13.27.57-1-150x113.jpeg 150w, https:\/\/www.pbagora.com.br\/storage\/2025\/06\/WhatsApp-Image-2025-06-27-at-13.27.57-1-768x576.jpeg 768w, https:\/\/www.pbagora.com.br\/storage\/2025\/06\/WhatsApp-Image-2025-06-27-at-13.27.57-1-200x150.jpeg 200w, https:\/\/www.pbagora.com.br\/storage\/2025\/06\/WhatsApp-Image-2025-06-27-at-13.27.57-1-260x195.jpeg 260w, https:\/\/www.pbagora.com.br\/storage\/2025\/06\/WhatsApp-Image-2025-06-27-at-13.27.57-1-380x285.jpeg 380w, https:\/\/www.pbagora.com.br\/storage\/2025\/06\/WhatsApp-Image-2025-06-27-at-13.27.57-1-800x600.jpeg 800w, https:\/\/www.pbagora.com.br\/storage\/2025\/06\/WhatsApp-Image-2025-06-27-at-13.27.57-1-1160x870.jpeg 1160w, https:\/\/www.pbagora.com.br\/storage\/2025\/06\/WhatsApp-Image-2025-06-27-at-13.27.57-1-80x60.jpeg 80w, https:\/\/www.pbagora.com.br\/storage\/2025\/06\/WhatsApp-Image-2025-06-27-at-13.27.57-1-600x450.jpeg 600w, https:\/\/www.pbagora.com.br\/storage\/2025\/06\/WhatsApp-Image-2025-06-27-at-13.27.57-1-520x390.jpeg 520w, https:\/\/www.pbagora.com.br\/storage\/2025\/06\/WhatsApp-Image-2025-06-27-at-13.27.57-1-760x570.jpeg 760w, https:\/\/www.pbagora.com.br\/storage\/2025\/06\/WhatsApp-Image-2025-06-27-at-13.27.57-1.jpeg 1280w\" sizes=\"auto, (max-width: 1024px) 100vw, 1024px\"><\/p>\n<p>A Pol\u00edcia Civil da Para\u00edba, por meio da Delegacia de Pol\u00edcia de Lagoa Seca, com apoio da 10\u00aa\u2026<\/p>\n","protected":false},"author":123457,"featured_media":0,"comment_status":"closed","ping_status":"closed","sticky":false,"template":"","format":"standard","meta":{"advgb_blocks_editor_width":"","advgb_blocks_columns_visual_guide":"","footnotes":""},"categories":[34],"tags":[35,10839],"class_list":["post-58316","post","type-post","status-publish","format-standard","hentry","category-g1","tag-g1","tag-policial"],"author_meta":{"display_name":"Reda\u00e7\u00e3o","author_link":"https:\/\/sindaopcpb.org.br\/author\/redacao\/"},"featured_img":null,"coauthors":[],"tax_additional":{"categories":{"linked":["<a href=\"https:\/\/sindaopcpb.org.br\/g1\/\" class=\"advgb-post-tax-term\">G1<\/a>"],"unlinked":["<span class=\"advgb-post-tax-term\">G1<\/span>"]},"tags":{"linked":["<a href=\"https:\/\/sindaopcpb.org.br\/g1\/\" class=\"advgb-post-tax-term\">g1<\/a>","<a href=\"https:\/\/sindaopcpb.org.br\/g1\/\" class=\"advgb-post-tax-term\">Policial<\/a>"],"unlinked":["<span class=\"advgb-post-tax-term\">g1<\/span>","<span class=\"advgb-post-tax-term\">Policial<\/span>"]}},"comment_count":"0","relative_dates":{"created":"Publicado 10 meses atr\u00e1s","modified":"Atualizado 10 meses atr\u00e1s"},"absolute_dates":{"created":"Publicado em 27 de junho de 2025","modified":"Atualizado em 27 de junho de 2025"},"absolute_dates_time":{"created":"Publicado em 27 de junho de 2025 15:50","modified":"Atualizado em 27 de junho de 2025 15:50"},"featured_img_caption":"","series_order":"","_links":{"self":[{"href":"https:\/\/sindaopcpb.org.br\/index.php\/wp-json\/wp\/v2\/posts\/58316","targetHints":{"allow":["GET"]}}],"collection":[{"href":"https:\/\/sindaopcpb.org.br\/index.php\/wp-json\/wp\/v2\/posts"}],"about":[{"href":"https:\/\/sindaopcpb.org.br\/index.php\/wp-json\/wp\/v2\/types\/post"}],"author":[{"embeddable":true,"href":"https:\/\/sindaopcpb.org.br\/index.php\/wp-json\/wp\/v2\/users\/123457"}],"replies":[{"embeddable":true,"href":"https:\/\/sindaopcpb.org.br\/index.php\/wp-json\/wp\/v2\/comments?post=58316"}],"version-history":[{"count":2,"href":"https:\/\/sindaopcpb.org.br\/index.php\/wp-json\/wp\/v2\/posts\/58316\/revisions"}],"predecessor-version":[{"id":58326,"href":"https:\/\/sindaopcpb.org.br\/index.php\/wp-json\/wp\/v2\/posts\/58316\/revisions\/58326"}],"wp:attachment":[{"href":"https:\/\/sindaopcpb.org.br\/index.php\/wp-json\/wp\/v2\/media?parent=58316"}],"wp:term":[{"taxonomy":"category","embeddable":true,"href":"https:\/\/sindaopcpb.org.br\/index.php\/wp-json\/wp\/v2\/categories?post=58316"},{"taxonomy":"post_tag","embeddable":true,"href":"https:\/\/sindaopcpb.org.br\/index.php\/wp-json\/wp\/v2\/tags?post=58316"}],"curies":[{"name":"wp","href":"https:\/\/api.w.org\/{rel}","templated":true}]}}