{"id":58166,"date":"2025-06-22T13:12:32","date_gmt":"2025-06-22T16:12:32","guid":{"rendered":"https:\/\/www.pbagora.com.br\/?p=905249"},"modified":"2025-06-22T18:20:32","modified_gmt":"2025-06-22T21:20:32","slug":"duas-mortes-sao-registradas-pela-prf-nas-rodovias-federais-que-cortam-a-paraiba","status":"publish","type":"post","link":"https:\/\/sindaopcpb.org.br\/index.php\/2025\/06\/22\/duas-mortes-sao-registradas-pela-prf-nas-rodovias-federais-que-cortam-a-paraiba\/","title":{"rendered":"Duas mortes s\u00e3o registradas pela PRF nas rodovias federais que cortam a Para\u00edba\u00a0"},"content":{"rendered":"<p><img width=\"768\" height=\"512\" src=\"https:\/\/www.pbagora.com.br\/storage\/2025\/04\/prf-1.jpg\" class=\"attachment-large size-large wp-post-image\" alt=\"\" style=\"margin-bottom: 20px;\" decoding=\"async\" srcset=\"https:\/\/www.pbagora.com.br\/storage\/2025\/04\/prf-1.jpg 768w, https:\/\/www.pbagora.com.br\/storage\/2025\/04\/prf-1-300x200.jpg 300w, https:\/\/www.pbagora.com.br\/storage\/2025\/04\/prf-1-150x100.jpg 150w, https:\/\/www.pbagora.com.br\/storage\/2025\/04\/prf-1-380x253.jpg 380w, https:\/\/www.pbagora.com.br\/storage\/2025\/04\/prf-1-80x53.jpg 80w, https:\/\/www.pbagora.com.br\/storage\/2025\/04\/prf-1-760x507.jpg 760w, https:\/\/www.pbagora.com.br\/storage\/2025\/04\/prf-1-600x400.jpg 600w\" sizes=\"(max-width: 768px) 100vw, 768px\" \/><\/p>\n<p>Duas pessoas morreram em acidentes registrados pela Pol\u00edcia Rodovi\u00e1ria Federal (PRF) neste fim de semana nas rodovias federais que cortam o estado da Para\u00edba. As ocorr\u00eancias envolveram motociclistas e aconteceram em trechos distintos da BR-230 no interior do estado.<\/p>\n\n\n\n<p>Na noite do s\u00e1bado (21), por volta das 18h25, uma grave colis\u00e3o foi registrada no km 387 da BR-230, entre os munic\u00edpios de S\u00e3o Bentinho e Condado. A colis\u00e3o frontal envolveu uma caminhonete Toyota Hilux e uma motocicleta Honda NXR. O condutor da moto, um homem de 53 anos, morreu no local. A pessoa que estava na Hilux n\u00e3o sofreu ferimentos.<br><\/p>\n\n\n\n<p>A segunda morte ocorreu por volta das 8h45 deste domingo (22), no km 496, na cidade de Cajazeiras, na sa\u00edda para Sousa. A v\u00edtima, um homem de 51 anos, perdeu o controle da motocicleta e saiu da pista. Ele n\u00e3o resistiu aos ferimentos e morreu no local.<\/p>\n\n\n\n<p>Os casos ser\u00e3o investigados para apurar as causas dos acidentes.<\/p>\n\n\n\n<p><strong><em>PB Agora<\/em><\/strong><\/p>\n\n\n\n<p><\/p>\n\n\n\n<p><\/p>\n","protected":false},"excerpt":{"rendered":"<p><img loading=\"lazy\" decoding=\"async\" width=\"768\" height=\"512\" src=\"https:\/\/www.pbagora.com.br\/storage\/2025\/04\/prf-1.jpg\" class=\"attachment-large size-large wp-post-image\" alt=\"\" srcset=\"https:\/\/www.pbagora.com.br\/storage\/2025\/04\/prf-1.jpg 768w, https:\/\/www.pbagora.com.br\/storage\/2025\/04\/prf-1-300x200.jpg 300w, https:\/\/www.pbagora.com.br\/storage\/2025\/04\/prf-1-150x100.jpg 150w, https:\/\/www.pbagora.com.br\/storage\/2025\/04\/prf-1-380x253.jpg 380w, https:\/\/www.pbagora.com.br\/storage\/2025\/04\/prf-1-80x53.jpg 80w, https:\/\/www.pbagora.com.br\/storage\/2025\/04\/prf-1-760x507.jpg 760w, https:\/\/www.pbagora.com.br\/storage\/2025\/04\/prf-1-600x400.jpg 600w\" sizes=\"auto, (max-width: 768px) 100vw, 768px\"><\/p>\n<p>Duas pessoas morreram em acidentes registrados pela Pol\u00edcia Rodovi\u00e1ria Federal (PRF) neste fim de semana nas rodovias federais\u2026<\/p>\n","protected":false},"author":123457,"featured_media":0,"comment_status":"closed","ping_status":"closed","sticky":false,"template":"","format":"standard","meta":{"advgb_blocks_editor_width":"","advgb_blocks_columns_visual_guide":"","footnotes":""},"categories":[34],"tags":[35,10839,10844],"class_list":["post-58166","post","type-post","status-publish","format-standard","hentry","category-g1","tag-g1","tag-policial","tag-principal2"],"author_meta":{"display_name":"Reda\u00e7\u00e3o","author_link":"https:\/\/sindaopcpb.org.br\/author\/redacao\/"},"featured_img":null,"coauthors":[],"tax_additional":{"categories":{"linked":["<a href=\"https:\/\/sindaopcpb.org.br\/g1\/\" class=\"advgb-post-tax-term\">G1<\/a>"],"unlinked":["<span class=\"advgb-post-tax-term\">G1<\/span>"]},"tags":{"linked":["<a href=\"https:\/\/sindaopcpb.org.br\/g1\/\" class=\"advgb-post-tax-term\">g1<\/a>","<a href=\"https:\/\/sindaopcpb.org.br\/g1\/\" class=\"advgb-post-tax-term\">Policial<\/a>","<a href=\"https:\/\/sindaopcpb.org.br\/g1\/\" class=\"advgb-post-tax-term\">Principal2<\/a>"],"unlinked":["<span class=\"advgb-post-tax-term\">g1<\/span>","<span class=\"advgb-post-tax-term\">Policial<\/span>","<span class=\"advgb-post-tax-term\">Principal2<\/span>"]}},"comment_count":"0","relative_dates":{"created":"Publicado 10 meses atr\u00e1s","modified":"Atualizado 10 meses atr\u00e1s"},"absolute_dates":{"created":"Publicado em 22 de junho de 2025","modified":"Atualizado em 22 de junho de 2025"},"absolute_dates_time":{"created":"Publicado em 22 de junho de 2025 13:12","modified":"Atualizado em 22 de junho de 2025 18:20"},"featured_img_caption":"","series_order":"","_links":{"self":[{"href":"https:\/\/sindaopcpb.org.br\/index.php\/wp-json\/wp\/v2\/posts\/58166","targetHints":{"allow":["GET"]}}],"collection":[{"href":"https:\/\/sindaopcpb.org.br\/index.php\/wp-json\/wp\/v2\/posts"}],"about":[{"href":"https:\/\/sindaopcpb.org.br\/index.php\/wp-json\/wp\/v2\/types\/post"}],"author":[{"embeddable":true,"href":"https:\/\/sindaopcpb.org.br\/index.php\/wp-json\/wp\/v2\/users\/123457"}],"replies":[{"embeddable":true,"href":"https:\/\/sindaopcpb.org.br\/index.php\/wp-json\/wp\/v2\/comments?post=58166"}],"version-history":[{"count":3,"href":"https:\/\/sindaopcpb.org.br\/index.php\/wp-json\/wp\/v2\/posts\/58166\/revisions"}],"predecessor-version":[{"id":58177,"href":"https:\/\/sindaopcpb.org.br\/index.php\/wp-json\/wp\/v2\/posts\/58166\/revisions\/58177"}],"wp:attachment":[{"href":"https:\/\/sindaopcpb.org.br\/index.php\/wp-json\/wp\/v2\/media?parent=58166"}],"wp:term":[{"taxonomy":"category","embeddable":true,"href":"https:\/\/sindaopcpb.org.br\/index.php\/wp-json\/wp\/v2\/categories?post=58166"},{"taxonomy":"post_tag","embeddable":true,"href":"https:\/\/sindaopcpb.org.br\/index.php\/wp-json\/wp\/v2\/tags?post=58166"}],"curies":[{"name":"wp","href":"https:\/\/api.w.org\/{rel}","templated":true}]}}