{"id":58161,"date":"2025-06-22T07:43:20","date_gmt":"2025-06-22T10:43:20","guid":{"rendered":"https:\/\/www.pbagora.com.br\/?p=905225"},"modified":"2025-06-22T07:43:20","modified_gmt":"2025-06-22T10:43:20","slug":"prf-e-samu-realizam-primeiros-atendimentos-aeromedicos-a-vitimas-na-regiao-metropolitana-de-joao-pessoa","status":"publish","type":"post","link":"https:\/\/sindaopcpb.org.br\/index.php\/2025\/06\/22\/prf-e-samu-realizam-primeiros-atendimentos-aeromedicos-a-vitimas-na-regiao-metropolitana-de-joao-pessoa\/","title":{"rendered":"PRF e SAMU realizam primeiros atendimentos aerom\u00e9dicos a v\u00edtimas na regi\u00e3o metropolitana de Jo\u00e3o Pessoa"},"content":{"rendered":"<p><img width=\"720\" height=\"454\" src=\"https:\/\/www.pbagora.com.br\/storage\/2025\/06\/b97300eb-1084-4338-9f38-fed25810e9ee.jpeg\" class=\"attachment-large size-large wp-post-image\" alt=\"\" style=\"margin-bottom: 20px;\" decoding=\"async\" loading=\"lazy\" srcset=\"https:\/\/www.pbagora.com.br\/storage\/2025\/06\/b97300eb-1084-4338-9f38-fed25810e9ee.jpeg 720w, https:\/\/www.pbagora.com.br\/storage\/2025\/06\/b97300eb-1084-4338-9f38-fed25810e9ee-300x189.jpeg 300w, https:\/\/www.pbagora.com.br\/storage\/2025\/06\/b97300eb-1084-4338-9f38-fed25810e9ee-150x95.jpeg 150w, https:\/\/www.pbagora.com.br\/storage\/2025\/06\/b97300eb-1084-4338-9f38-fed25810e9ee-380x240.jpeg 380w, https:\/\/www.pbagora.com.br\/storage\/2025\/06\/b97300eb-1084-4338-9f38-fed25810e9ee-80x50.jpeg 80w, https:\/\/www.pbagora.com.br\/storage\/2025\/06\/b97300eb-1084-4338-9f38-fed25810e9ee-600x378.jpeg 600w\" sizes=\"auto, (max-width: 720px) 100vw, 720px\" \/><\/p>\n<p>Neste s\u00e1bado (21), a Pol\u00edcia Rodovi\u00e1ria Federal (PRF) na Para\u00edba, em parceria com o Servi\u00e7o de Atendimento M\u00f3vel de Urg\u00eancia (SAMU) de Jo\u00e3o Pessoa, realizaram os primeiros atendimentos aerom\u00e9dicos. A opera\u00e7\u00e3o foi desencadeada em decorr\u00eancia de sinistros de tr\u00e2nsito registrados na Regi\u00e3o Metropolitana de Jo\u00e3o Pessoa.<\/p>\n\n\n\n<p>Diante da gravidade das ocorr\u00eancias, o servi\u00e7o foi acionado, o que possibilitou o transporte r\u00e1pido das v\u00edtimas para unidades hospitalares de refer\u00eancia na capital.<\/p>\n\n\n\n<p>A utiliza\u00e7\u00e3o do servi\u00e7o aerom\u00e9dico representa um importante avan\u00e7o na resposta a situa\u00e7\u00f5es cr\u00edticas n\u00e3o apenas em rodovias federais, mas em qualquer situa\u00e7\u00e3o que se necessite, permitindo maior agilidade no atendimento pr\u00e9-hospitalar e aumentando as chances de sobreviv\u00eancia das v\u00edtimas.<\/p>\n\n\n\n<p>Essa a\u00e7\u00e3o integrada refor\u00e7a o compromisso da PRF com a preserva\u00e7\u00e3o da vida, al\u00e9m de destacar a import\u00e2ncia da coopera\u00e7\u00e3o entre os \u00f3rg\u00e3os de seguran\u00e7a p\u00fablica e sa\u00fade.<\/p>\n\n\n\n<p>A PRF seguir\u00e1 investindo em estrat\u00e9gias e parcerias que ampliem a capacidade de resposta nos atendimentos pr\u00e9-hospitalres em todo o estado da Para\u00edba.<\/p>\n\n\n\n<p><strong><em>Ascom PRF<\/em><\/strong><\/p>\n\n\n\n<p><\/p>\n","protected":false},"excerpt":{"rendered":"<p><img decoding=\"async\" width=\"720\" height=\"454\" src=\"https:\/\/www.pbagora.com.br\/storage\/2025\/06\/b97300eb-1084-4338-9f38-fed25810e9ee.jpeg\" class=\"attachment-large size-large wp-post-image\" alt=\"\" loading=\"lazy\" srcset=\"https:\/\/www.pbagora.com.br\/storage\/2025\/06\/b97300eb-1084-4338-9f38-fed25810e9ee.jpeg 720w, https:\/\/www.pbagora.com.br\/storage\/2025\/06\/b97300eb-1084-4338-9f38-fed25810e9ee-300x189.jpeg 300w, https:\/\/www.pbagora.com.br\/storage\/2025\/06\/b97300eb-1084-4338-9f38-fed25810e9ee-150x95.jpeg 150w, https:\/\/www.pbagora.com.br\/storage\/2025\/06\/b97300eb-1084-4338-9f38-fed25810e9ee-380x240.jpeg 380w, https:\/\/www.pbagora.com.br\/storage\/2025\/06\/b97300eb-1084-4338-9f38-fed25810e9ee-80x50.jpeg 80w, https:\/\/www.pbagora.com.br\/storage\/2025\/06\/b97300eb-1084-4338-9f38-fed25810e9ee-600x378.jpeg 600w\" sizes=\"auto, (max-width: 720px) 100vw, 720px\"><\/p>\n<p>Neste s\u00e1bado (21), a Pol\u00edcia Rodovi\u00e1ria Federal (PRF) na Para\u00edba, em parceria com o Servi\u00e7o de Atendimento M\u00f3vel\u2026<\/p>\n","protected":false},"author":123457,"featured_media":0,"comment_status":"closed","ping_status":"closed","sticky":false,"template":"","format":"standard","meta":{"advgb_blocks_editor_width":"","advgb_blocks_columns_visual_guide":"","footnotes":""},"categories":[34],"tags":[35,10839,10843],"class_list":["post-58161","post","type-post","status-publish","format-standard","hentry","category-g1","tag-g1","tag-policial","tag-principal1"],"author_meta":{"display_name":"Reda\u00e7\u00e3o","author_link":"https:\/\/sindaopcpb.org.br\/author\/redacao\/"},"featured_img":null,"coauthors":[],"tax_additional":{"categories":{"linked":["<a href=\"https:\/\/sindaopcpb.org.br\/g1\/\" class=\"advgb-post-tax-term\">G1<\/a>"],"unlinked":["<span class=\"advgb-post-tax-term\">G1<\/span>"]},"tags":{"linked":["<a href=\"https:\/\/sindaopcpb.org.br\/g1\/\" class=\"advgb-post-tax-term\">g1<\/a>","<a href=\"https:\/\/sindaopcpb.org.br\/g1\/\" class=\"advgb-post-tax-term\">Policial<\/a>","<a href=\"https:\/\/sindaopcpb.org.br\/g1\/\" class=\"advgb-post-tax-term\">Principal1<\/a>"],"unlinked":["<span class=\"advgb-post-tax-term\">g1<\/span>","<span class=\"advgb-post-tax-term\">Policial<\/span>","<span class=\"advgb-post-tax-term\">Principal1<\/span>"]}},"comment_count":"0","relative_dates":{"created":"Publicado 10 meses atr\u00e1s","modified":"Atualizado 10 meses atr\u00e1s"},"absolute_dates":{"created":"Publicado em 22 de junho de 2025","modified":"Atualizado em 22 de junho de 2025"},"absolute_dates_time":{"created":"Publicado em 22 de junho de 2025 07:43","modified":"Atualizado em 22 de junho de 2025 07:43"},"featured_img_caption":"","series_order":"","_links":{"self":[{"href":"https:\/\/sindaopcpb.org.br\/index.php\/wp-json\/wp\/v2\/posts\/58161","targetHints":{"allow":["GET"]}}],"collection":[{"href":"https:\/\/sindaopcpb.org.br\/index.php\/wp-json\/wp\/v2\/posts"}],"about":[{"href":"https:\/\/sindaopcpb.org.br\/index.php\/wp-json\/wp\/v2\/types\/post"}],"author":[{"embeddable":true,"href":"https:\/\/sindaopcpb.org.br\/index.php\/wp-json\/wp\/v2\/users\/123457"}],"replies":[{"embeddable":true,"href":"https:\/\/sindaopcpb.org.br\/index.php\/wp-json\/wp\/v2\/comments?post=58161"}],"version-history":[{"count":1,"href":"https:\/\/sindaopcpb.org.br\/index.php\/wp-json\/wp\/v2\/posts\/58161\/revisions"}],"predecessor-version":[{"id":58162,"href":"https:\/\/sindaopcpb.org.br\/index.php\/wp-json\/wp\/v2\/posts\/58161\/revisions\/58162"}],"wp:attachment":[{"href":"https:\/\/sindaopcpb.org.br\/index.php\/wp-json\/wp\/v2\/media?parent=58161"}],"wp:term":[{"taxonomy":"category","embeddable":true,"href":"https:\/\/sindaopcpb.org.br\/index.php\/wp-json\/wp\/v2\/categories?post=58161"},{"taxonomy":"post_tag","embeddable":true,"href":"https:\/\/sindaopcpb.org.br\/index.php\/wp-json\/wp\/v2\/tags?post=58161"}],"curies":[{"name":"wp","href":"https:\/\/api.w.org\/{rel}","templated":true}]}}