{"id":58151,"date":"2025-06-21T13:51:29","date_gmt":"2025-06-21T16:51:29","guid":{"rendered":"https:\/\/www.pbagora.com.br\/?p=905200"},"modified":"2025-06-22T08:00:29","modified_gmt":"2025-06-22T11:00:29","slug":"sete-acusados-atacar-carros-fortes-em-campina-grande-sao-presos-durante-operacao-neste-sabado","status":"publish","type":"post","link":"https:\/\/sindaopcpb.org.br\/index.php\/2025\/06\/21\/sete-acusados-atacar-carros-fortes-em-campina-grande-sao-presos-durante-operacao-neste-sabado\/","title":{"rendered":"Sete acusados de atacar carros-fortes em Campina Grande s\u00e3o presos durante Opera\u00e7\u00e3o neste s\u00e1bado"},"content":{"rendered":"<p><img width=\"378\" height=\"264\" src=\"https:\/\/www.pbagora.com.br\/storage\/2025\/06\/Prisao-Draco.jpeg\" class=\"attachment-large size-large wp-post-image\" alt=\"\" style=\"margin-bottom: 20px;\" decoding=\"async\" loading=\"lazy\" srcset=\"https:\/\/www.pbagora.com.br\/storage\/2025\/06\/Prisao-Draco.jpeg 378w, https:\/\/www.pbagora.com.br\/storage\/2025\/06\/Prisao-Draco-300x210.jpeg 300w, https:\/\/www.pbagora.com.br\/storage\/2025\/06\/Prisao-Draco-150x105.jpeg 150w, https:\/\/www.pbagora.com.br\/storage\/2025\/06\/Prisao-Draco-80x56.jpeg 80w\" sizes=\"auto, (max-width: 378px) 100vw, 378px\" \/><\/p>\n<p>A Pol\u00edcia Civil da Para\u00edba prendeu neste s\u00e1bado (21), sete integrantes de organiza\u00e7\u00f5es criminosas que realizaram ataques a dois carros-fortes em Campina Grande. A opera\u00e7\u00e3o foi deflagrada pela Delegacia de Repress\u00e3o ao Crime Organizado (DRACO), o GAECO, a Delegacia de Roubos e Furtos (DRF) de Campina Grande, a Unintelpol e o Canil da PCPB.<\/p>\n\n\n\n<p>De acordo com as investiga\u00e7\u00f5es, os presos s\u00e3o de quadrilhas diferentes. Parte deles pertence ao grupo que tentou roubar dinheiro de um carro-forte em frente a uma ag\u00eancia banc\u00e1ria no bairro da Prata, em mar\u00e7o deste ano. Os outros s\u00e3o suspeitos de atacar um carro-forte no Centro de Campina, no dia 17 de junho.<\/p>\n\n\n\n<p>Al\u00e9m das pris\u00f5es, tamb\u00e9m foram apreendidas armas de fogo, muni\u00e7\u00f5es de fuzil e ve\u00edculos utilizados nos crimes.<\/p>\n\n\n\n<p><strong><em>Ascom Pol\u00edcia Civil<\/em><\/strong><\/p>\n","protected":false},"excerpt":{"rendered":"<p><img decoding=\"async\" width=\"378\" height=\"264\" src=\"https:\/\/www.pbagora.com.br\/storage\/2025\/06\/Prisao-Draco.jpeg\" class=\"attachment-large size-large wp-post-image\" alt=\"\" loading=\"lazy\" srcset=\"https:\/\/www.pbagora.com.br\/storage\/2025\/06\/Prisao-Draco.jpeg 378w, https:\/\/www.pbagora.com.br\/storage\/2025\/06\/Prisao-Draco-300x210.jpeg 300w, https:\/\/www.pbagora.com.br\/storage\/2025\/06\/Prisao-Draco-150x105.jpeg 150w, https:\/\/www.pbagora.com.br\/storage\/2025\/06\/Prisao-Draco-80x56.jpeg 80w\" sizes=\"auto, (max-width: 378px) 100vw, 378px\"><\/p>\n<p>A Pol\u00edcia Civil da Para\u00edba prendeu neste s\u00e1bado (21), sete integrantes de organiza\u00e7\u00f5es criminosas que realizaram ataques a\u2026<\/p>\n","protected":false},"author":123457,"featured_media":0,"comment_status":"closed","ping_status":"closed","sticky":false,"template":"","format":"standard","meta":{"advgb_blocks_editor_width":"","advgb_blocks_columns_visual_guide":"","footnotes":""},"categories":[34],"tags":[10841,35,10839],"class_list":["post-58151","post","type-post","status-publish","format-standard","hentry","category-g1","tag-destaque-centro-02","tag-g1","tag-policial"],"author_meta":{"display_name":"Reda\u00e7\u00e3o","author_link":"https:\/\/sindaopcpb.org.br\/author\/redacao\/"},"featured_img":null,"coauthors":[],"tax_additional":{"categories":{"linked":["<a href=\"https:\/\/sindaopcpb.org.br\/g1\/\" class=\"advgb-post-tax-term\">G1<\/a>"],"unlinked":["<span class=\"advgb-post-tax-term\">G1<\/span>"]},"tags":{"linked":["<a href=\"https:\/\/sindaopcpb.org.br\/g1\/\" class=\"advgb-post-tax-term\">Destaque Centro 02<\/a>","<a href=\"https:\/\/sindaopcpb.org.br\/g1\/\" class=\"advgb-post-tax-term\">g1<\/a>","<a href=\"https:\/\/sindaopcpb.org.br\/g1\/\" class=\"advgb-post-tax-term\">Policial<\/a>"],"unlinked":["<span class=\"advgb-post-tax-term\">Destaque Centro 02<\/span>","<span class=\"advgb-post-tax-term\">g1<\/span>","<span class=\"advgb-post-tax-term\">Policial<\/span>"]}},"comment_count":"0","relative_dates":{"created":"Publicado 10 meses atr\u00e1s","modified":"Atualizado 10 meses atr\u00e1s"},"absolute_dates":{"created":"Publicado em 21 de junho de 2025","modified":"Atualizado em 22 de junho de 2025"},"absolute_dates_time":{"created":"Publicado em 21 de junho de 2025 13:51","modified":"Atualizado em 22 de junho de 2025 08:00"},"featured_img_caption":"","series_order":"","_links":{"self":[{"href":"https:\/\/sindaopcpb.org.br\/index.php\/wp-json\/wp\/v2\/posts\/58151","targetHints":{"allow":["GET"]}}],"collection":[{"href":"https:\/\/sindaopcpb.org.br\/index.php\/wp-json\/wp\/v2\/posts"}],"about":[{"href":"https:\/\/sindaopcpb.org.br\/index.php\/wp-json\/wp\/v2\/types\/post"}],"author":[{"embeddable":true,"href":"https:\/\/sindaopcpb.org.br\/index.php\/wp-json\/wp\/v2\/users\/123457"}],"replies":[{"embeddable":true,"href":"https:\/\/sindaopcpb.org.br\/index.php\/wp-json\/wp\/v2\/comments?post=58151"}],"version-history":[{"count":4,"href":"https:\/\/sindaopcpb.org.br\/index.php\/wp-json\/wp\/v2\/posts\/58151\/revisions"}],"predecessor-version":[{"id":58160,"href":"https:\/\/sindaopcpb.org.br\/index.php\/wp-json\/wp\/v2\/posts\/58151\/revisions\/58160"}],"wp:attachment":[{"href":"https:\/\/sindaopcpb.org.br\/index.php\/wp-json\/wp\/v2\/media?parent=58151"}],"wp:term":[{"taxonomy":"category","embeddable":true,"href":"https:\/\/sindaopcpb.org.br\/index.php\/wp-json\/wp\/v2\/categories?post=58151"},{"taxonomy":"post_tag","embeddable":true,"href":"https:\/\/sindaopcpb.org.br\/index.php\/wp-json\/wp\/v2\/tags?post=58151"}],"curies":[{"name":"wp","href":"https:\/\/api.w.org\/{rel}","templated":true}]}}