{"id":58144,"date":"2025-06-21T10:26:12","date_gmt":"2025-06-21T13:26:12","guid":{"rendered":"https:\/\/www.pbagora.com.br\/?p=905173"},"modified":"2025-06-22T08:02:12","modified_gmt":"2025-06-22T11:02:12","slug":"motorista-derruba-poste-na-avenida-pedro-ii-e-foge-do-local-do-acidente","status":"publish","type":"post","link":"https:\/\/sindaopcpb.org.br\/index.php\/2025\/06\/21\/motorista-derruba-poste-na-avenida-pedro-ii-e-foge-do-local-do-acidente\/","title":{"rendered":"Motorista derruba poste na Avenida Pedro II e foge do local do acidente \u00a0"},"content":{"rendered":"<p><img width=\"1024\" height=\"576\" src=\"https:\/\/www.pbagora.com.br\/storage\/2025\/06\/WhatsApp-Image-2025-06-21-at-06.18.32-1-1024x576.jpeg\" class=\"attachment-large size-large wp-post-image\" alt=\"\" style=\"margin-bottom: 20px;\" decoding=\"async\" loading=\"lazy\" srcset=\"https:\/\/www.pbagora.com.br\/storage\/2025\/06\/WhatsApp-Image-2025-06-21-at-06.18.32-1-1024x576.jpeg 1024w, https:\/\/www.pbagora.com.br\/storage\/2025\/06\/WhatsApp-Image-2025-06-21-at-06.18.32-1-300x169.jpeg 300w, https:\/\/www.pbagora.com.br\/storage\/2025\/06\/WhatsApp-Image-2025-06-21-at-06.18.32-1-150x84.jpeg 150w, https:\/\/www.pbagora.com.br\/storage\/2025\/06\/WhatsApp-Image-2025-06-21-at-06.18.32-1-768x432.jpeg 768w, https:\/\/www.pbagora.com.br\/storage\/2025\/06\/WhatsApp-Image-2025-06-21-at-06.18.32-1-1536x864.jpeg 1536w, https:\/\/www.pbagora.com.br\/storage\/2025\/06\/WhatsApp-Image-2025-06-21-at-06.18.32-1-380x214.jpeg 380w, https:\/\/www.pbagora.com.br\/storage\/2025\/06\/WhatsApp-Image-2025-06-21-at-06.18.32-1-800x450.jpeg 800w, https:\/\/www.pbagora.com.br\/storage\/2025\/06\/WhatsApp-Image-2025-06-21-at-06.18.32-1-1160x652.jpeg 1160w, https:\/\/www.pbagora.com.br\/storage\/2025\/06\/WhatsApp-Image-2025-06-21-at-06.18.32-1-80x46.jpeg 80w, https:\/\/www.pbagora.com.br\/storage\/2025\/06\/WhatsApp-Image-2025-06-21-at-06.18.32-1-760x427.jpeg 760w, https:\/\/www.pbagora.com.br\/storage\/2025\/06\/WhatsApp-Image-2025-06-21-at-06.18.32-1-600x337.jpeg 600w, https:\/\/www.pbagora.com.br\/storage\/2025\/06\/WhatsApp-Image-2025-06-21-at-06.18.32-1.jpeg 1599w\" sizes=\"auto, (max-width: 1024px) 100vw, 1024px\" \/><\/p>\n<p>Um motorista perdeu o controle da dire\u00e7\u00e3o e derrubou um poste na manh\u00e3 deste s\u00e1bado (21), durante um acidente de tr\u00e2nsito registrado na Avenida Dom Pedro II, no bairro do Castelo Branco, em Jo\u00e3o Pessoa. De acordo com as equipes da Superintend\u00eancia Executiva de Mobilidade Urbana de Jo\u00e3o Pessoa (Semob-JP), o fato ocorreu no sentido bairro\u2013Centro, e o impacto foi t\u00e3o forte que o poste caiu no sentido oposto da via.<\/p>\n\n\n\n<p>Agentes de tr\u00e2nsito estiveram no local junto com policiais do Batalh\u00e3o de Tr\u00e2nsito da Para\u00edba (BPTran-PB) e profissionais da Energisa. A regi\u00e3o foi isolada para que o tr\u00e1fego de ve\u00edculo fosse reorganizado e os reparos na rede el\u00e9trica iniciados. Apesar dos danos materiais, n\u00e3o houve registro de feridos e o motorista fugiu do local.<\/p>\n\n\n\n<p>A ocorr\u00eancia segue sob investiga\u00e7\u00e3o e o condutor envolvido ainda n\u00e3o foi identificado.<\/p>\n\n\n\n<p><strong><em>PB Agora<\/em><\/strong><\/p>\n","protected":false},"excerpt":{"rendered":"<p><img loading=\"lazy\" decoding=\"async\" width=\"1024\" height=\"576\" src=\"https:\/\/www.pbagora.com.br\/storage\/2025\/06\/WhatsApp-Image-2025-06-21-at-06.18.32-1-1024x576.jpeg\" class=\"attachment-large size-large wp-post-image\" alt=\"\" srcset=\"https:\/\/www.pbagora.com.br\/storage\/2025\/06\/WhatsApp-Image-2025-06-21-at-06.18.32-1-1024x576.jpeg 1024w, https:\/\/www.pbagora.com.br\/storage\/2025\/06\/WhatsApp-Image-2025-06-21-at-06.18.32-1-300x169.jpeg 300w, https:\/\/www.pbagora.com.br\/storage\/2025\/06\/WhatsApp-Image-2025-06-21-at-06.18.32-1-150x84.jpeg 150w, https:\/\/www.pbagora.com.br\/storage\/2025\/06\/WhatsApp-Image-2025-06-21-at-06.18.32-1-768x432.jpeg 768w, https:\/\/www.pbagora.com.br\/storage\/2025\/06\/WhatsApp-Image-2025-06-21-at-06.18.32-1-1536x864.jpeg 1536w, https:\/\/www.pbagora.com.br\/storage\/2025\/06\/WhatsApp-Image-2025-06-21-at-06.18.32-1-380x214.jpeg 380w, https:\/\/www.pbagora.com.br\/storage\/2025\/06\/WhatsApp-Image-2025-06-21-at-06.18.32-1-800x450.jpeg 800w, https:\/\/www.pbagora.com.br\/storage\/2025\/06\/WhatsApp-Image-2025-06-21-at-06.18.32-1-1160x652.jpeg 1160w, https:\/\/www.pbagora.com.br\/storage\/2025\/06\/WhatsApp-Image-2025-06-21-at-06.18.32-1-80x46.jpeg 80w, https:\/\/www.pbagora.com.br\/storage\/2025\/06\/WhatsApp-Image-2025-06-21-at-06.18.32-1-760x427.jpeg 760w, https:\/\/www.pbagora.com.br\/storage\/2025\/06\/WhatsApp-Image-2025-06-21-at-06.18.32-1-600x337.jpeg 600w, https:\/\/www.pbagora.com.br\/storage\/2025\/06\/WhatsApp-Image-2025-06-21-at-06.18.32-1.jpeg 1599w\" sizes=\"auto, (max-width: 1024px) 100vw, 1024px\"><\/p>\n<p>Um motorista perdeu o controle da dire\u00e7\u00e3o e derrubou um poste na manh\u00e3 deste s\u00e1bado (21), durante um\u2026<\/p>\n","protected":false},"author":123457,"featured_media":0,"comment_status":"closed","ping_status":"closed","sticky":false,"template":"","format":"standard","meta":{"advgb_blocks_editor_width":"","advgb_blocks_columns_visual_guide":"","footnotes":""},"categories":[34],"tags":[35,10839,10850],"class_list":["post-58144","post","type-post","status-publish","format-standard","hentry","category-g1","tag-g1","tag-policial","tag-voceviu"],"author_meta":{"display_name":"Reda\u00e7\u00e3o","author_link":"https:\/\/sindaopcpb.org.br\/author\/redacao\/"},"featured_img":null,"coauthors":[],"tax_additional":{"categories":{"linked":["<a href=\"https:\/\/sindaopcpb.org.br\/g1\/\" class=\"advgb-post-tax-term\">G1<\/a>"],"unlinked":["<span class=\"advgb-post-tax-term\">G1<\/span>"]},"tags":{"linked":["<a href=\"https:\/\/sindaopcpb.org.br\/g1\/\" class=\"advgb-post-tax-term\">g1<\/a>","<a href=\"https:\/\/sindaopcpb.org.br\/g1\/\" class=\"advgb-post-tax-term\">Policial<\/a>","<a href=\"https:\/\/sindaopcpb.org.br\/g1\/\" class=\"advgb-post-tax-term\">Voceviu?<\/a>"],"unlinked":["<span class=\"advgb-post-tax-term\">g1<\/span>","<span class=\"advgb-post-tax-term\">Policial<\/span>","<span class=\"advgb-post-tax-term\">Voceviu?<\/span>"]}},"comment_count":"0","relative_dates":{"created":"Publicado 10 meses atr\u00e1s","modified":"Atualizado 10 meses atr\u00e1s"},"absolute_dates":{"created":"Publicado em 21 de junho de 2025","modified":"Atualizado em 22 de junho de 2025"},"absolute_dates_time":{"created":"Publicado em 21 de junho de 2025 10:26","modified":"Atualizado em 22 de junho de 2025 08:02"},"featured_img_caption":"","series_order":"","_links":{"self":[{"href":"https:\/\/sindaopcpb.org.br\/index.php\/wp-json\/wp\/v2\/posts\/58144","targetHints":{"allow":["GET"]}}],"collection":[{"href":"https:\/\/sindaopcpb.org.br\/index.php\/wp-json\/wp\/v2\/posts"}],"about":[{"href":"https:\/\/sindaopcpb.org.br\/index.php\/wp-json\/wp\/v2\/types\/post"}],"author":[{"embeddable":true,"href":"https:\/\/sindaopcpb.org.br\/index.php\/wp-json\/wp\/v2\/users\/123457"}],"replies":[{"embeddable":true,"href":"https:\/\/sindaopcpb.org.br\/index.php\/wp-json\/wp\/v2\/comments?post=58144"}],"version-history":[{"count":5,"href":"https:\/\/sindaopcpb.org.br\/index.php\/wp-json\/wp\/v2\/posts\/58144\/revisions"}],"predecessor-version":[{"id":58169,"href":"https:\/\/sindaopcpb.org.br\/index.php\/wp-json\/wp\/v2\/posts\/58144\/revisions\/58169"}],"wp:attachment":[{"href":"https:\/\/sindaopcpb.org.br\/index.php\/wp-json\/wp\/v2\/media?parent=58144"}],"wp:term":[{"taxonomy":"category","embeddable":true,"href":"https:\/\/sindaopcpb.org.br\/index.php\/wp-json\/wp\/v2\/categories?post=58144"},{"taxonomy":"post_tag","embeddable":true,"href":"https:\/\/sindaopcpb.org.br\/index.php\/wp-json\/wp\/v2\/tags?post=58144"}],"curies":[{"name":"wp","href":"https:\/\/api.w.org\/{rel}","templated":true}]}}