{"id":58126,"date":"2025-06-20T08:53:23","date_gmt":"2025-06-20T11:53:23","guid":{"rendered":"https:\/\/www.pbagora.com.br\/?p=905041"},"modified":"2025-06-20T08:53:23","modified_gmt":"2025-06-20T11:53:23","slug":"prf-apreende-69-kg-de-drogas-durante-fiscalizacao-na-br-230-em-patos","status":"publish","type":"post","link":"https:\/\/sindaopcpb.org.br\/index.php\/2025\/06\/20\/prf-apreende-69-kg-de-drogas-durante-fiscalizacao-na-br-230-em-patos\/","title":{"rendered":"PRF apreende 69 kg de drogas durante fiscaliza\u00e7\u00e3o na BR-230 em Patos"},"content":{"rendered":"<p><img width=\"576\" height=\"1024\" src=\"https:\/\/www.pbagora.com.br\/storage\/2025\/06\/WhatsApp-Image-2025-06-20-at-07.49.13-576x1024.jpeg\" class=\"attachment-large size-large wp-post-image\" alt=\"\" style=\"margin-bottom: 20px;\" decoding=\"async\" srcset=\"https:\/\/www.pbagora.com.br\/storage\/2025\/06\/WhatsApp-Image-2025-06-20-at-07.49.13-576x1024.jpeg 576w, https:\/\/www.pbagora.com.br\/storage\/2025\/06\/WhatsApp-Image-2025-06-20-at-07.49.13-169x300.jpeg 169w, https:\/\/www.pbagora.com.br\/storage\/2025\/06\/WhatsApp-Image-2025-06-20-at-07.49.13-84x150.jpeg 84w, https:\/\/www.pbagora.com.br\/storage\/2025\/06\/WhatsApp-Image-2025-06-20-at-07.49.13-768x1365.jpeg 768w, https:\/\/www.pbagora.com.br\/storage\/2025\/06\/WhatsApp-Image-2025-06-20-at-07.49.13-864x1536.jpeg 864w, https:\/\/www.pbagora.com.br\/storage\/2025\/06\/WhatsApp-Image-2025-06-20-at-07.49.13-1152x2048.jpeg 1152w, https:\/\/www.pbagora.com.br\/storage\/2025\/06\/WhatsApp-Image-2025-06-20-at-07.49.13-380x676.jpeg 380w, https:\/\/www.pbagora.com.br\/storage\/2025\/06\/WhatsApp-Image-2025-06-20-at-07.49.13-800x1422.jpeg 800w, https:\/\/www.pbagora.com.br\/storage\/2025\/06\/WhatsApp-Image-2025-06-20-at-07.49.13-1160x2062.jpeg 1160w, https:\/\/www.pbagora.com.br\/storage\/2025\/06\/WhatsApp-Image-2025-06-20-at-07.49.13-80x142.jpeg 80w, https:\/\/www.pbagora.com.br\/storage\/2025\/06\/WhatsApp-Image-2025-06-20-at-07.49.13-45x80.jpeg 45w, https:\/\/www.pbagora.com.br\/storage\/2025\/06\/WhatsApp-Image-2025-06-20-at-07.49.13-1728x3072.jpeg 1728w, https:\/\/www.pbagora.com.br\/storage\/2025\/06\/WhatsApp-Image-2025-06-20-at-07.49.13-760x1351.jpeg 760w, https:\/\/www.pbagora.com.br\/storage\/2025\/06\/WhatsApp-Image-2025-06-20-at-07.49.13-338x600.jpeg 338w, https:\/\/www.pbagora.com.br\/storage\/2025\/06\/WhatsApp-Image-2025-06-20-at-07.49.13-scaled.jpeg 1440w\" sizes=\"(max-width: 576px) 100vw, 576px\" \/><\/p>\n<p><\/p>\n\n\n\n<p>Durante uma fiscaliza\u00e7\u00e3o de rotina na noite de ontem quinta-feira (19), por volta das 22h, equipes da Pol\u00edcia Rodovi\u00e1ria Federal (PRF), que refor\u00e7am a Opera\u00e7\u00e3o Festejos Juninos, realizaram uma grande apreens\u00e3o de drogas na BR-230, nas proximidades do km 336 em Patos, no Sert\u00e3o da Para\u00edba.<\/p>\n\n\n\n<p>A abordagem aconteceu ap\u00f3s a equipe dar ordem de parada a um ve\u00edculo modelo VW Polo, cor cinza, que trafegava pela rodovia. A ordem foi atendida pelo condutor. Durante a verifica\u00e7\u00e3o de itens de seguran\u00e7a, como pneus, sistema de ilumina\u00e7\u00e3o e documenta\u00e7\u00e3o, os policiais solicitaram a abertura do porta-malas para confer\u00eancia do estepe.<\/p>\n\n\n\n<p>Ao abrir o compartimento, a equipe encontrou uma grande quantidade de tabletes contendo subst\u00e2ncias an\u00e1logas a entorpecentes. Questionado, o motorista admitiu que se tratava de drogas.<\/p>\n\n\n\n<p>No total, foram apreendidos aproximadamente 45 quilos de coca\u00edna, distribu\u00eddos em 45 tabletes; 19 quilos de crack, tamb\u00e9m em formato de tabletes; e 5 quilos de maconha. O condutor informou que transportava o material de Pombal (PB) com destino ao bairro de Mangabeira, em Jo\u00e3o Pessoa, onde faria a entrega a uma terceira pessoa. Se calando sobre mais detalhes.<\/p>\n\n\n\n<p>Diante da situa\u00e7\u00e3o, o motorista recebeu voz de pris\u00e3o em flagrante. Ele foi encaminhado, junto com o ve\u00edculo e o material il\u00edcito, \u00e0 Delegacia da Pol\u00edcia Civil em Patos (PB) para continuidade da investiga\u00e7\u00e3o.<\/p>\n\n\n\n<p>Essa apreens\u00e3o refor\u00e7a o firme compromisso da PRF na Para\u00edba no combate ao crime organizado. Nas \u00faltimas semanas, a atua\u00e7\u00e3o da corpora\u00e7\u00e3o tem resultado em sucessivas apreens\u00f5es de grandes quantidades de drogas em diferentes regi\u00f5es do estado, evidenciando o esfor\u00e7o cont\u00ednuo para coibir o tr\u00e1fico e garantir mais seguran\u00e7a \u00e0 popula\u00e7\u00e3o paraibana.<\/p>\n\n\n\n<p>A a\u00e7\u00e3o integra os esfor\u00e7os da Opera\u00e7\u00e3o Festejos Juninos, que intensifica o policiamento nas rodovias federais durante o per\u00edodo das festas em toda nossa Para\u00edba.<\/p>\n\n\n\n<p>Reda\u00e7\u00e3o com assessoria<\/p>\n","protected":false},"excerpt":{"rendered":"<p><img loading=\"lazy\" decoding=\"async\" width=\"576\" height=\"1024\" src=\"https:\/\/www.pbagora.com.br\/storage\/2025\/06\/WhatsApp-Image-2025-06-20-at-07.49.13-576x1024.jpeg\" class=\"attachment-large size-large wp-post-image\" alt=\"\" srcset=\"https:\/\/www.pbagora.com.br\/storage\/2025\/06\/WhatsApp-Image-2025-06-20-at-07.49.13-576x1024.jpeg 576w, https:\/\/www.pbagora.com.br\/storage\/2025\/06\/WhatsApp-Image-2025-06-20-at-07.49.13-169x300.jpeg 169w, https:\/\/www.pbagora.com.br\/storage\/2025\/06\/WhatsApp-Image-2025-06-20-at-07.49.13-84x150.jpeg 84w, https:\/\/www.pbagora.com.br\/storage\/2025\/06\/WhatsApp-Image-2025-06-20-at-07.49.13-768x1365.jpeg 768w, https:\/\/www.pbagora.com.br\/storage\/2025\/06\/WhatsApp-Image-2025-06-20-at-07.49.13-864x1536.jpeg 864w, https:\/\/www.pbagora.com.br\/storage\/2025\/06\/WhatsApp-Image-2025-06-20-at-07.49.13-1152x2048.jpeg 1152w, https:\/\/www.pbagora.com.br\/storage\/2025\/06\/WhatsApp-Image-2025-06-20-at-07.49.13-380x676.jpeg 380w, https:\/\/www.pbagora.com.br\/storage\/2025\/06\/WhatsApp-Image-2025-06-20-at-07.49.13-800x1422.jpeg 800w, https:\/\/www.pbagora.com.br\/storage\/2025\/06\/WhatsApp-Image-2025-06-20-at-07.49.13-1160x2062.jpeg 1160w, https:\/\/www.pbagora.com.br\/storage\/2025\/06\/WhatsApp-Image-2025-06-20-at-07.49.13-80x142.jpeg 80w, https:\/\/www.pbagora.com.br\/storage\/2025\/06\/WhatsApp-Image-2025-06-20-at-07.49.13-45x80.jpeg 45w, https:\/\/www.pbagora.com.br\/storage\/2025\/06\/WhatsApp-Image-2025-06-20-at-07.49.13-1728x3072.jpeg 1728w, https:\/\/www.pbagora.com.br\/storage\/2025\/06\/WhatsApp-Image-2025-06-20-at-07.49.13-760x1351.jpeg 760w, https:\/\/www.pbagora.com.br\/storage\/2025\/06\/WhatsApp-Image-2025-06-20-at-07.49.13-338x600.jpeg 338w, https:\/\/www.pbagora.com.br\/storage\/2025\/06\/WhatsApp-Image-2025-06-20-at-07.49.13-scaled.jpeg 1440w\" sizes=\"auto, (max-width: 576px) 100vw, 576px\"><\/p>\n<p>Durante uma fiscaliza\u00e7\u00e3o de rotina na noite de ontem quinta-feira (19), por volta das 22h, equipes da Pol\u00edcia\u2026<\/p>\n","protected":false},"author":123457,"featured_media":0,"comment_status":"closed","ping_status":"closed","sticky":false,"template":"","format":"standard","meta":{"advgb_blocks_editor_width":"","advgb_blocks_columns_visual_guide":"","footnotes":""},"categories":[34],"tags":[35,10839,10842],"class_list":["post-58126","post","type-post","status-publish","format-standard","hentry","category-g1","tag-g1","tag-policial","tag-principal3"],"author_meta":{"display_name":"Reda\u00e7\u00e3o","author_link":"https:\/\/sindaopcpb.org.br\/author\/redacao\/"},"featured_img":null,"coauthors":[],"tax_additional":{"categories":{"linked":["<a href=\"https:\/\/sindaopcpb.org.br\/g1\/\" class=\"advgb-post-tax-term\">G1<\/a>"],"unlinked":["<span class=\"advgb-post-tax-term\">G1<\/span>"]},"tags":{"linked":["<a href=\"https:\/\/sindaopcpb.org.br\/g1\/\" class=\"advgb-post-tax-term\">g1<\/a>","<a href=\"https:\/\/sindaopcpb.org.br\/g1\/\" class=\"advgb-post-tax-term\">Policial<\/a>","<a href=\"https:\/\/sindaopcpb.org.br\/g1\/\" class=\"advgb-post-tax-term\">Principal3<\/a>"],"unlinked":["<span class=\"advgb-post-tax-term\">g1<\/span>","<span class=\"advgb-post-tax-term\">Policial<\/span>","<span class=\"advgb-post-tax-term\">Principal3<\/span>"]}},"comment_count":"0","relative_dates":{"created":"Publicado 10 meses atr\u00e1s","modified":"Atualizado 10 meses atr\u00e1s"},"absolute_dates":{"created":"Publicado em 20 de junho de 2025","modified":"Atualizado em 20 de junho de 2025"},"absolute_dates_time":{"created":"Publicado em 20 de junho de 2025 08:53","modified":"Atualizado em 20 de junho de 2025 08:53"},"featured_img_caption":"","series_order":"","_links":{"self":[{"href":"https:\/\/sindaopcpb.org.br\/index.php\/wp-json\/wp\/v2\/posts\/58126","targetHints":{"allow":["GET"]}}],"collection":[{"href":"https:\/\/sindaopcpb.org.br\/index.php\/wp-json\/wp\/v2\/posts"}],"about":[{"href":"https:\/\/sindaopcpb.org.br\/index.php\/wp-json\/wp\/v2\/types\/post"}],"author":[{"embeddable":true,"href":"https:\/\/sindaopcpb.org.br\/index.php\/wp-json\/wp\/v2\/users\/123457"}],"replies":[{"embeddable":true,"href":"https:\/\/sindaopcpb.org.br\/index.php\/wp-json\/wp\/v2\/comments?post=58126"}],"version-history":[{"count":3,"href":"https:\/\/sindaopcpb.org.br\/index.php\/wp-json\/wp\/v2\/posts\/58126\/revisions"}],"predecessor-version":[{"id":58137,"href":"https:\/\/sindaopcpb.org.br\/index.php\/wp-json\/wp\/v2\/posts\/58126\/revisions\/58137"}],"wp:attachment":[{"href":"https:\/\/sindaopcpb.org.br\/index.php\/wp-json\/wp\/v2\/media?parent=58126"}],"wp:term":[{"taxonomy":"category","embeddable":true,"href":"https:\/\/sindaopcpb.org.br\/index.php\/wp-json\/wp\/v2\/categories?post=58126"},{"taxonomy":"post_tag","embeddable":true,"href":"https:\/\/sindaopcpb.org.br\/index.php\/wp-json\/wp\/v2\/tags?post=58126"}],"curies":[{"name":"wp","href":"https:\/\/api.w.org\/{rel}","templated":true}]}}