{"id":57721,"date":"2025-06-04T11:23:02","date_gmt":"2025-06-04T14:23:02","guid":{"rendered":"https:\/\/www.pbagora.com.br\/?p=902780"},"modified":"2025-06-04T11:23:02","modified_gmt":"2025-06-04T14:23:02","slug":"quarto-suspeito-de-assalto-que-deixou-um-morto-e-quatro-feridos-em-campina-grande-e-preso","status":"publish","type":"post","link":"https:\/\/sindaopcpb.org.br\/index.php\/2025\/06\/04\/quarto-suspeito-de-assalto-que-deixou-um-morto-e-quatro-feridos-em-campina-grande-e-preso\/","title":{"rendered":"Quarto suspeito de assalto que deixou um morto e quatro feridos em Campina Grande \u00e9 preso"},"content":{"rendered":"<p><img width=\"984\" height=\"738\" src=\"https:\/\/www.pbagora.com.br\/storage\/2025\/06\/carro-crime.avif\" class=\"attachment-large size-large wp-post-image\" alt=\"\" style=\"margin-bottom: 20px;\" decoding=\"async\" srcset=\"https:\/\/www.pbagora.com.br\/storage\/2025\/06\/carro-crime.avif 984w, https:\/\/www.pbagora.com.br\/storage\/2025\/06\/carro-crime-300x225.avif 300w, https:\/\/www.pbagora.com.br\/storage\/2025\/06\/carro-crime-150x113.avif 150w, https:\/\/www.pbagora.com.br\/storage\/2025\/06\/carro-crime-768x576.avif 768w, https:\/\/www.pbagora.com.br\/storage\/2025\/06\/carro-crime-200x150.avif 200w, https:\/\/www.pbagora.com.br\/storage\/2025\/06\/carro-crime-260x195.avif 260w, https:\/\/www.pbagora.com.br\/storage\/2025\/06\/carro-crime-380x285.avif 380w, https:\/\/www.pbagora.com.br\/storage\/2025\/06\/carro-crime-800x600.avif 800w, https:\/\/www.pbagora.com.br\/storage\/2025\/06\/carro-crime-80x60.avif 80w, https:\/\/www.pbagora.com.br\/storage\/2025\/06\/carro-crime-600x450.avif 600w, https:\/\/www.pbagora.com.br\/storage\/2025\/06\/carro-crime-520x390.avif 520w, https:\/\/www.pbagora.com.br\/storage\/2025\/06\/carro-crime-760x570.avif 760w\" sizes=\"(max-width: 984px) 100vw, 984px\" \/><\/p>\n<p>Foi preso nessa ter\u00e7a-feira (03) o quarto suspeito de participar de um assalto que terminou de forma tr\u00e1gica no bairro Alto Branco, em Campina Grande. O crime aconteceu na manh\u00e3 da segunda-feira (02) e deixou um morto e quatro pessoas feridas.<\/p>\n\n\n\n<p>De acordo com as informa\u00e7\u00f5es o homem foi localizado no bairro Presidente M\u00e9dici, onde mora, ap\u00f3s a an\u00e1lise de imagens de c\u00e2meras de seguran\u00e7a. Durante a abordagem, ele confessou participa\u00e7\u00e3o no crime. No local, a pol\u00edcia tamb\u00e9m apreendeu a roupa usada por ele durante o assalto, confirmando sua presen\u00e7a na cena.<\/p>\n\n\n\n<p>O crime ocorreu na manh\u00e3 de segunda-feira (02), quando um grupo de cinco homens armados invadiu a resid\u00eancia de um empres\u00e1rio no bairro Alto Branco. Os suspeitos renderam a v\u00edtima no momento em que ela sa\u00eda da garagem, roubaram um cofre e fugiram levando tamb\u00e9m o carro do morador.<\/p>\n\n\n\n<p>Durante a fuga, os criminosos se depararam com viaturas da Pol\u00edcia Militar. Ao desobedecerem a ordem de parada, os suspeitos efetuaram disparos contra os policiais, que revidaram. Houve intensa troca de tiros, que resultou em feridos, inclusive entre pessoas que passavam pela rua.<\/p>\n\n\n\n<p>Um jovem de 22 anos, identificado como Daniel Nunes, foi atingido por um disparo e morreu no local. Segundo familiares, ele era estudante e havia sa\u00eddo de casa para tomar uma vacina. No momento em que foi baleado, Daniel conversava com um agente de sa\u00fade, que tamb\u00e9m ficou ferido de rasp\u00e3o, mas n\u00e3o precisou ser levado ao hospital.<\/p>\n\n\n\n<p>Outra v\u00edtima, uma mulher de 33 anos que estava dentro de um carro de aplicativo, foi ferida por estilha\u00e7os de vidro, sofreu ferimentos leves e foi socorrida.<\/p>\n\n\n\n<p>Al\u00e9m dela, tr\u00eas dos suspeitos ficaram feridos na troca de tiros. Eles foram levados para o Hospital de Emerg\u00eancia e Trauma de Campina Grande. Um dos criminosos foi baleado no rosto e passou por cirurgia em estado grave. Os outros dois foram atingidos na cabe\u00e7a, nas pernas, nos bra\u00e7os e nas costas, mas est\u00e3o est\u00e1veis e sem risco de morte. Um deles j\u00e1 recebeu alta e est\u00e1 \u00e0 disposi\u00e7\u00e3o da Justi\u00e7a.<\/p>\n\n\n\n<p>O cofre roubado foi recuperado durante a a\u00e7\u00e3o, assim como uma arma de fogo que estava em posse dos suspeitos. No entanto, o carro levado da resid\u00eancia da v\u00edtima ainda n\u00e3o foi localizado.<\/p>\n\n\n\n<p><strong><em>PB Agora<\/em><\/strong><\/p>\n","protected":false},"excerpt":{"rendered":"<p><img loading=\"lazy\" decoding=\"async\" width=\"984\" height=\"738\" src=\"https:\/\/www.pbagora.com.br\/storage\/2025\/06\/carro-crime.avif\" class=\"attachment-large size-large wp-post-image\" alt=\"\" srcset=\"https:\/\/www.pbagora.com.br\/storage\/2025\/06\/carro-crime.avif 984w, https:\/\/www.pbagora.com.br\/storage\/2025\/06\/carro-crime-300x225.avif 300w, https:\/\/www.pbagora.com.br\/storage\/2025\/06\/carro-crime-150x113.avif 150w, https:\/\/www.pbagora.com.br\/storage\/2025\/06\/carro-crime-768x576.avif 768w, https:\/\/www.pbagora.com.br\/storage\/2025\/06\/carro-crime-200x150.avif 200w, https:\/\/www.pbagora.com.br\/storage\/2025\/06\/carro-crime-260x195.avif 260w, https:\/\/www.pbagora.com.br\/storage\/2025\/06\/carro-crime-380x285.avif 380w, https:\/\/www.pbagora.com.br\/storage\/2025\/06\/carro-crime-800x600.avif 800w, https:\/\/www.pbagora.com.br\/storage\/2025\/06\/carro-crime-80x60.avif 80w, https:\/\/www.pbagora.com.br\/storage\/2025\/06\/carro-crime-600x450.avif 600w, https:\/\/www.pbagora.com.br\/storage\/2025\/06\/carro-crime-520x390.avif 520w, https:\/\/www.pbagora.com.br\/storage\/2025\/06\/carro-crime-760x570.avif 760w\" sizes=\"auto, (max-width: 984px) 100vw, 984px\"><\/p>\n<p>Foi preso nessa ter\u00e7a-feira (03) o quarto suspeito de participar de um assalto que terminou de forma tr\u00e1gica\u2026<\/p>\n","protected":false},"author":123457,"featured_media":0,"comment_status":"closed","ping_status":"closed","sticky":false,"template":"","format":"standard","meta":{"advgb_blocks_editor_width":"","advgb_blocks_columns_visual_guide":"","footnotes":""},"categories":[34],"tags":[35,10839,10842],"class_list":["post-57721","post","type-post","status-publish","format-standard","hentry","category-g1","tag-g1","tag-policial","tag-principal3"],"author_meta":{"display_name":"Reda\u00e7\u00e3o","author_link":"https:\/\/sindaopcpb.org.br\/author\/redacao\/"},"featured_img":null,"coauthors":[],"tax_additional":{"categories":{"linked":["<a href=\"https:\/\/sindaopcpb.org.br\/g1\/\" class=\"advgb-post-tax-term\">G1<\/a>"],"unlinked":["<span class=\"advgb-post-tax-term\">G1<\/span>"]},"tags":{"linked":["<a href=\"https:\/\/sindaopcpb.org.br\/g1\/\" class=\"advgb-post-tax-term\">g1<\/a>","<a href=\"https:\/\/sindaopcpb.org.br\/g1\/\" class=\"advgb-post-tax-term\">Policial<\/a>","<a href=\"https:\/\/sindaopcpb.org.br\/g1\/\" class=\"advgb-post-tax-term\">Principal3<\/a>"],"unlinked":["<span class=\"advgb-post-tax-term\">g1<\/span>","<span class=\"advgb-post-tax-term\">Policial<\/span>","<span class=\"advgb-post-tax-term\">Principal3<\/span>"]}},"comment_count":"0","relative_dates":{"created":"Publicado 11 meses atr\u00e1s","modified":"Atualizado 11 meses atr\u00e1s"},"absolute_dates":{"created":"Publicado em 4 de junho de 2025","modified":"Atualizado em 4 de junho de 2025"},"absolute_dates_time":{"created":"Publicado em 4 de junho de 2025 11:23","modified":"Atualizado em 4 de junho de 2025 11:23"},"featured_img_caption":"","series_order":"","_links":{"self":[{"href":"https:\/\/sindaopcpb.org.br\/index.php\/wp-json\/wp\/v2\/posts\/57721","targetHints":{"allow":["GET"]}}],"collection":[{"href":"https:\/\/sindaopcpb.org.br\/index.php\/wp-json\/wp\/v2\/posts"}],"about":[{"href":"https:\/\/sindaopcpb.org.br\/index.php\/wp-json\/wp\/v2\/types\/post"}],"author":[{"embeddable":true,"href":"https:\/\/sindaopcpb.org.br\/index.php\/wp-json\/wp\/v2\/users\/123457"}],"replies":[{"embeddable":true,"href":"https:\/\/sindaopcpb.org.br\/index.php\/wp-json\/wp\/v2\/comments?post=57721"}],"version-history":[{"count":3,"href":"https:\/\/sindaopcpb.org.br\/index.php\/wp-json\/wp\/v2\/posts\/57721\/revisions"}],"predecessor-version":[{"id":57733,"href":"https:\/\/sindaopcpb.org.br\/index.php\/wp-json\/wp\/v2\/posts\/57721\/revisions\/57733"}],"wp:attachment":[{"href":"https:\/\/sindaopcpb.org.br\/index.php\/wp-json\/wp\/v2\/media?parent=57721"}],"wp:term":[{"taxonomy":"category","embeddable":true,"href":"https:\/\/sindaopcpb.org.br\/index.php\/wp-json\/wp\/v2\/categories?post=57721"},{"taxonomy":"post_tag","embeddable":true,"href":"https:\/\/sindaopcpb.org.br\/index.php\/wp-json\/wp\/v2\/tags?post=57721"}],"curies":[{"name":"wp","href":"https:\/\/api.w.org\/{rel}","templated":true}]}}